{"id":9985,"date":"2024-03-17T11:39:05","date_gmt":"2024-03-17T10:39:05","guid":{"rendered":"https:\/\/przylep.edu.pl\/przedszkole\/?p=9985"},"modified":"2024-03-17T11:39:08","modified_gmt":"2024-03-17T10:39:08","slug":"dzien-matematyki-w-przedszkolu","status":"publish","type":"post","link":"https:\/\/przylep.edu.pl\/przedszkole\/2024\/03\/17\/dzien-matematyki-w-przedszkolu\/","title":{"rendered":"Dzie\u0144 matematyki w przedszkolu"},"content":{"rendered":"\n<p>Matematyka otacza nas wsz\u0119dzie i mamy z ni\u0105 do czynienia w niemal ka\u017cdym aspekcie naszego \u017cycia. Jako kr\u00f3lowa nauk ma swoje \u015bwi\u0119to, kt\u00f3re przypada na dzie\u0144 14 Marca. \u2028<\/p>\n\n\n\n<p>Przedszkolaki uczestniczy\u0142y w zabawach matematycznych dostosowanych do ich wieku. Zabawy matematyczne w przedszkolu s\u0105 fundamentem logicznego my\u015blenia, ale przede wszystkim bawi\u0105, ucz\u0105 i rozwijaj\u0105.<\/p>\n\n\n\n<figure class=\"wp-block-gallery has-nested-images columns-default is-cropped wp-block-gallery-1 is-layout-flex wp-block-gallery-is-layout-flex\">\n<figure class=\"wp-block-image size-large\"><img loading=\"lazy\" decoding=\"async\" width=\"766\" height=\"1024\" data-id=\"9986\" src=\"https:\/\/przylep.edu.pl\/przedszkole\/wp-content\/uploads\/2024\/03\/59d3e3d7-1490-40cc-8e36-3408045da2e4-766x1024.jpg\" alt=\"\" class=\"wp-image-9986\" srcset=\"https:\/\/przylep.edu.pl\/przedszkole\/wp-content\/uploads\/2024\/03\/59d3e3d7-1490-40cc-8e36-3408045da2e4-766x1024.jpg 766w, https:\/\/przylep.edu.pl\/przedszkole\/wp-content\/uploads\/2024\/03\/59d3e3d7-1490-40cc-8e36-3408045da2e4-224x300.jpg 224w, https:\/\/przylep.edu.pl\/przedszkole\/wp-content\/uploads\/2024\/03\/59d3e3d7-1490-40cc-8e36-3408045da2e4-768x1027.jpg 768w, https:\/\/przylep.edu.pl\/przedszkole\/wp-content\/uploads\/2024\/03\/59d3e3d7-1490-40cc-8e36-3408045da2e4-1149x1536.jpg 1149w, https:\/\/przylep.edu.pl\/przedszkole\/wp-content\/uploads\/2024\/03\/59d3e3d7-1490-40cc-8e36-3408045da2e4.jpg 1496w\" sizes=\"auto, (max-width: 766px) 100vw, 766px\" \/><\/figure>\n\n\n\n<figure class=\"wp-block-image size-large\"><img loading=\"lazy\" decoding=\"async\" width=\"768\" height=\"1024\" data-id=\"9987\" src=\"https:\/\/przylep.edu.pl\/przedszkole\/wp-content\/uploads\/2024\/03\/431603087_936967737868021_3010164614387819358_n-768x1024.jpg\" alt=\"\" class=\"wp-image-9987\" srcset=\"https:\/\/przylep.edu.pl\/przedszkole\/wp-content\/uploads\/2024\/03\/431603087_936967737868021_3010164614387819358_n-768x1024.jpg 768w, https:\/\/przylep.edu.pl\/przedszkole\/wp-content\/uploads\/2024\/03\/431603087_936967737868021_3010164614387819358_n-225x300.jpg 225w, https:\/\/przylep.edu.pl\/przedszkole\/wp-content\/uploads\/2024\/03\/431603087_936967737868021_3010164614387819358_n-1152x1536.jpg 1152w, https:\/\/przylep.edu.pl\/przedszkole\/wp-content\/uploads\/2024\/03\/431603087_936967737868021_3010164614387819358_n.jpg 1350w\" sizes=\"auto, (max-width: 768px) 100vw, 768px\" \/><\/figure>\n<\/figure>\n\n\n\n<figure class=\"wp-block-gallery has-nested-images columns-default is-cropped wp-block-gallery-2 is-layout-flex wp-block-gallery-is-layout-flex\">\n<figure class=\"wp-block-image size-large\"><img loading=\"lazy\" decoding=\"async\" width=\"1024\" height=\"766\" data-id=\"9988\" src=\"https:\/\/przylep.edu.pl\/przedszkole\/wp-content\/uploads\/2024\/03\/2b063bf2-1820-4fb7-9a5c-4fa3ca4abe26-1024x766.jpg\" alt=\"\" class=\"wp-image-9988\" srcset=\"https:\/\/przylep.edu.pl\/przedszkole\/wp-content\/uploads\/2024\/03\/2b063bf2-1820-4fb7-9a5c-4fa3ca4abe26-1024x766.jpg 1024w, https:\/\/przylep.edu.pl\/przedszkole\/wp-content\/uploads\/2024\/03\/2b063bf2-1820-4fb7-9a5c-4fa3ca4abe26-300x224.jpg 300w, https:\/\/przylep.edu.pl\/przedszkole\/wp-content\/uploads\/2024\/03\/2b063bf2-1820-4fb7-9a5c-4fa3ca4abe26-768x574.jpg 768w, https:\/\/przylep.edu.pl\/przedszkole\/wp-content\/uploads\/2024\/03\/2b063bf2-1820-4fb7-9a5c-4fa3ca4abe26-1536x1149.jpg 1536w, https:\/\/przylep.edu.pl\/przedszkole\/wp-content\/uploads\/2024\/03\/2b063bf2-1820-4fb7-9a5c-4fa3ca4abe26-600x450.jpg 600w, https:\/\/przylep.edu.pl\/przedszkole\/wp-content\/uploads\/2024\/03\/2b063bf2-1820-4fb7-9a5c-4fa3ca4abe26.jpg 2000w\" sizes=\"auto, (max-width: 1024px) 100vw, 1024px\" \/><\/figure>\n\n\n\n<figure class=\"wp-block-image size-large\"><img loading=\"lazy\" decoding=\"async\" width=\"1024\" height=\"766\" data-id=\"9989\" src=\"https:\/\/przylep.edu.pl\/przedszkole\/wp-content\/uploads\/2024\/03\/4e06845c-92a0-42ae-a4d3-21b0bc7cab08-1024x766.jpg\" alt=\"\" class=\"wp-image-9989\" srcset=\"https:\/\/przylep.edu.pl\/przedszkole\/wp-content\/uploads\/2024\/03\/4e06845c-92a0-42ae-a4d3-21b0bc7cab08-1024x766.jpg 1024w, https:\/\/przylep.edu.pl\/przedszkole\/wp-content\/uploads\/2024\/03\/4e06845c-92a0-42ae-a4d3-21b0bc7cab08-300x224.jpg 300w, https:\/\/przylep.edu.pl\/przedszkole\/wp-content\/uploads\/2024\/03\/4e06845c-92a0-42ae-a4d3-21b0bc7cab08-768x574.jpg 768w, https:\/\/przylep.edu.pl\/przedszkole\/wp-content\/uploads\/2024\/03\/4e06845c-92a0-42ae-a4d3-21b0bc7cab08-1536x1149.jpg 1536w, https:\/\/przylep.edu.pl\/przedszkole\/wp-content\/uploads\/2024\/03\/4e06845c-92a0-42ae-a4d3-21b0bc7cab08-600x450.jpg 600w, https:\/\/przylep.edu.pl\/przedszkole\/wp-content\/uploads\/2024\/03\/4e06845c-92a0-42ae-a4d3-21b0bc7cab08.jpg 2000w\" sizes=\"auto, (max-width: 1024px) 100vw, 1024px\" \/><\/figure>\n<\/figure>\n\n\n\n<figure class=\"wp-block-gallery has-nested-images columns-default is-cropped wp-block-gallery-3 is-layout-flex wp-block-gallery-is-layout-flex\">\n<figure class=\"wp-block-image size-large\"><img loading=\"lazy\" decoding=\"async\" width=\"1024\" height=\"768\" data-id=\"9990\" src=\"https:\/\/przylep.edu.pl\/przedszkole\/wp-content\/uploads\/2024\/03\/431617723_780504440204037_8270494487544659911_n-1024x768.jpg\" alt=\"\" class=\"wp-image-9990\" srcset=\"https:\/\/przylep.edu.pl\/przedszkole\/wp-content\/uploads\/2024\/03\/431617723_780504440204037_8270494487544659911_n-1024x768.jpg 1024w, https:\/\/przylep.edu.pl\/przedszkole\/wp-content\/uploads\/2024\/03\/431617723_780504440204037_8270494487544659911_n-300x225.jpg 300w, https:\/\/przylep.edu.pl\/przedszkole\/wp-content\/uploads\/2024\/03\/431617723_780504440204037_8270494487544659911_n-768x576.jpg 768w, https:\/\/przylep.edu.pl\/przedszkole\/wp-content\/uploads\/2024\/03\/431617723_780504440204037_8270494487544659911_n-1536x1152.jpg 1536w, https:\/\/przylep.edu.pl\/przedszkole\/wp-content\/uploads\/2024\/03\/431617723_780504440204037_8270494487544659911_n-600x450.jpg 600w, https:\/\/przylep.edu.pl\/przedszkole\/wp-content\/uploads\/2024\/03\/431617723_780504440204037_8270494487544659911_n.jpg 2000w\" sizes=\"auto, (max-width: 1024px) 100vw, 1024px\" \/><\/figure>\n<\/figure>\n\n\n\n<figure class=\"wp-block-gallery has-nested-images columns-default is-cropped wp-block-gallery-4 is-layout-flex wp-block-gallery-is-layout-flex\">\n<figure class=\"wp-block-image size-large\"><img loading=\"lazy\" decoding=\"async\" width=\"768\" height=\"1024\" data-id=\"9992\" src=\"https:\/\/przylep.edu.pl\/przedszkole\/wp-content\/uploads\/2024\/03\/432226371_1376863523033163_8108035629444867471_n-768x1024.jpg\" alt=\"\" class=\"wp-image-9992\" srcset=\"https:\/\/przylep.edu.pl\/przedszkole\/wp-content\/uploads\/2024\/03\/432226371_1376863523033163_8108035629444867471_n-768x1024.jpg 768w, https:\/\/przylep.edu.pl\/przedszkole\/wp-content\/uploads\/2024\/03\/432226371_1376863523033163_8108035629444867471_n-225x300.jpg 225w, https:\/\/przylep.edu.pl\/przedszkole\/wp-content\/uploads\/2024\/03\/432226371_1376863523033163_8108035629444867471_n-1152x1536.jpg 1152w, https:\/\/przylep.edu.pl\/przedszkole\/wp-content\/uploads\/2024\/03\/432226371_1376863523033163_8108035629444867471_n.jpg 1500w\" sizes=\"auto, (max-width: 768px) 100vw, 768px\" \/><\/figure>\n\n\n\n<figure class=\"wp-block-image size-large\"><img loading=\"lazy\" decoding=\"async\" width=\"766\" height=\"1024\" data-id=\"9991\" src=\"https:\/\/przylep.edu.pl\/przedszkole\/wp-content\/uploads\/2024\/03\/fee99ba1-5020-4871-beed-d07e57fda82a-766x1024.jpg\" alt=\"\" class=\"wp-image-9991\" srcset=\"https:\/\/przylep.edu.pl\/przedszkole\/wp-content\/uploads\/2024\/03\/fee99ba1-5020-4871-beed-d07e57fda82a-766x1024.jpg 766w, https:\/\/przylep.edu.pl\/przedszkole\/wp-content\/uploads\/2024\/03\/fee99ba1-5020-4871-beed-d07e57fda82a-224x300.jpg 224w, https:\/\/przylep.edu.pl\/przedszkole\/wp-content\/uploads\/2024\/03\/fee99ba1-5020-4871-beed-d07e57fda82a-768x1027.jpg 768w, https:\/\/przylep.edu.pl\/przedszkole\/wp-content\/uploads\/2024\/03\/fee99ba1-5020-4871-beed-d07e57fda82a-1149x1536.jpg 1149w, https:\/\/przylep.edu.pl\/przedszkole\/wp-content\/uploads\/2024\/03\/fee99ba1-5020-4871-beed-d07e57fda82a.jpg 1496w\" sizes=\"auto, (max-width: 766px) 100vw, 766px\" \/><\/figure>\n<\/figure>\n\n\n\n<figure class=\"wp-block-gallery has-nested-images columns-default is-cropped wp-block-gallery-5 is-layout-flex wp-block-gallery-is-layout-flex\">\n<figure class=\"wp-block-image size-large\"><img loading=\"lazy\" decoding=\"async\" width=\"768\" height=\"1024\" data-id=\"9993\" src=\"https:\/\/przylep.edu.pl\/przedszkole\/wp-content\/uploads\/2024\/03\/431617720_1523498501561464_7322720684641031014_n-768x1024.jpg\" alt=\"\" class=\"wp-image-9993\" srcset=\"https:\/\/przylep.edu.pl\/przedszkole\/wp-content\/uploads\/2024\/03\/431617720_1523498501561464_7322720684641031014_n-768x1024.jpg 768w, https:\/\/przylep.edu.pl\/przedszkole\/wp-content\/uploads\/2024\/03\/431617720_1523498501561464_7322720684641031014_n-225x300.jpg 225w, https:\/\/przylep.edu.pl\/przedszkole\/wp-content\/uploads\/2024\/03\/431617720_1523498501561464_7322720684641031014_n-1152x1536.jpg 1152w, https:\/\/przylep.edu.pl\/przedszkole\/wp-content\/uploads\/2024\/03\/431617720_1523498501561464_7322720684641031014_n.jpg 1536w\" sizes=\"auto, (max-width: 768px) 100vw, 768px\" \/><\/figure>\n\n\n\n<figure class=\"wp-block-image size-large\"><img loading=\"lazy\" decoding=\"async\" width=\"768\" height=\"1024\" data-id=\"9994\" src=\"https:\/\/przylep.edu.pl\/przedszkole\/wp-content\/uploads\/2024\/03\/432004438_3730255533874267_1568096952994926324_n-768x1024.jpg\" alt=\"\" class=\"wp-image-9994\" srcset=\"https:\/\/przylep.edu.pl\/przedszkole\/wp-content\/uploads\/2024\/03\/432004438_3730255533874267_1568096952994926324_n-768x1024.jpg 768w, https:\/\/przylep.edu.pl\/przedszkole\/wp-content\/uploads\/2024\/03\/432004438_3730255533874267_1568096952994926324_n-225x300.jpg 225w, https:\/\/przylep.edu.pl\/przedszkole\/wp-content\/uploads\/2024\/03\/432004438_3730255533874267_1568096952994926324_n-1152x1536.jpg 1152w, https:\/\/przylep.edu.pl\/przedszkole\/wp-content\/uploads\/2024\/03\/432004438_3730255533874267_1568096952994926324_n.jpg 1500w\" sizes=\"auto, (max-width: 768px) 100vw, 768px\" \/><\/figure>\n<\/figure>\n\n\n\n<figure class=\"wp-block-gallery has-nested-images columns-default is-cropped wp-block-gallery-6 is-layout-flex wp-block-gallery-is-layout-flex\"><\/figure>\n","protected":false},"excerpt":{"rendered":"<p>Matematyka otacza nas wsz\u0119dzie i mamy z ni\u0105 do czynienia w niemal ka\u017cdym aspekcie naszego \u017cycia. Jako kr\u00f3lowa nauk ma swoje \u015bwi\u0119to, kt\u00f3re przypada na dzie\u0144 14 Marca. \u2028 Przedszkolaki uczestniczy\u0142y w zabawach matematycznych dostosowanych do ich wieku. Zabawy matematyczne w przedszkolu s\u0105 fundamentem logicznego my\u015blenia, ale przede wszystkim bawi\u0105, ucz\u0105 i rozwijaj\u0105.<\/p>\n","protected":false},"author":2,"featured_media":9997,"comment_status":"closed","ping_status":"open","sticky":false,"template":"","format":"standard","meta":{"footnotes":""},"categories":[45,41,40],"tags":[],"class_list":["post-9985","post","type-post","status-publish","format-standard","has-post-thumbnail","hentry","category-aktualnosci","category-galerie","category-strona-glowna"],"_links":{"self":[{"href":"https:\/\/przylep.edu.pl\/przedszkole\/wp-json\/wp\/v2\/posts\/9985","targetHints":{"allow":["GET"]}}],"collection":[{"href":"https:\/\/przylep.edu.pl\/przedszkole\/wp-json\/wp\/v2\/posts"}],"about":[{"href":"https:\/\/przylep.edu.pl\/przedszkole\/wp-json\/wp\/v2\/types\/post"}],"author":[{"embeddable":true,"href":"https:\/\/przylep.edu.pl\/przedszkole\/wp-json\/wp\/v2\/users\/2"}],"replies":[{"embeddable":true,"href":"https:\/\/przylep.edu.pl\/przedszkole\/wp-json\/wp\/v2\/comments?post=9985"}],"version-history":[{"count":1,"href":"https:\/\/przylep.edu.pl\/przedszkole\/wp-json\/wp\/v2\/posts\/9985\/revisions"}],"predecessor-version":[{"id":9998,"href":"https:\/\/przylep.edu.pl\/przedszkole\/wp-json\/wp\/v2\/posts\/9985\/revisions\/9998"}],"wp:featuredmedia":[{"embeddable":true,"href":"https:\/\/przylep.edu.pl\/przedszkole\/wp-json\/wp\/v2\/media\/9997"}],"wp:attachment":[{"href":"https:\/\/przylep.edu.pl\/przedszkole\/wp-json\/wp\/v2\/media?parent=9985"}],"wp:term":[{"taxonomy":"category","embeddable":true,"href":"https:\/\/przylep.edu.pl\/przedszkole\/wp-json\/wp\/v2\/categories?post=9985"},{"taxonomy":"post_tag","embeddable":true,"href":"https:\/\/przylep.edu.pl\/przedszkole\/wp-json\/wp\/v2\/tags?post=9985"}],"curies":[{"name":"wp","href":"https:\/\/api.w.org\/{rel}","templated":true}]}}