{"id":9963,"date":"2024-03-08T12:46:19","date_gmt":"2024-03-08T11:46:19","guid":{"rendered":"https:\/\/przylep.edu.pl\/przedszkole\/?p=9963"},"modified":"2024-03-27T10:43:40","modified_gmt":"2024-03-27T09:43:40","slug":"podsumowanie-akcji-talenciaki","status":"publish","type":"post","link":"https:\/\/przylep.edu.pl\/przedszkole\/2024\/03\/08\/podsumowanie-akcji-talenciaki\/","title":{"rendered":"Podsumowanie akcji Talenciaki"},"content":{"rendered":"\n<p>We wrze\u015bniu nasza plac\u00f3wka wzi\u0119\u0142a udzia\u0142 w II edycji \u201eTalenciak\u00f3w\u201d organizowanym przez sklep Lidl. Za ka\u017cde wydane 50z\u0142 na zakupy mo\u017cna by\u0142o uzyska\u0107 1 talenciaka. Do akcji w\u0142\u0105czyli si\u0119 pracownicy, rodzice, dziadkowie oraz wszyscy Ci, kt\u00f3rzy r\u00f3\u017cnymi drogami dowiedzieli si\u0119 o akcji. Dzi\u0119ki Pa\u0144stwa zaanga\u017cowaniu w tym roku uda\u0142o nam si\u0119 zebra\u0107 7450 talenciak\u00f3w. Punkty zosta\u0142y przeznaczone na: &#8211; zestaw 40 jajek grzechotek w pude\u0142ku &#8211; Zestaw Cubo &#8211; Zestaw klepsydr &#8211; Zestaw 30 chust do \u017conglowania x2 &#8211; Chusta animacyjna 6m &#8211; Szafka z klockami du\u017ca &#8211; Zestaw 12 pi\u0142eczek do \u017conglowania Wszystkie przedmioty b\u0119d\u0105 uatrakcyjnia\u0107 zabawy swobodne dzieci oraz zaj\u0119cia dydaktyczne.<\/p>\n\n\n\n<figure class=\"wp-block-gallery has-nested-images columns-default is-cropped wp-block-gallery-1 is-layout-flex wp-block-gallery-is-layout-flex\">\n<figure class=\"wp-block-image size-large\"><img loading=\"lazy\" decoding=\"async\" width=\"768\" height=\"1024\" data-id=\"9964\" src=\"https:\/\/przylep.edu.pl\/przedszkole\/wp-content\/uploads\/2024\/03\/1b6a6c2b-c244-4736-adff-0da98e874d57-768x1024.jpg\" alt=\"\" class=\"wp-image-9964\" srcset=\"https:\/\/przylep.edu.pl\/przedszkole\/wp-content\/uploads\/2024\/03\/1b6a6c2b-c244-4736-adff-0da98e874d57-768x1024.jpg 768w, https:\/\/przylep.edu.pl\/przedszkole\/wp-content\/uploads\/2024\/03\/1b6a6c2b-c244-4736-adff-0da98e874d57-225x300.jpg 225w, https:\/\/przylep.edu.pl\/przedszkole\/wp-content\/uploads\/2024\/03\/1b6a6c2b-c244-4736-adff-0da98e874d57-1152x1536.jpg 1152w, https:\/\/przylep.edu.pl\/przedszkole\/wp-content\/uploads\/2024\/03\/1b6a6c2b-c244-4736-adff-0da98e874d57.jpg 1536w\" sizes=\"auto, (max-width: 768px) 100vw, 768px\" \/><\/figure>\n<\/figure>\n\n\n\n<figure class=\"wp-block-gallery has-nested-images columns-default is-cropped wp-block-gallery-2 is-layout-flex wp-block-gallery-is-layout-flex\">\n<figure class=\"wp-block-image size-large\"><img loading=\"lazy\" decoding=\"async\" width=\"1024\" height=\"768\" data-id=\"9965\" src=\"https:\/\/przylep.edu.pl\/przedszkole\/wp-content\/uploads\/2024\/03\/7ec194c2-ff81-4829-b83f-b0dbed975f4b-1024x768.jpg\" alt=\"\" class=\"wp-image-9965\" srcset=\"https:\/\/przylep.edu.pl\/przedszkole\/wp-content\/uploads\/2024\/03\/7ec194c2-ff81-4829-b83f-b0dbed975f4b-1024x768.jpg 1024w, https:\/\/przylep.edu.pl\/przedszkole\/wp-content\/uploads\/2024\/03\/7ec194c2-ff81-4829-b83f-b0dbed975f4b-300x225.jpg 300w, https:\/\/przylep.edu.pl\/przedszkole\/wp-content\/uploads\/2024\/03\/7ec194c2-ff81-4829-b83f-b0dbed975f4b-768x576.jpg 768w, https:\/\/przylep.edu.pl\/przedszkole\/wp-content\/uploads\/2024\/03\/7ec194c2-ff81-4829-b83f-b0dbed975f4b-1536x1152.jpg 1536w, https:\/\/przylep.edu.pl\/przedszkole\/wp-content\/uploads\/2024\/03\/7ec194c2-ff81-4829-b83f-b0dbed975f4b-600x450.jpg 600w, https:\/\/przylep.edu.pl\/przedszkole\/wp-content\/uploads\/2024\/03\/7ec194c2-ff81-4829-b83f-b0dbed975f4b.jpg 2048w\" sizes=\"auto, (max-width: 1024px) 100vw, 1024px\" \/><\/figure>\n<\/figure>\n","protected":false},"excerpt":{"rendered":"<p>We wrze\u015bniu nasza plac\u00f3wka wzi\u0119\u0142a udzia\u0142 w II edycji \u201eTalenciak\u00f3w\u201d organizowanym przez sklep Lidl. Za ka\u017cde wydane 50z\u0142 na zakupy mo\u017cna by\u0142o uzyska\u0107 1 talenciaka. Do akcji w\u0142\u0105czyli si\u0119 pracownicy, rodzice, dziadkowie oraz wszyscy Ci, kt\u00f3rzy r\u00f3\u017cnymi drogami dowiedzieli si\u0119 o akcji. Dzi\u0119ki Pa\u0144stwa zaanga\u017cowaniu w tym roku uda\u0142o nam si\u0119 zebra\u0107 7450 talenciak\u00f3w. Punkty [&hellip;]<\/p>\n","protected":false},"author":2,"featured_media":9966,"comment_status":"closed","ping_status":"open","sticky":false,"template":"","format":"standard","meta":{"footnotes":""},"categories":[45,41,40],"tags":[],"class_list":["post-9963","post","type-post","status-publish","format-standard","has-post-thumbnail","hentry","category-aktualnosci","category-galerie","category-strona-glowna"],"_links":{"self":[{"href":"https:\/\/przylep.edu.pl\/przedszkole\/wp-json\/wp\/v2\/posts\/9963","targetHints":{"allow":["GET"]}}],"collection":[{"href":"https:\/\/przylep.edu.pl\/przedszkole\/wp-json\/wp\/v2\/posts"}],"about":[{"href":"https:\/\/przylep.edu.pl\/przedszkole\/wp-json\/wp\/v2\/types\/post"}],"author":[{"embeddable":true,"href":"https:\/\/przylep.edu.pl\/przedszkole\/wp-json\/wp\/v2\/users\/2"}],"replies":[{"embeddable":true,"href":"https:\/\/przylep.edu.pl\/przedszkole\/wp-json\/wp\/v2\/comments?post=9963"}],"version-history":[{"count":1,"href":"https:\/\/przylep.edu.pl\/przedszkole\/wp-json\/wp\/v2\/posts\/9963\/revisions"}],"predecessor-version":[{"id":9967,"href":"https:\/\/przylep.edu.pl\/przedszkole\/wp-json\/wp\/v2\/posts\/9963\/revisions\/9967"}],"wp:featuredmedia":[{"embeddable":true,"href":"https:\/\/przylep.edu.pl\/przedszkole\/wp-json\/wp\/v2\/media\/9966"}],"wp:attachment":[{"href":"https:\/\/przylep.edu.pl\/przedszkole\/wp-json\/wp\/v2\/media?parent=9963"}],"wp:term":[{"taxonomy":"category","embeddable":true,"href":"https:\/\/przylep.edu.pl\/przedszkole\/wp-json\/wp\/v2\/categories?post=9963"},{"taxonomy":"post_tag","embeddable":true,"href":"https:\/\/przylep.edu.pl\/przedszkole\/wp-json\/wp\/v2\/tags?post=9963"}],"curies":[{"name":"wp","href":"https:\/\/api.w.org\/{rel}","templated":true}]}}