{"id":9864,"date":"2024-02-21T21:17:38","date_gmt":"2024-02-21T20:17:38","guid":{"rendered":"https:\/\/przylep.edu.pl\/przedszkole\/?p=9864"},"modified":"2024-03-27T10:44:27","modified_gmt":"2024-03-27T09:44:27","slug":"wlaczac-czy-wlanczac","status":"publish","type":"post","link":"https:\/\/przylep.edu.pl\/przedszkole\/2024\/02\/21\/wlaczac-czy-wlanczac\/","title":{"rendered":"W\u0142\u0105cza\u0107 czy w\u0142ancza\u0107?"},"content":{"rendered":"\n<p> Mi\u0119dzynarodowy Dzie\u0144 J\u0119zyka Ojczystego w naszej szkole 21 lutego obchodzimy Mi\u0119dzynarodowy Dzie\u0144 J\u0119zyka Ojczystego. Uczniowie klasy 4 a uczcili ten dzie\u0144 powtarzaj\u0105c materia\u0142 oraz poznaj\u0105c ciekawostki j\u0119zykowe w niekonwencjonalny spos\u00f3b. \u015awietnie bawili si\u0119, rozwi\u0105zuj\u0105c zadania z poszczeg\u00f3lnych stacji zadaniowych. Dowiedzieli si\u0119, jak brzmi pierwsze zdanie zapisane w j\u0119zyku polskim, utrwalili pisowni\u0119 trudnych wyraz\u00f3w, rozwi\u0105zywali rebusy, a tak\u017ce poznali zwi\u0105zki frazeologiczne. Wiedz\u0105, \u017ce nie warto m\u00f3wi\u0107 tego, co \u015blina na j\u0119zyk przyniesie.<\/p>\n\n\n\n<p> Monika Olsz\u00f3wka-Pawlonka<\/p>\n\n\n\n<figure class=\"wp-block-gallery has-nested-images columns-2 is-cropped wp-block-gallery-1 is-layout-flex wp-block-gallery-is-layout-flex\">\n<figure class=\"wp-block-image size-large\"><img loading=\"lazy\" decoding=\"async\" width=\"828\" height=\"621\" data-id=\"9870\" src=\"https:\/\/przylep.edu.pl\/przedszkole\/wp-content\/uploads\/2024\/02\/423063051_690795756465705_6423056157734485532_n.jpg\" alt=\"\" class=\"wp-image-9870\" srcset=\"https:\/\/przylep.edu.pl\/przedszkole\/wp-content\/uploads\/2024\/02\/423063051_690795756465705_6423056157734485532_n.jpg 828w, https:\/\/przylep.edu.pl\/przedszkole\/wp-content\/uploads\/2024\/02\/423063051_690795756465705_6423056157734485532_n-300x225.jpg 300w, https:\/\/przylep.edu.pl\/przedszkole\/wp-content\/uploads\/2024\/02\/423063051_690795756465705_6423056157734485532_n-768x576.jpg 768w, https:\/\/przylep.edu.pl\/przedszkole\/wp-content\/uploads\/2024\/02\/423063051_690795756465705_6423056157734485532_n-600x450.jpg 600w\" sizes=\"auto, (max-width: 828px) 100vw, 828px\" \/><\/figure>\n\n\n\n<figure class=\"wp-block-image size-large\"><img loading=\"lazy\" decoding=\"async\" width=\"768\" height=\"1024\" data-id=\"9866\" src=\"https:\/\/przylep.edu.pl\/przedszkole\/wp-content\/uploads\/2024\/02\/423063102_1431395090781052_6579231506578369681_n-768x1024.jpg\" alt=\"\" class=\"wp-image-9866\" srcset=\"https:\/\/przylep.edu.pl\/przedszkole\/wp-content\/uploads\/2024\/02\/423063102_1431395090781052_6579231506578369681_n-768x1024.jpg 768w, https:\/\/przylep.edu.pl\/przedszkole\/wp-content\/uploads\/2024\/02\/423063102_1431395090781052_6579231506578369681_n-225x300.jpg 225w, https:\/\/przylep.edu.pl\/przedszkole\/wp-content\/uploads\/2024\/02\/423063102_1431395090781052_6579231506578369681_n.jpg 828w\" sizes=\"auto, (max-width: 768px) 100vw, 768px\" \/><\/figure>\n\n\n\n<figure class=\"wp-block-image size-large\"><img loading=\"lazy\" decoding=\"async\" width=\"768\" height=\"1024\" data-id=\"9869\" src=\"https:\/\/przylep.edu.pl\/przedszkole\/wp-content\/uploads\/2024\/02\/423105690_1097726631474779_516023074883128816_n-768x1024.jpg\" alt=\"\" class=\"wp-image-9869\" srcset=\"https:\/\/przylep.edu.pl\/przedszkole\/wp-content\/uploads\/2024\/02\/423105690_1097726631474779_516023074883128816_n-768x1024.jpg 768w, https:\/\/przylep.edu.pl\/przedszkole\/wp-content\/uploads\/2024\/02\/423105690_1097726631474779_516023074883128816_n-225x300.jpg 225w, https:\/\/przylep.edu.pl\/przedszkole\/wp-content\/uploads\/2024\/02\/423105690_1097726631474779_516023074883128816_n.jpg 828w\" sizes=\"auto, (max-width: 768px) 100vw, 768px\" \/><\/figure>\n\n\n\n<figure class=\"wp-block-image size-large\"><img loading=\"lazy\" decoding=\"async\" width=\"768\" height=\"1024\" data-id=\"9868\" src=\"https:\/\/przylep.edu.pl\/przedszkole\/wp-content\/uploads\/2024\/02\/423147373_782080593766538_5193901173556723070_n-768x1024.jpg\" alt=\"\" class=\"wp-image-9868\" srcset=\"https:\/\/przylep.edu.pl\/przedszkole\/wp-content\/uploads\/2024\/02\/423147373_782080593766538_5193901173556723070_n-768x1024.jpg 768w, https:\/\/przylep.edu.pl\/przedszkole\/wp-content\/uploads\/2024\/02\/423147373_782080593766538_5193901173556723070_n-225x300.jpg 225w, https:\/\/przylep.edu.pl\/przedszkole\/wp-content\/uploads\/2024\/02\/423147373_782080593766538_5193901173556723070_n.jpg 828w\" sizes=\"auto, (max-width: 768px) 100vw, 768px\" \/><\/figure>\n\n\n\n<figure class=\"wp-block-image size-large\"><img loading=\"lazy\" decoding=\"async\" width=\"768\" height=\"1024\" data-id=\"9867\" src=\"https:\/\/przylep.edu.pl\/przedszkole\/wp-content\/uploads\/2024\/02\/423147573_936758437636921_8468794754318054869_n-768x1024.jpg\" alt=\"\" class=\"wp-image-9867\" srcset=\"https:\/\/przylep.edu.pl\/przedszkole\/wp-content\/uploads\/2024\/02\/423147573_936758437636921_8468794754318054869_n-768x1024.jpg 768w, https:\/\/przylep.edu.pl\/przedszkole\/wp-content\/uploads\/2024\/02\/423147573_936758437636921_8468794754318054869_n-225x300.jpg 225w, https:\/\/przylep.edu.pl\/przedszkole\/wp-content\/uploads\/2024\/02\/423147573_936758437636921_8468794754318054869_n.jpg 828w\" sizes=\"auto, (max-width: 768px) 100vw, 768px\" \/><\/figure>\n\n\n\n<figure class=\"wp-block-image size-large\"><img loading=\"lazy\" decoding=\"async\" width=\"645\" height=\"1024\" data-id=\"9871\" src=\"https:\/\/przylep.edu.pl\/przedszkole\/wp-content\/uploads\/2024\/02\/423454621_1155060118752463_4134204541893200631_n-645x1024.jpg\" alt=\"\" class=\"wp-image-9871\" srcset=\"https:\/\/przylep.edu.pl\/przedszkole\/wp-content\/uploads\/2024\/02\/423454621_1155060118752463_4134204541893200631_n-645x1024.jpg 645w, https:\/\/przylep.edu.pl\/przedszkole\/wp-content\/uploads\/2024\/02\/423454621_1155060118752463_4134204541893200631_n-189x300.jpg 189w, https:\/\/przylep.edu.pl\/przedszkole\/wp-content\/uploads\/2024\/02\/423454621_1155060118752463_4134204541893200631_n-768x1219.jpg 768w, https:\/\/przylep.edu.pl\/przedszkole\/wp-content\/uploads\/2024\/02\/423454621_1155060118752463_4134204541893200631_n.jpg 828w\" sizes=\"auto, (max-width: 645px) 100vw, 645px\" \/><\/figure>\n<\/figure>\n\n\n\n<figure class=\"wp-block-gallery has-nested-images columns-2 is-cropped wp-block-gallery-2 is-layout-flex wp-block-gallery-is-layout-flex\">\n<figure class=\"wp-block-image size-large\"><img loading=\"lazy\" decoding=\"async\" width=\"768\" height=\"1024\" data-id=\"9872\" src=\"https:\/\/przylep.edu.pl\/przedszkole\/wp-content\/uploads\/2024\/02\/423105710_803050808504897_4385793413771964342_n-768x1024.jpg\" alt=\"\" class=\"wp-image-9872\" srcset=\"https:\/\/przylep.edu.pl\/przedszkole\/wp-content\/uploads\/2024\/02\/423105710_803050808504897_4385793413771964342_n-768x1024.jpg 768w, https:\/\/przylep.edu.pl\/przedszkole\/wp-content\/uploads\/2024\/02\/423105710_803050808504897_4385793413771964342_n-225x300.jpg 225w, https:\/\/przylep.edu.pl\/przedszkole\/wp-content\/uploads\/2024\/02\/423105710_803050808504897_4385793413771964342_n.jpg 828w\" sizes=\"auto, (max-width: 768px) 100vw, 768px\" \/><\/figure>\n\n\n\n<figure class=\"wp-block-image size-large\"><img loading=\"lazy\" decoding=\"async\" width=\"768\" height=\"1024\" data-id=\"9874\" src=\"https:\/\/przylep.edu.pl\/przedszkole\/wp-content\/uploads\/2024\/02\/423105847_359089727096281_2263062178665807073_n-768x1024.jpg\" alt=\"\" class=\"wp-image-9874\" srcset=\"https:\/\/przylep.edu.pl\/przedszkole\/wp-content\/uploads\/2024\/02\/423105847_359089727096281_2263062178665807073_n-768x1024.jpg 768w, https:\/\/przylep.edu.pl\/przedszkole\/wp-content\/uploads\/2024\/02\/423105847_359089727096281_2263062178665807073_n-225x300.jpg 225w, https:\/\/przylep.edu.pl\/przedszkole\/wp-content\/uploads\/2024\/02\/423105847_359089727096281_2263062178665807073_n.jpg 828w\" sizes=\"auto, (max-width: 768px) 100vw, 768px\" \/><\/figure>\n\n\n\n<figure class=\"wp-block-image size-large\"><img loading=\"lazy\" decoding=\"async\" width=\"768\" height=\"1024\" data-id=\"9873\" src=\"https:\/\/przylep.edu.pl\/przedszkole\/wp-content\/uploads\/2024\/02\/423472285_302099442524202_44044833123747443_n-768x1024.jpg\" alt=\"\" class=\"wp-image-9873\" srcset=\"https:\/\/przylep.edu.pl\/przedszkole\/wp-content\/uploads\/2024\/02\/423472285_302099442524202_44044833123747443_n-768x1024.jpg 768w, https:\/\/przylep.edu.pl\/przedszkole\/wp-content\/uploads\/2024\/02\/423472285_302099442524202_44044833123747443_n-225x300.jpg 225w, https:\/\/przylep.edu.pl\/przedszkole\/wp-content\/uploads\/2024\/02\/423472285_302099442524202_44044833123747443_n.jpg 828w\" sizes=\"auto, (max-width: 768px) 100vw, 768px\" \/><\/figure>\n\n\n\n<figure class=\"wp-block-image size-large\"><img loading=\"lazy\" decoding=\"async\" width=\"473\" height=\"1024\" data-id=\"9875\" src=\"https:\/\/przylep.edu.pl\/przedszkole\/wp-content\/uploads\/2024\/02\/423472356_1367637247223806_7706014414365989137_n-473x1024.jpg\" alt=\"\" class=\"wp-image-9875\" srcset=\"https:\/\/przylep.edu.pl\/przedszkole\/wp-content\/uploads\/2024\/02\/423472356_1367637247223806_7706014414365989137_n-473x1024.jpg 473w, https:\/\/przylep.edu.pl\/przedszkole\/wp-content\/uploads\/2024\/02\/423472356_1367637247223806_7706014414365989137_n-139x300.jpg 139w, https:\/\/przylep.edu.pl\/przedszkole\/wp-content\/uploads\/2024\/02\/423472356_1367637247223806_7706014414365989137_n-768x1662.jpg 768w, https:\/\/przylep.edu.pl\/przedszkole\/wp-content\/uploads\/2024\/02\/423472356_1367637247223806_7706014414365989137_n-710x1536.jpg 710w, https:\/\/przylep.edu.pl\/przedszkole\/wp-content\/uploads\/2024\/02\/423472356_1367637247223806_7706014414365989137_n.jpg 828w\" sizes=\"auto, (max-width: 473px) 100vw, 473px\" \/><\/figure>\n<\/figure>\n\n\n\n<figure class=\"wp-block-gallery has-nested-images columns-2 is-cropped wp-block-gallery-3 is-layout-flex wp-block-gallery-is-layout-flex\">\n<figure class=\"wp-block-image size-large\"><img loading=\"lazy\" decoding=\"async\" width=\"768\" height=\"1024\" data-id=\"9876\" src=\"https:\/\/przylep.edu.pl\/przedszkole\/wp-content\/uploads\/2024\/02\/423541849_1614037572743351_1561994764469421153_n-768x1024.jpg\" alt=\"\" class=\"wp-image-9876\" srcset=\"https:\/\/przylep.edu.pl\/przedszkole\/wp-content\/uploads\/2024\/02\/423541849_1614037572743351_1561994764469421153_n-768x1024.jpg 768w, https:\/\/przylep.edu.pl\/przedszkole\/wp-content\/uploads\/2024\/02\/423541849_1614037572743351_1561994764469421153_n-225x300.jpg 225w, https:\/\/przylep.edu.pl\/przedszkole\/wp-content\/uploads\/2024\/02\/423541849_1614037572743351_1561994764469421153_n.jpg 828w\" sizes=\"auto, (max-width: 768px) 100vw, 768px\" \/><\/figure>\n\n\n\n<figure class=\"wp-block-image size-large\"><img loading=\"lazy\" decoding=\"async\" width=\"669\" height=\"1024\" data-id=\"9877\" src=\"https:\/\/przylep.edu.pl\/przedszkole\/wp-content\/uploads\/2024\/02\/423542089_939793233844535_7283096569869522782_n-669x1024.jpg\" alt=\"\" class=\"wp-image-9877\" srcset=\"https:\/\/przylep.edu.pl\/przedszkole\/wp-content\/uploads\/2024\/02\/423542089_939793233844535_7283096569869522782_n-669x1024.jpg 669w, https:\/\/przylep.edu.pl\/przedszkole\/wp-content\/uploads\/2024\/02\/423542089_939793233844535_7283096569869522782_n-196x300.jpg 196w, https:\/\/przylep.edu.pl\/przedszkole\/wp-content\/uploads\/2024\/02\/423542089_939793233844535_7283096569869522782_n-768x1176.jpg 768w, https:\/\/przylep.edu.pl\/przedszkole\/wp-content\/uploads\/2024\/02\/423542089_939793233844535_7283096569869522782_n.jpg 828w\" sizes=\"auto, (max-width: 669px) 100vw, 669px\" \/><\/figure>\n\n\n\n<figure class=\"wp-block-image size-large\"><img loading=\"lazy\" decoding=\"async\" width=\"768\" height=\"1024\" data-id=\"9878\" src=\"https:\/\/przylep.edu.pl\/przedszkole\/wp-content\/uploads\/2024\/02\/423686887_1136549504032328_4938683979806999119_n-768x1024.jpg\" alt=\"\" class=\"wp-image-9878\" srcset=\"https:\/\/przylep.edu.pl\/przedszkole\/wp-content\/uploads\/2024\/02\/423686887_1136549504032328_4938683979806999119_n-768x1024.jpg 768w, https:\/\/przylep.edu.pl\/przedszkole\/wp-content\/uploads\/2024\/02\/423686887_1136549504032328_4938683979806999119_n-225x300.jpg 225w, https:\/\/przylep.edu.pl\/przedszkole\/wp-content\/uploads\/2024\/02\/423686887_1136549504032328_4938683979806999119_n.jpg 828w\" sizes=\"auto, (max-width: 768px) 100vw, 768px\" \/><\/figure>\n\n\n\n<figure class=\"wp-block-image size-large\"><img loading=\"lazy\" decoding=\"async\" width=\"768\" height=\"1024\" data-id=\"9879\" src=\"https:\/\/przylep.edu.pl\/przedszkole\/wp-content\/uploads\/2024\/02\/423735658_6981140111992298_8189356342720329491_n-768x1024.jpg\" alt=\"\" class=\"wp-image-9879\" srcset=\"https:\/\/przylep.edu.pl\/przedszkole\/wp-content\/uploads\/2024\/02\/423735658_6981140111992298_8189356342720329491_n-768x1024.jpg 768w, https:\/\/przylep.edu.pl\/przedszkole\/wp-content\/uploads\/2024\/02\/423735658_6981140111992298_8189356342720329491_n-225x300.jpg 225w, https:\/\/przylep.edu.pl\/przedszkole\/wp-content\/uploads\/2024\/02\/423735658_6981140111992298_8189356342720329491_n.jpg 828w\" sizes=\"auto, (max-width: 768px) 100vw, 768px\" \/><\/figure>\n<\/figure>\n","protected":false},"excerpt":{"rendered":"<p>Mi\u0119dzynarodowy Dzie\u0144 J\u0119zyka Ojczystego w naszej szkole 21 lutego obchodzimy Mi\u0119dzynarodowy Dzie\u0144 J\u0119zyka Ojczystego. Uczniowie klasy 4 a uczcili ten dzie\u0144 powtarzaj\u0105c materia\u0142 oraz poznaj\u0105c ciekawostki j\u0119zykowe w niekonwencjonalny spos\u00f3b. \u015awietnie bawili si\u0119, rozwi\u0105zuj\u0105c zadania z poszczeg\u00f3lnych stacji zadaniowych. Dowiedzieli si\u0119, jak brzmi pierwsze zdanie zapisane w j\u0119zyku polskim, utrwalili pisowni\u0119 trudnych wyraz\u00f3w, rozwi\u0105zywali rebusy, [&hellip;]<\/p>\n","protected":false},"author":2,"featured_media":9865,"comment_status":"closed","ping_status":"open","sticky":false,"template":"","format":"standard","meta":{"footnotes":""},"categories":[45,41,40],"tags":[],"class_list":["post-9864","post","type-post","status-publish","format-standard","has-post-thumbnail","hentry","category-aktualnosci","category-galerie","category-strona-glowna"],"_links":{"self":[{"href":"https:\/\/przylep.edu.pl\/przedszkole\/wp-json\/wp\/v2\/posts\/9864","targetHints":{"allow":["GET"]}}],"collection":[{"href":"https:\/\/przylep.edu.pl\/przedszkole\/wp-json\/wp\/v2\/posts"}],"about":[{"href":"https:\/\/przylep.edu.pl\/przedszkole\/wp-json\/wp\/v2\/types\/post"}],"author":[{"embeddable":true,"href":"https:\/\/przylep.edu.pl\/przedszkole\/wp-json\/wp\/v2\/users\/2"}],"replies":[{"embeddable":true,"href":"https:\/\/przylep.edu.pl\/przedszkole\/wp-json\/wp\/v2\/comments?post=9864"}],"version-history":[{"count":1,"href":"https:\/\/przylep.edu.pl\/przedszkole\/wp-json\/wp\/v2\/posts\/9864\/revisions"}],"predecessor-version":[{"id":9880,"href":"https:\/\/przylep.edu.pl\/przedszkole\/wp-json\/wp\/v2\/posts\/9864\/revisions\/9880"}],"wp:featuredmedia":[{"embeddable":true,"href":"https:\/\/przylep.edu.pl\/przedszkole\/wp-json\/wp\/v2\/media\/9865"}],"wp:attachment":[{"href":"https:\/\/przylep.edu.pl\/przedszkole\/wp-json\/wp\/v2\/media?parent=9864"}],"wp:term":[{"taxonomy":"category","embeddable":true,"href":"https:\/\/przylep.edu.pl\/przedszkole\/wp-json\/wp\/v2\/categories?post=9864"},{"taxonomy":"post_tag","embeddable":true,"href":"https:\/\/przylep.edu.pl\/przedszkole\/wp-json\/wp\/v2\/tags?post=9864"}],"curies":[{"name":"wp","href":"https:\/\/api.w.org\/{rel}","templated":true}]}}