{"id":9851,"date":"2023-11-17T14:10:26","date_gmt":"2023-11-17T13:10:26","guid":{"rendered":"https:\/\/przylep.edu.pl\/przedszkole\/?p=9851"},"modified":"2024-03-17T11:21:42","modified_gmt":"2024-03-17T10:21:42","slug":"apel-z-okazji-swieta-niepodleglosci","status":"publish","type":"post","link":"https:\/\/przylep.edu.pl\/przedszkole\/2023\/11\/17\/apel-z-okazji-swieta-niepodleglosci\/","title":{"rendered":"Apel z okazji \u015awi\u0119ta Niepodleg\u0142o\u015bci"},"content":{"rendered":"\n<p>Corocznie, 11 listopada, obchodzimy Narodowe \u015awi\u0119to Niepodleg\u0142o\u015bci. W tym roku apel z tej okazji odby\u0142 si\u0119 9 listopada. Uczniowie naszej szko\u0142y uczestniczyli w uroczystej akademii przygotowanej przez uczni\u00f3w klasy 2 A oraz p. Natali\u0119 Budner. Przedstawiony monta\u017c s\u0142owno \u2013 muzyczny, kt\u00f3ry rozpocz\u0105\u0142 si\u0119 wsp\u00f3lnym od\u015bpiewaniem hymnu narodowego, dotyczy\u0142 historii naszego kraju, jej miast oraz upami\u0119tnia\u0142 odzyskanie przez Polsk\u0119 niepodleg\u0142o\u015bci w 1918 roku. Uczniowie z Przylepu mieli okazj\u0119 pozna\u0107 histori\u0119 obrazu z Jasnej G\u00f3ry, obejrze\u0107 legend\u0119 o Krakowie i wsp\u00f3lnie \u015bpiewa\u0107 wiele pie\u015bni o tematyce patriotycznej. Niespodziank\u0105 dla uczestnik\u00f3w by\u0142 wyst\u0119p p. Dyrektor, nauczycielek SP i p. Reni, kt\u00f3re wsp\u00f3lnie od\u015bpiewa\u0142y pie\u015b\u0144 \u201e\u017beby Polska by\u0142a Polsk\u0105\u201d. Na zako\u0144czenie Uczniowie 2 A zata\u0144czyli taniec z flagami. Kolejny raz prze\u017cyli\u015bmy wzruszenie i rado\u015b\u0107 z faktu, \u017ce po 123 latach niewoli, nasza ojczyzna powr\u00f3ci\u0142a na map\u0119 Europy.<\/p>\n\n\n\n<figure class=\"wp-block-gallery has-nested-images columns-default is-cropped wp-block-gallery-1 is-layout-flex wp-block-gallery-is-layout-flex\">\n<figure class=\"wp-block-image size-large\"><img loading=\"lazy\" decoding=\"async\" width=\"1024\" height=\"1017\" data-id=\"9852\" src=\"https:\/\/przylep.edu.pl\/przedszkole\/wp-content\/uploads\/2024\/02\/409673539_381937587533828_6961743037162413475_n-1024x1017.jpg\" alt=\"\" class=\"wp-image-9852\" srcset=\"https:\/\/przylep.edu.pl\/przedszkole\/wp-content\/uploads\/2024\/02\/409673539_381937587533828_6961743037162413475_n-1024x1017.jpg 1024w, https:\/\/przylep.edu.pl\/przedszkole\/wp-content\/uploads\/2024\/02\/409673539_381937587533828_6961743037162413475_n-300x298.jpg 300w, https:\/\/przylep.edu.pl\/przedszkole\/wp-content\/uploads\/2024\/02\/409673539_381937587533828_6961743037162413475_n-150x150.jpg 150w, https:\/\/przylep.edu.pl\/przedszkole\/wp-content\/uploads\/2024\/02\/409673539_381937587533828_6961743037162413475_n-768x763.jpg 768w, https:\/\/przylep.edu.pl\/przedszkole\/wp-content\/uploads\/2024\/02\/409673539_381937587533828_6961743037162413475_n.jpg 1167w\" sizes=\"auto, (max-width: 1024px) 100vw, 1024px\" \/><\/figure>\n<\/figure>\n","protected":false},"excerpt":{"rendered":"<p>Corocznie, 11 listopada, obchodzimy Narodowe \u015awi\u0119to Niepodleg\u0142o\u015bci. W tym roku apel z tej okazji odby\u0142 si\u0119 9 listopada. Uczniowie naszej szko\u0142y uczestniczyli w uroczystej akademii przygotowanej przez uczni\u00f3w klasy 2 A oraz p. Natali\u0119 Budner. Przedstawiony monta\u017c s\u0142owno \u2013 muzyczny, kt\u00f3ry rozpocz\u0105\u0142 si\u0119 wsp\u00f3lnym od\u015bpiewaniem hymnu narodowego, dotyczy\u0142 historii naszego kraju, jej miast oraz upami\u0119tnia\u0142 [&hellip;]<\/p>\n","protected":false},"author":2,"featured_media":9853,"comment_status":"closed","ping_status":"open","sticky":false,"template":"","format":"standard","meta":{"footnotes":""},"categories":[45,41],"tags":[],"class_list":["post-9851","post","type-post","status-publish","format-standard","has-post-thumbnail","hentry","category-aktualnosci","category-galerie"],"_links":{"self":[{"href":"https:\/\/przylep.edu.pl\/przedszkole\/wp-json\/wp\/v2\/posts\/9851","targetHints":{"allow":["GET"]}}],"collection":[{"href":"https:\/\/przylep.edu.pl\/przedszkole\/wp-json\/wp\/v2\/posts"}],"about":[{"href":"https:\/\/przylep.edu.pl\/przedszkole\/wp-json\/wp\/v2\/types\/post"}],"author":[{"embeddable":true,"href":"https:\/\/przylep.edu.pl\/przedszkole\/wp-json\/wp\/v2\/users\/2"}],"replies":[{"embeddable":true,"href":"https:\/\/przylep.edu.pl\/przedszkole\/wp-json\/wp\/v2\/comments?post=9851"}],"version-history":[{"count":1,"href":"https:\/\/przylep.edu.pl\/przedszkole\/wp-json\/wp\/v2\/posts\/9851\/revisions"}],"predecessor-version":[{"id":9854,"href":"https:\/\/przylep.edu.pl\/przedszkole\/wp-json\/wp\/v2\/posts\/9851\/revisions\/9854"}],"wp:featuredmedia":[{"embeddable":true,"href":"https:\/\/przylep.edu.pl\/przedszkole\/wp-json\/wp\/v2\/media\/9853"}],"wp:attachment":[{"href":"https:\/\/przylep.edu.pl\/przedszkole\/wp-json\/wp\/v2\/media?parent=9851"}],"wp:term":[{"taxonomy":"category","embeddable":true,"href":"https:\/\/przylep.edu.pl\/przedszkole\/wp-json\/wp\/v2\/categories?post=9851"},{"taxonomy":"post_tag","embeddable":true,"href":"https:\/\/przylep.edu.pl\/przedszkole\/wp-json\/wp\/v2\/tags?post=9851"}],"curies":[{"name":"wp","href":"https:\/\/api.w.org\/{rel}","templated":true}]}}