{"id":9823,"date":"2024-02-18T10:05:44","date_gmt":"2024-02-18T09:05:44","guid":{"rendered":"https:\/\/przylep.edu.pl\/przedszkole\/?p=9823"},"modified":"2024-02-18T10:05:46","modified_gmt":"2024-02-18T09:05:46","slug":"przedszkolne-walentynki-2","status":"publish","type":"post","link":"https:\/\/przylep.edu.pl\/przedszkole\/2024\/02\/18\/przedszkolne-walentynki-2\/","title":{"rendered":"Przedszkolne walentynki"},"content":{"rendered":"\n<p>Walentynki,14 lutego\u00a0 &#8211; czyli jedno z najprzyjemniejszych \u015bwi\u0105t w ci\u0105gu roku! I to nie tylko dla zakochanych, bo walentynki to r\u00f3wnie\u017c idealna okazja, by celebrowa\u0107 przyja\u017a\u0144 i zwyk\u0142\u0105 sympati\u0119 do siebie nawzajem!\u00a0Nasze Przedszkolaki w trakcie zaj\u0119\u0107 po\u015bwi\u0119conych \u015bwi\u0119tu zakochanych zapozna\u0142y si\u0119 z definicj\u0105 s\u0142\u00f3w&#8217; 'mi\u0142o\u015b\u0107&#8221; i &#8221;przyja\u017a\u0144&#8221;, a tak\u017ce tym, co oznacza wyra\u017cenie &#8221;kocham Ci\u0119&#8221;.\u00a0Zapozna\u0142y si\u0119 z sam\u0105 tradycj\u0105 Walentynek, genez\u0105 jej powstania oraz towarzysz\u0105cym jej r\u00f3\u017cnym charakterystycznym dla niej inicjatywom. Tego dnia dzieci z grupy \u017c\u00f3\u0142tej oraz wrzosowej zamieni\u0142y si\u0119 w amorki i wr\u0119cza\u0142y kosze pe\u0142ne kartek dla dzieci oraz pracownik\u00f3w.<\/p>\n\n\n\n<div class=\"wp-block-columns is-layout-flex wp-container-core-columns-is-layout-9d6595d7 wp-block-columns-is-layout-flex\">\n<div class=\"wp-block-column is-layout-flow wp-block-column-is-layout-flow\" style=\"flex-basis:100%\">\n<div class=\"wp-block-group\"><div class=\"wp-block-group__inner-container is-layout-constrained wp-block-group-is-layout-constrained\">\n<figure class=\"wp-block-gallery has-nested-images columns-default is-cropped wp-block-gallery-1 is-layout-flex wp-block-gallery-is-layout-flex\">\n<figure class=\"wp-block-image size-large\"><img loading=\"lazy\" decoding=\"async\" width=\"781\" height=\"1024\" data-id=\"9835\" src=\"https:\/\/przylep.edu.pl\/przedszkole\/wp-content\/uploads\/2024\/02\/312f2e72-b152-4f3e-a68f-90bb7ab8fc22-2-781x1024.jpg\" alt=\"\" class=\"wp-image-9835\" srcset=\"https:\/\/przylep.edu.pl\/przedszkole\/wp-content\/uploads\/2024\/02\/312f2e72-b152-4f3e-a68f-90bb7ab8fc22-2-781x1024.jpg 781w, https:\/\/przylep.edu.pl\/przedszkole\/wp-content\/uploads\/2024\/02\/312f2e72-b152-4f3e-a68f-90bb7ab8fc22-2-229x300.jpg 229w, https:\/\/przylep.edu.pl\/przedszkole\/wp-content\/uploads\/2024\/02\/312f2e72-b152-4f3e-a68f-90bb7ab8fc22-2-768x1008.jpg 768w, https:\/\/przylep.edu.pl\/przedszkole\/wp-content\/uploads\/2024\/02\/312f2e72-b152-4f3e-a68f-90bb7ab8fc22-2.jpg 1170w\" sizes=\"auto, (max-width: 781px) 100vw, 781px\" \/><\/figure>\n\n\n\n<figure class=\"wp-block-image size-large\"><img loading=\"lazy\" decoding=\"async\" width=\"768\" height=\"1024\" data-id=\"9834\" src=\"https:\/\/przylep.edu.pl\/przedszkole\/wp-content\/uploads\/2024\/02\/b10fe593-4141-42b5-ae60-b6ee354241da-1-768x1024.jpg\" alt=\"\" class=\"wp-image-9834\" srcset=\"https:\/\/przylep.edu.pl\/przedszkole\/wp-content\/uploads\/2024\/02\/b10fe593-4141-42b5-ae60-b6ee354241da-1-768x1024.jpg 768w, https:\/\/przylep.edu.pl\/przedszkole\/wp-content\/uploads\/2024\/02\/b10fe593-4141-42b5-ae60-b6ee354241da-1-225x300.jpg 225w, https:\/\/przylep.edu.pl\/przedszkole\/wp-content\/uploads\/2024\/02\/b10fe593-4141-42b5-ae60-b6ee354241da-1-1152x1536.jpg 1152w, https:\/\/przylep.edu.pl\/przedszkole\/wp-content\/uploads\/2024\/02\/b10fe593-4141-42b5-ae60-b6ee354241da-1.jpg 1170w\" sizes=\"auto, (max-width: 768px) 100vw, 768px\" \/><\/figure>\n<\/figure>\n<\/div><\/div>\n<\/div>\n<\/div>\n\n\n\n<figure class=\"wp-block-gallery has-nested-images columns-default is-cropped wp-block-gallery-2 is-layout-flex wp-block-gallery-is-layout-flex\">\n<figure class=\"wp-block-image size-large\"><img loading=\"lazy\" decoding=\"async\" width=\"1024\" height=\"768\" data-id=\"9836\" src=\"https:\/\/przylep.edu.pl\/przedszkole\/wp-content\/uploads\/2024\/02\/374df0b3-51b4-46aa-9788-6d8f56aad246-1-1024x768.jpg\" alt=\"\" class=\"wp-image-9836\" srcset=\"https:\/\/przylep.edu.pl\/przedszkole\/wp-content\/uploads\/2024\/02\/374df0b3-51b4-46aa-9788-6d8f56aad246-1-1024x768.jpg 1024w, https:\/\/przylep.edu.pl\/przedszkole\/wp-content\/uploads\/2024\/02\/374df0b3-51b4-46aa-9788-6d8f56aad246-1-300x225.jpg 300w, https:\/\/przylep.edu.pl\/przedszkole\/wp-content\/uploads\/2024\/02\/374df0b3-51b4-46aa-9788-6d8f56aad246-1-768x576.jpg 768w, https:\/\/przylep.edu.pl\/przedszkole\/wp-content\/uploads\/2024\/02\/374df0b3-51b4-46aa-9788-6d8f56aad246-1-600x450.jpg 600w, https:\/\/przylep.edu.pl\/przedszkole\/wp-content\/uploads\/2024\/02\/374df0b3-51b4-46aa-9788-6d8f56aad246-1.jpg 1170w\" sizes=\"auto, (max-width: 1024px) 100vw, 1024px\" \/><\/figure>\n<\/figure>\n\n\n\n<figure class=\"wp-block-gallery has-nested-images columns-default is-cropped wp-block-gallery-3 is-layout-flex wp-block-gallery-is-layout-flex\">\n<figure class=\"wp-block-image size-large\"><img loading=\"lazy\" decoding=\"async\" width=\"1024\" height=\"768\" data-id=\"9838\" src=\"https:\/\/przylep.edu.pl\/przedszkole\/wp-content\/uploads\/2024\/02\/7c949788-97e5-4e62-a330-054a12c49728-1-1024x768.jpg\" alt=\"\" class=\"wp-image-9838\" srcset=\"https:\/\/przylep.edu.pl\/przedszkole\/wp-content\/uploads\/2024\/02\/7c949788-97e5-4e62-a330-054a12c49728-1-1024x768.jpg 1024w, https:\/\/przylep.edu.pl\/przedszkole\/wp-content\/uploads\/2024\/02\/7c949788-97e5-4e62-a330-054a12c49728-1-300x225.jpg 300w, https:\/\/przylep.edu.pl\/przedszkole\/wp-content\/uploads\/2024\/02\/7c949788-97e5-4e62-a330-054a12c49728-1-768x576.jpg 768w, https:\/\/przylep.edu.pl\/przedszkole\/wp-content\/uploads\/2024\/02\/7c949788-97e5-4e62-a330-054a12c49728-1-1536x1152.jpg 1536w, https:\/\/przylep.edu.pl\/przedszkole\/wp-content\/uploads\/2024\/02\/7c949788-97e5-4e62-a330-054a12c49728-1-600x450.jpg 600w, https:\/\/przylep.edu.pl\/przedszkole\/wp-content\/uploads\/2024\/02\/7c949788-97e5-4e62-a330-054a12c49728-1.jpg 2048w\" sizes=\"auto, (max-width: 1024px) 100vw, 1024px\" \/><\/figure>\n\n\n\n<figure class=\"wp-block-image size-large\"><img loading=\"lazy\" decoding=\"async\" width=\"1024\" height=\"768\" data-id=\"9837\" src=\"https:\/\/przylep.edu.pl\/przedszkole\/wp-content\/uploads\/2024\/02\/ed26322a-8f7c-4f68-a98d-8c4ea7ee3b7e-1-1024x768.jpg\" alt=\"\" class=\"wp-image-9837\" srcset=\"https:\/\/przylep.edu.pl\/przedszkole\/wp-content\/uploads\/2024\/02\/ed26322a-8f7c-4f68-a98d-8c4ea7ee3b7e-1-1024x768.jpg 1024w, https:\/\/przylep.edu.pl\/przedszkole\/wp-content\/uploads\/2024\/02\/ed26322a-8f7c-4f68-a98d-8c4ea7ee3b7e-1-300x225.jpg 300w, https:\/\/przylep.edu.pl\/przedszkole\/wp-content\/uploads\/2024\/02\/ed26322a-8f7c-4f68-a98d-8c4ea7ee3b7e-1-768x576.jpg 768w, https:\/\/przylep.edu.pl\/przedszkole\/wp-content\/uploads\/2024\/02\/ed26322a-8f7c-4f68-a98d-8c4ea7ee3b7e-1-1536x1152.jpg 1536w, https:\/\/przylep.edu.pl\/przedszkole\/wp-content\/uploads\/2024\/02\/ed26322a-8f7c-4f68-a98d-8c4ea7ee3b7e-1-600x450.jpg 600w, https:\/\/przylep.edu.pl\/przedszkole\/wp-content\/uploads\/2024\/02\/ed26322a-8f7c-4f68-a98d-8c4ea7ee3b7e-1.jpg 2048w\" sizes=\"auto, (max-width: 1024px) 100vw, 1024px\" \/><\/figure>\n<\/figure>\n\n\n\n<figure class=\"wp-block-gallery has-nested-images columns-default is-cropped wp-block-gallery-4 is-layout-flex wp-block-gallery-is-layout-flex\">\n<figure class=\"wp-block-image size-large\"><img loading=\"lazy\" decoding=\"async\" width=\"1024\" height=\"768\" data-id=\"9840\" src=\"https:\/\/przylep.edu.pl\/przedszkole\/wp-content\/uploads\/2024\/02\/c43464a8-13d4-4f39-8745-77cc4f97c9c0-1-1024x768.jpg\" alt=\"\" class=\"wp-image-9840\" srcset=\"https:\/\/przylep.edu.pl\/przedszkole\/wp-content\/uploads\/2024\/02\/c43464a8-13d4-4f39-8745-77cc4f97c9c0-1-1024x768.jpg 1024w, https:\/\/przylep.edu.pl\/przedszkole\/wp-content\/uploads\/2024\/02\/c43464a8-13d4-4f39-8745-77cc4f97c9c0-1-300x225.jpg 300w, https:\/\/przylep.edu.pl\/przedszkole\/wp-content\/uploads\/2024\/02\/c43464a8-13d4-4f39-8745-77cc4f97c9c0-1-768x576.jpg 768w, https:\/\/przylep.edu.pl\/przedszkole\/wp-content\/uploads\/2024\/02\/c43464a8-13d4-4f39-8745-77cc4f97c9c0-1-1536x1152.jpg 1536w, https:\/\/przylep.edu.pl\/przedszkole\/wp-content\/uploads\/2024\/02\/c43464a8-13d4-4f39-8745-77cc4f97c9c0-1-600x450.jpg 600w, https:\/\/przylep.edu.pl\/przedszkole\/wp-content\/uploads\/2024\/02\/c43464a8-13d4-4f39-8745-77cc4f97c9c0-1.jpg 2048w\" sizes=\"auto, (max-width: 1024px) 100vw, 1024px\" \/><\/figure>\n\n\n\n<figure class=\"wp-block-image size-large\"><img loading=\"lazy\" decoding=\"async\" width=\"1024\" height=\"768\" data-id=\"9839\" src=\"https:\/\/przylep.edu.pl\/przedszkole\/wp-content\/uploads\/2024\/02\/fb7e9279-1b3a-4577-892d-b3490b4c3681-1-1024x768.jpg\" alt=\"\" class=\"wp-image-9839\" srcset=\"https:\/\/przylep.edu.pl\/przedszkole\/wp-content\/uploads\/2024\/02\/fb7e9279-1b3a-4577-892d-b3490b4c3681-1-1024x768.jpg 1024w, https:\/\/przylep.edu.pl\/przedszkole\/wp-content\/uploads\/2024\/02\/fb7e9279-1b3a-4577-892d-b3490b4c3681-1-300x225.jpg 300w, https:\/\/przylep.edu.pl\/przedszkole\/wp-content\/uploads\/2024\/02\/fb7e9279-1b3a-4577-892d-b3490b4c3681-1-768x576.jpg 768w, https:\/\/przylep.edu.pl\/przedszkole\/wp-content\/uploads\/2024\/02\/fb7e9279-1b3a-4577-892d-b3490b4c3681-1-1536x1152.jpg 1536w, https:\/\/przylep.edu.pl\/przedszkole\/wp-content\/uploads\/2024\/02\/fb7e9279-1b3a-4577-892d-b3490b4c3681-1-600x450.jpg 600w, https:\/\/przylep.edu.pl\/przedszkole\/wp-content\/uploads\/2024\/02\/fb7e9279-1b3a-4577-892d-b3490b4c3681-1.jpg 2048w\" sizes=\"auto, (max-width: 1024px) 100vw, 1024px\" \/><\/figure>\n<\/figure>\n","protected":false},"excerpt":{"rendered":"<p>Walentynki,14 lutego\u00a0 &#8211; czyli jedno z najprzyjemniejszych \u015bwi\u0105t w ci\u0105gu roku! I to nie tylko dla zakochanych, bo walentynki to r\u00f3wnie\u017c idealna okazja, by celebrowa\u0107 przyja\u017a\u0144 i zwyk\u0142\u0105 sympati\u0119 do siebie nawzajem!\u00a0Nasze Przedszkolaki w trakcie zaj\u0119\u0107 po\u015bwi\u0119conych \u015bwi\u0119tu zakochanych zapozna\u0142y si\u0119 z definicj\u0105 s\u0142\u00f3w&#8217; 'mi\u0142o\u015b\u0107&#8221; i &#8221;przyja\u017a\u0144&#8221;, a tak\u017ce tym, co oznacza wyra\u017cenie &#8221;kocham Ci\u0119&#8221;.\u00a0Zapozna\u0142y [&hellip;]<\/p>\n","protected":false},"author":2,"featured_media":9841,"comment_status":"closed","ping_status":"open","sticky":false,"template":"","format":"standard","meta":{"footnotes":""},"categories":[45,41,40],"tags":[],"class_list":["post-9823","post","type-post","status-publish","format-standard","has-post-thumbnail","hentry","category-aktualnosci","category-galerie","category-strona-glowna"],"_links":{"self":[{"href":"https:\/\/przylep.edu.pl\/przedszkole\/wp-json\/wp\/v2\/posts\/9823","targetHints":{"allow":["GET"]}}],"collection":[{"href":"https:\/\/przylep.edu.pl\/przedszkole\/wp-json\/wp\/v2\/posts"}],"about":[{"href":"https:\/\/przylep.edu.pl\/przedszkole\/wp-json\/wp\/v2\/types\/post"}],"author":[{"embeddable":true,"href":"https:\/\/przylep.edu.pl\/przedszkole\/wp-json\/wp\/v2\/users\/2"}],"replies":[{"embeddable":true,"href":"https:\/\/przylep.edu.pl\/przedszkole\/wp-json\/wp\/v2\/comments?post=9823"}],"version-history":[{"count":1,"href":"https:\/\/przylep.edu.pl\/przedszkole\/wp-json\/wp\/v2\/posts\/9823\/revisions"}],"predecessor-version":[{"id":9842,"href":"https:\/\/przylep.edu.pl\/przedszkole\/wp-json\/wp\/v2\/posts\/9823\/revisions\/9842"}],"wp:featuredmedia":[{"embeddable":true,"href":"https:\/\/przylep.edu.pl\/przedszkole\/wp-json\/wp\/v2\/media\/9841"}],"wp:attachment":[{"href":"https:\/\/przylep.edu.pl\/przedszkole\/wp-json\/wp\/v2\/media?parent=9823"}],"wp:term":[{"taxonomy":"category","embeddable":true,"href":"https:\/\/przylep.edu.pl\/przedszkole\/wp-json\/wp\/v2\/categories?post=9823"},{"taxonomy":"post_tag","embeddable":true,"href":"https:\/\/przylep.edu.pl\/przedszkole\/wp-json\/wp\/v2\/tags?post=9823"}],"curies":[{"name":"wp","href":"https:\/\/api.w.org\/{rel}","templated":true}]}}