{"id":9711,"date":"2024-02-07T10:43:13","date_gmt":"2024-02-07T09:43:13","guid":{"rendered":"https:\/\/przylep.edu.pl\/przedszkole\/?p=9711"},"modified":"2024-02-07T10:43:15","modified_gmt":"2024-02-07T09:43:15","slug":"wyjazd-do-teatru-wspolczesnego-i-na-warsztaty","status":"publish","type":"post","link":"https:\/\/przylep.edu.pl\/przedszkole\/2024\/02\/07\/wyjazd-do-teatru-wspolczesnego-i-na-warsztaty\/","title":{"rendered":"Wyjazd do Teatru Wsp\u00f3\u0142czesnego i na warsztaty."},"content":{"rendered":"\n<p>&#8222;W czwartek, 11 stycznia, wybrali\u015bmy, klasa 4 i 3, si\u0119 na spektakl pt.\u201cCzerwony Kapturek\u201d<br>do Teatru Wsp\u00f3\u0142czesnego w Szczecinie. Po nim odby\u0142y si\u0119 warsztaty, na kt\u00f3rych<br>rozmawiali\u015bmy o l\u0119ku i robili\u015bmy fiolki mocy. Zar\u00f3wno spektakl, jak i warsztaty wszystkim<br>bardzo si\u0119 podoba\u0142y&#8221;- to kr\u00f3tkie i jednocze\u015bnie tre\u015bciwe podsumowanie tego dnia, autorstwa uczennicy kl 4 Wiktorii \u015amie\u017cewskiej . Faktycznie dzieci po obejrzeniu niesamowitej interpretacji znanej historii o &#8222;Czerwonym Kapturku&#8221; uczestniczy\u0142y w warsztatach prowadzonych za kulisami teatru. Mia\u0142y szans\u0119 zobaczy\u0107, jak wygl\u0105da \u015bwiat teatru dost\u0119pny tylko aktorom i pracownikom tego miejsca kultury. Wzi\u0119\u0142y udzia\u0142 w warsztatach po\u015bwi\u0119conych tematyce: jak pokona\u0107 swoje l\u0119ki i jak si\u0119 z nimi zmierzy\u0107 na co dzie\u0144.  W ramach warsztat\u00f3w uczniowie stworzyli &#8222;galerie swoich strach\u00f3w&#8221; oraz fiolki mocy, dzi\u0119ki kt\u00f3rym zyskali supermoce w walce z przer\u00f3\u017cnymi l\u0119kami na co dzie\u0144. <\/p>\n\n\n\n<figure class=\"wp-block-gallery has-nested-images columns-1 is-cropped wp-block-gallery-1 is-layout-flex wp-block-gallery-is-layout-flex\">\n<figure class=\"wp-block-image size-large\"><img loading=\"lazy\" decoding=\"async\" width=\"1024\" height=\"472\" data-id=\"9712\" src=\"https:\/\/przylep.edu.pl\/przedszkole\/wp-content\/uploads\/2024\/02\/WhatsApp-Image-2024-02-07-at-09.46.20-4-1024x472.jpeg\" alt=\"\" class=\"wp-image-9712\" srcset=\"https:\/\/przylep.edu.pl\/przedszkole\/wp-content\/uploads\/2024\/02\/WhatsApp-Image-2024-02-07-at-09.46.20-4-1024x472.jpeg 1024w, https:\/\/przylep.edu.pl\/przedszkole\/wp-content\/uploads\/2024\/02\/WhatsApp-Image-2024-02-07-at-09.46.20-4-300x138.jpeg 300w, https:\/\/przylep.edu.pl\/przedszkole\/wp-content\/uploads\/2024\/02\/WhatsApp-Image-2024-02-07-at-09.46.20-4-768x354.jpeg 768w, https:\/\/przylep.edu.pl\/przedszkole\/wp-content\/uploads\/2024\/02\/WhatsApp-Image-2024-02-07-at-09.46.20-4-1536x708.jpeg 1536w, https:\/\/przylep.edu.pl\/przedszkole\/wp-content\/uploads\/2024\/02\/WhatsApp-Image-2024-02-07-at-09.46.20-4.jpeg 1600w\" sizes=\"auto, (max-width: 1024px) 100vw, 1024px\" \/><\/figure>\n\n\n\n<figure class=\"wp-block-image size-large\"><img loading=\"lazy\" decoding=\"async\" width=\"1024\" height=\"472\" data-id=\"9714\" src=\"https:\/\/przylep.edu.pl\/przedszkole\/wp-content\/uploads\/2024\/02\/WhatsApp-Image-2024-02-07-at-09.46.20-3-1024x472.jpeg\" alt=\"\" class=\"wp-image-9714\" srcset=\"https:\/\/przylep.edu.pl\/przedszkole\/wp-content\/uploads\/2024\/02\/WhatsApp-Image-2024-02-07-at-09.46.20-3-1024x472.jpeg 1024w, https:\/\/przylep.edu.pl\/przedszkole\/wp-content\/uploads\/2024\/02\/WhatsApp-Image-2024-02-07-at-09.46.20-3-300x138.jpeg 300w, https:\/\/przylep.edu.pl\/przedszkole\/wp-content\/uploads\/2024\/02\/WhatsApp-Image-2024-02-07-at-09.46.20-3-768x354.jpeg 768w, https:\/\/przylep.edu.pl\/przedszkole\/wp-content\/uploads\/2024\/02\/WhatsApp-Image-2024-02-07-at-09.46.20-3-1536x708.jpeg 1536w, https:\/\/przylep.edu.pl\/przedszkole\/wp-content\/uploads\/2024\/02\/WhatsApp-Image-2024-02-07-at-09.46.20-3.jpeg 1600w\" sizes=\"auto, (max-width: 1024px) 100vw, 1024px\" \/><\/figure>\n\n\n\n<figure class=\"wp-block-image size-large\"><img loading=\"lazy\" decoding=\"async\" width=\"1024\" height=\"472\" data-id=\"9713\" src=\"https:\/\/przylep.edu.pl\/przedszkole\/wp-content\/uploads\/2024\/02\/WhatsApp-Image-2024-02-07-at-09.46.21-1024x472.jpeg\" alt=\"\" class=\"wp-image-9713\" srcset=\"https:\/\/przylep.edu.pl\/przedszkole\/wp-content\/uploads\/2024\/02\/WhatsApp-Image-2024-02-07-at-09.46.21-1024x472.jpeg 1024w, https:\/\/przylep.edu.pl\/przedszkole\/wp-content\/uploads\/2024\/02\/WhatsApp-Image-2024-02-07-at-09.46.21-300x138.jpeg 300w, https:\/\/przylep.edu.pl\/przedszkole\/wp-content\/uploads\/2024\/02\/WhatsApp-Image-2024-02-07-at-09.46.21-768x354.jpeg 768w, https:\/\/przylep.edu.pl\/przedszkole\/wp-content\/uploads\/2024\/02\/WhatsApp-Image-2024-02-07-at-09.46.21-1536x708.jpeg 1536w, https:\/\/przylep.edu.pl\/przedszkole\/wp-content\/uploads\/2024\/02\/WhatsApp-Image-2024-02-07-at-09.46.21.jpeg 1600w\" sizes=\"auto, (max-width: 1024px) 100vw, 1024px\" \/><\/figure>\n<\/figure>\n\n\n\n<figure class=\"wp-block-gallery has-nested-images columns-1 is-cropped wp-block-gallery-2 is-layout-flex wp-block-gallery-is-layout-flex\">\n<figure class=\"wp-block-image size-large\"><img loading=\"lazy\" decoding=\"async\" width=\"1024\" height=\"472\" data-id=\"9727\" src=\"https:\/\/przylep.edu.pl\/przedszkole\/wp-content\/uploads\/2024\/02\/WhatsApp-Image-2024-02-07-at-09.46.13-3-1024x472.jpeg\" alt=\"\" class=\"wp-image-9727\" srcset=\"https:\/\/przylep.edu.pl\/przedszkole\/wp-content\/uploads\/2024\/02\/WhatsApp-Image-2024-02-07-at-09.46.13-3-1024x472.jpeg 1024w, https:\/\/przylep.edu.pl\/przedszkole\/wp-content\/uploads\/2024\/02\/WhatsApp-Image-2024-02-07-at-09.46.13-3-300x138.jpeg 300w, https:\/\/przylep.edu.pl\/przedszkole\/wp-content\/uploads\/2024\/02\/WhatsApp-Image-2024-02-07-at-09.46.13-3-768x354.jpeg 768w, https:\/\/przylep.edu.pl\/przedszkole\/wp-content\/uploads\/2024\/02\/WhatsApp-Image-2024-02-07-at-09.46.13-3-1536x708.jpeg 1536w, https:\/\/przylep.edu.pl\/przedszkole\/wp-content\/uploads\/2024\/02\/WhatsApp-Image-2024-02-07-at-09.46.13-3.jpeg 1600w\" sizes=\"auto, (max-width: 1024px) 100vw, 1024px\" \/><\/figure>\n\n\n\n<figure class=\"wp-block-image size-large\"><img loading=\"lazy\" decoding=\"async\" width=\"1024\" height=\"472\" data-id=\"9731\" src=\"https:\/\/przylep.edu.pl\/przedszkole\/wp-content\/uploads\/2024\/02\/WhatsApp-Image-2024-02-07-at-09.46.14-1-1024x472.jpeg\" alt=\"\" class=\"wp-image-9731\" srcset=\"https:\/\/przylep.edu.pl\/przedszkole\/wp-content\/uploads\/2024\/02\/WhatsApp-Image-2024-02-07-at-09.46.14-1-1024x472.jpeg 1024w, https:\/\/przylep.edu.pl\/przedszkole\/wp-content\/uploads\/2024\/02\/WhatsApp-Image-2024-02-07-at-09.46.14-1-300x138.jpeg 300w, https:\/\/przylep.edu.pl\/przedszkole\/wp-content\/uploads\/2024\/02\/WhatsApp-Image-2024-02-07-at-09.46.14-1-768x354.jpeg 768w, https:\/\/przylep.edu.pl\/przedszkole\/wp-content\/uploads\/2024\/02\/WhatsApp-Image-2024-02-07-at-09.46.14-1-1536x708.jpeg 1536w, https:\/\/przylep.edu.pl\/przedszkole\/wp-content\/uploads\/2024\/02\/WhatsApp-Image-2024-02-07-at-09.46.14-1.jpeg 1600w\" sizes=\"auto, (max-width: 1024px) 100vw, 1024px\" \/><\/figure>\n\n\n\n<figure class=\"wp-block-image size-large\"><img loading=\"lazy\" decoding=\"async\" width=\"1024\" height=\"472\" data-id=\"9729\" src=\"https:\/\/przylep.edu.pl\/przedszkole\/wp-content\/uploads\/2024\/02\/WhatsApp-Image-2024-02-07-at-09.46.15-1-1024x472.jpeg\" alt=\"\" class=\"wp-image-9729\" srcset=\"https:\/\/przylep.edu.pl\/przedszkole\/wp-content\/uploads\/2024\/02\/WhatsApp-Image-2024-02-07-at-09.46.15-1-1024x472.jpeg 1024w, https:\/\/przylep.edu.pl\/przedszkole\/wp-content\/uploads\/2024\/02\/WhatsApp-Image-2024-02-07-at-09.46.15-1-300x138.jpeg 300w, https:\/\/przylep.edu.pl\/przedszkole\/wp-content\/uploads\/2024\/02\/WhatsApp-Image-2024-02-07-at-09.46.15-1-768x354.jpeg 768w, https:\/\/przylep.edu.pl\/przedszkole\/wp-content\/uploads\/2024\/02\/WhatsApp-Image-2024-02-07-at-09.46.15-1-1536x708.jpeg 1536w, https:\/\/przylep.edu.pl\/przedszkole\/wp-content\/uploads\/2024\/02\/WhatsApp-Image-2024-02-07-at-09.46.15-1.jpeg 1600w\" sizes=\"auto, (max-width: 1024px) 100vw, 1024px\" \/><\/figure>\n\n\n\n<figure class=\"wp-block-image size-large\"><img loading=\"lazy\" decoding=\"async\" width=\"1024\" height=\"472\" data-id=\"9728\" src=\"https:\/\/przylep.edu.pl\/przedszkole\/wp-content\/uploads\/2024\/02\/WhatsApp-Image-2024-02-07-at-09.46.16-1-1-1024x472.jpeg\" alt=\"\" class=\"wp-image-9728\" srcset=\"https:\/\/przylep.edu.pl\/przedszkole\/wp-content\/uploads\/2024\/02\/WhatsApp-Image-2024-02-07-at-09.46.16-1-1-1024x472.jpeg 1024w, https:\/\/przylep.edu.pl\/przedszkole\/wp-content\/uploads\/2024\/02\/WhatsApp-Image-2024-02-07-at-09.46.16-1-1-300x138.jpeg 300w, https:\/\/przylep.edu.pl\/przedszkole\/wp-content\/uploads\/2024\/02\/WhatsApp-Image-2024-02-07-at-09.46.16-1-1-768x354.jpeg 768w, https:\/\/przylep.edu.pl\/przedszkole\/wp-content\/uploads\/2024\/02\/WhatsApp-Image-2024-02-07-at-09.46.16-1-1-1536x708.jpeg 1536w, https:\/\/przylep.edu.pl\/przedszkole\/wp-content\/uploads\/2024\/02\/WhatsApp-Image-2024-02-07-at-09.46.16-1-1.jpeg 1600w\" sizes=\"auto, (max-width: 1024px) 100vw, 1024px\" \/><\/figure>\n\n\n\n<figure class=\"wp-block-image size-large\"><img loading=\"lazy\" decoding=\"async\" width=\"1024\" height=\"472\" data-id=\"9730\" src=\"https:\/\/przylep.edu.pl\/przedszkole\/wp-content\/uploads\/2024\/02\/WhatsApp-Image-2024-02-07-at-09.46.13-1-1-1024x472.jpeg\" alt=\"\" class=\"wp-image-9730\" srcset=\"https:\/\/przylep.edu.pl\/przedszkole\/wp-content\/uploads\/2024\/02\/WhatsApp-Image-2024-02-07-at-09.46.13-1-1-1024x472.jpeg 1024w, https:\/\/przylep.edu.pl\/przedszkole\/wp-content\/uploads\/2024\/02\/WhatsApp-Image-2024-02-07-at-09.46.13-1-1-300x138.jpeg 300w, https:\/\/przylep.edu.pl\/przedszkole\/wp-content\/uploads\/2024\/02\/WhatsApp-Image-2024-02-07-at-09.46.13-1-1-768x354.jpeg 768w, https:\/\/przylep.edu.pl\/przedszkole\/wp-content\/uploads\/2024\/02\/WhatsApp-Image-2024-02-07-at-09.46.13-1-1-1536x708.jpeg 1536w, https:\/\/przylep.edu.pl\/przedszkole\/wp-content\/uploads\/2024\/02\/WhatsApp-Image-2024-02-07-at-09.46.13-1-1.jpeg 1600w\" sizes=\"auto, (max-width: 1024px) 100vw, 1024px\" \/><\/figure>\n\n\n\n<figure class=\"wp-block-image size-large\"><img loading=\"lazy\" decoding=\"async\" width=\"1024\" height=\"472\" data-id=\"9732\" src=\"https:\/\/przylep.edu.pl\/przedszkole\/wp-content\/uploads\/2024\/02\/WhatsApp-Image-2024-02-07-at-09.46.13-2-1-1024x472.jpeg\" alt=\"\" class=\"wp-image-9732\" srcset=\"https:\/\/przylep.edu.pl\/przedszkole\/wp-content\/uploads\/2024\/02\/WhatsApp-Image-2024-02-07-at-09.46.13-2-1-1024x472.jpeg 1024w, https:\/\/przylep.edu.pl\/przedszkole\/wp-content\/uploads\/2024\/02\/WhatsApp-Image-2024-02-07-at-09.46.13-2-1-300x138.jpeg 300w, https:\/\/przylep.edu.pl\/przedszkole\/wp-content\/uploads\/2024\/02\/WhatsApp-Image-2024-02-07-at-09.46.13-2-1-768x354.jpeg 768w, https:\/\/przylep.edu.pl\/przedszkole\/wp-content\/uploads\/2024\/02\/WhatsApp-Image-2024-02-07-at-09.46.13-2-1-1536x708.jpeg 1536w, https:\/\/przylep.edu.pl\/przedszkole\/wp-content\/uploads\/2024\/02\/WhatsApp-Image-2024-02-07-at-09.46.13-2-1.jpeg 1600w\" sizes=\"auto, (max-width: 1024px) 100vw, 1024px\" \/><\/figure>\n<\/figure>\n\n\n\n<figure class=\"wp-block-gallery has-nested-images columns-1 is-cropped wp-block-gallery-3 is-layout-flex wp-block-gallery-is-layout-flex\">\n<figure class=\"wp-block-image size-large is-style-default\"><img loading=\"lazy\" decoding=\"async\" width=\"1024\" height=\"472\" data-id=\"9752\" src=\"https:\/\/przylep.edu.pl\/przedszkole\/wp-content\/uploads\/2024\/02\/WhatsApp-Image-2024-02-07-at-09.46.16-4-1024x472.jpeg\" alt=\"\" class=\"wp-image-9752\" srcset=\"https:\/\/przylep.edu.pl\/przedszkole\/wp-content\/uploads\/2024\/02\/WhatsApp-Image-2024-02-07-at-09.46.16-4-1024x472.jpeg 1024w, https:\/\/przylep.edu.pl\/przedszkole\/wp-content\/uploads\/2024\/02\/WhatsApp-Image-2024-02-07-at-09.46.16-4-300x138.jpeg 300w, https:\/\/przylep.edu.pl\/przedszkole\/wp-content\/uploads\/2024\/02\/WhatsApp-Image-2024-02-07-at-09.46.16-4-768x354.jpeg 768w, https:\/\/przylep.edu.pl\/przedszkole\/wp-content\/uploads\/2024\/02\/WhatsApp-Image-2024-02-07-at-09.46.16-4-1536x708.jpeg 1536w, https:\/\/przylep.edu.pl\/przedszkole\/wp-content\/uploads\/2024\/02\/WhatsApp-Image-2024-02-07-at-09.46.16-4.jpeg 1600w\" sizes=\"auto, (max-width: 1024px) 100vw, 1024px\" \/><\/figure>\n\n\n\n<figure class=\"wp-block-image size-large\"><img loading=\"lazy\" decoding=\"async\" width=\"1024\" height=\"472\" data-id=\"9753\" src=\"https:\/\/przylep.edu.pl\/przedszkole\/wp-content\/uploads\/2024\/02\/WhatsApp-Image-2024-02-07-at-09.46.17-2-1024x472.jpeg\" alt=\"\" class=\"wp-image-9753\" srcset=\"https:\/\/przylep.edu.pl\/przedszkole\/wp-content\/uploads\/2024\/02\/WhatsApp-Image-2024-02-07-at-09.46.17-2-1024x472.jpeg 1024w, https:\/\/przylep.edu.pl\/przedszkole\/wp-content\/uploads\/2024\/02\/WhatsApp-Image-2024-02-07-at-09.46.17-2-300x138.jpeg 300w, https:\/\/przylep.edu.pl\/przedszkole\/wp-content\/uploads\/2024\/02\/WhatsApp-Image-2024-02-07-at-09.46.17-2-768x354.jpeg 768w, https:\/\/przylep.edu.pl\/przedszkole\/wp-content\/uploads\/2024\/02\/WhatsApp-Image-2024-02-07-at-09.46.17-2-1536x708.jpeg 1536w, https:\/\/przylep.edu.pl\/przedszkole\/wp-content\/uploads\/2024\/02\/WhatsApp-Image-2024-02-07-at-09.46.17-2.jpeg 1600w\" sizes=\"auto, (max-width: 1024px) 100vw, 1024px\" \/><\/figure>\n\n\n\n<figure class=\"wp-block-image size-large\"><img loading=\"lazy\" decoding=\"async\" width=\"1024\" height=\"472\" data-id=\"9751\" src=\"https:\/\/przylep.edu.pl\/przedszkole\/wp-content\/uploads\/2024\/02\/WhatsApp-Image-2024-02-07-at-09.46.18-1-2-1024x472.jpeg\" alt=\"\" class=\"wp-image-9751\" srcset=\"https:\/\/przylep.edu.pl\/przedszkole\/wp-content\/uploads\/2024\/02\/WhatsApp-Image-2024-02-07-at-09.46.18-1-2-1024x472.jpeg 1024w, https:\/\/przylep.edu.pl\/przedszkole\/wp-content\/uploads\/2024\/02\/WhatsApp-Image-2024-02-07-at-09.46.18-1-2-300x138.jpeg 300w, https:\/\/przylep.edu.pl\/przedszkole\/wp-content\/uploads\/2024\/02\/WhatsApp-Image-2024-02-07-at-09.46.18-1-2-768x354.jpeg 768w, https:\/\/przylep.edu.pl\/przedszkole\/wp-content\/uploads\/2024\/02\/WhatsApp-Image-2024-02-07-at-09.46.18-1-2-1536x708.jpeg 1536w, https:\/\/przylep.edu.pl\/przedszkole\/wp-content\/uploads\/2024\/02\/WhatsApp-Image-2024-02-07-at-09.46.18-1-2.jpeg 1600w\" sizes=\"auto, (max-width: 1024px) 100vw, 1024px\" \/><\/figure>\n<\/figure>\n\n\n\n<figure class=\"wp-block-gallery has-nested-images columns-1 is-cropped wp-block-gallery-4 is-layout-flex wp-block-gallery-is-layout-flex\">\n<figure class=\"wp-block-image size-large\"><img loading=\"lazy\" decoding=\"async\" width=\"1024\" height=\"472\" data-id=\"9754\" src=\"https:\/\/przylep.edu.pl\/przedszkole\/wp-content\/uploads\/2024\/02\/WhatsApp-Image-2024-02-07-at-09.46.19-1-2-1024x472.jpeg\" alt=\"\" class=\"wp-image-9754\" srcset=\"https:\/\/przylep.edu.pl\/przedszkole\/wp-content\/uploads\/2024\/02\/WhatsApp-Image-2024-02-07-at-09.46.19-1-2-1024x472.jpeg 1024w, https:\/\/przylep.edu.pl\/przedszkole\/wp-content\/uploads\/2024\/02\/WhatsApp-Image-2024-02-07-at-09.46.19-1-2-300x138.jpeg 300w, https:\/\/przylep.edu.pl\/przedszkole\/wp-content\/uploads\/2024\/02\/WhatsApp-Image-2024-02-07-at-09.46.19-1-2-768x354.jpeg 768w, https:\/\/przylep.edu.pl\/przedszkole\/wp-content\/uploads\/2024\/02\/WhatsApp-Image-2024-02-07-at-09.46.19-1-2-1536x708.jpeg 1536w, https:\/\/przylep.edu.pl\/przedszkole\/wp-content\/uploads\/2024\/02\/WhatsApp-Image-2024-02-07-at-09.46.19-1-2.jpeg 1600w\" sizes=\"auto, (max-width: 1024px) 100vw, 1024px\" \/><\/figure>\n\n\n\n<figure class=\"wp-block-image size-large\"><img loading=\"lazy\" decoding=\"async\" width=\"1024\" height=\"472\" data-id=\"9755\" src=\"https:\/\/przylep.edu.pl\/przedszkole\/wp-content\/uploads\/2024\/02\/WhatsApp-Image-2024-02-07-at-09.46.19-2-2-1024x472.jpeg\" alt=\"\" class=\"wp-image-9755\" srcset=\"https:\/\/przylep.edu.pl\/przedszkole\/wp-content\/uploads\/2024\/02\/WhatsApp-Image-2024-02-07-at-09.46.19-2-2-1024x472.jpeg 1024w, https:\/\/przylep.edu.pl\/przedszkole\/wp-content\/uploads\/2024\/02\/WhatsApp-Image-2024-02-07-at-09.46.19-2-2-300x138.jpeg 300w, https:\/\/przylep.edu.pl\/przedszkole\/wp-content\/uploads\/2024\/02\/WhatsApp-Image-2024-02-07-at-09.46.19-2-2-768x354.jpeg 768w, https:\/\/przylep.edu.pl\/przedszkole\/wp-content\/uploads\/2024\/02\/WhatsApp-Image-2024-02-07-at-09.46.19-2-2-1536x708.jpeg 1536w, https:\/\/przylep.edu.pl\/przedszkole\/wp-content\/uploads\/2024\/02\/WhatsApp-Image-2024-02-07-at-09.46.19-2-2.jpeg 1600w\" sizes=\"auto, (max-width: 1024px) 100vw, 1024px\" \/><\/figure>\n\n\n\n<figure class=\"wp-block-image size-large\"><img loading=\"lazy\" decoding=\"async\" width=\"1024\" height=\"472\" data-id=\"9756\" src=\"https:\/\/przylep.edu.pl\/przedszkole\/wp-content\/uploads\/2024\/02\/WhatsApp-Image-2024-02-07-at-09.46.19-3-1024x472.jpeg\" alt=\"\" class=\"wp-image-9756\" srcset=\"https:\/\/przylep.edu.pl\/przedszkole\/wp-content\/uploads\/2024\/02\/WhatsApp-Image-2024-02-07-at-09.46.19-3-1024x472.jpeg 1024w, https:\/\/przylep.edu.pl\/przedszkole\/wp-content\/uploads\/2024\/02\/WhatsApp-Image-2024-02-07-at-09.46.19-3-300x138.jpeg 300w, https:\/\/przylep.edu.pl\/przedszkole\/wp-content\/uploads\/2024\/02\/WhatsApp-Image-2024-02-07-at-09.46.19-3-768x354.jpeg 768w, https:\/\/przylep.edu.pl\/przedszkole\/wp-content\/uploads\/2024\/02\/WhatsApp-Image-2024-02-07-at-09.46.19-3-1536x708.jpeg 1536w, https:\/\/przylep.edu.pl\/przedszkole\/wp-content\/uploads\/2024\/02\/WhatsApp-Image-2024-02-07-at-09.46.19-3.jpeg 1600w\" sizes=\"auto, (max-width: 1024px) 100vw, 1024px\" \/><\/figure>\n<\/figure>\n\n\n\n<figure class=\"wp-block-gallery has-nested-images columns-default is-cropped wp-block-gallery-5 is-layout-flex wp-block-gallery-is-layout-flex\"><\/figure>\n","protected":false},"excerpt":{"rendered":"<p>&#8222;W czwartek, 11 stycznia, wybrali\u015bmy, klasa 4 i 3, si\u0119 na spektakl pt.\u201cCzerwony Kapturek\u201ddo Teatru Wsp\u00f3\u0142czesnego w Szczecinie. Po nim odby\u0142y si\u0119 warsztaty, na kt\u00f3rychrozmawiali\u015bmy o l\u0119ku i robili\u015bmy fiolki mocy. Zar\u00f3wno spektakl, jak i warsztaty wszystkimbardzo si\u0119 podoba\u0142y&#8221;- to kr\u00f3tkie i jednocze\u015bnie tre\u015bciwe podsumowanie tego dnia, autorstwa uczennicy kl 4 Wiktorii \u015amie\u017cewskiej . Faktycznie [&hellip;]<\/p>\n","protected":false},"author":2,"featured_media":9740,"comment_status":"closed","ping_status":"open","sticky":false,"template":"","format":"standard","meta":{"footnotes":""},"categories":[45,41],"tags":[],"class_list":["post-9711","post","type-post","status-publish","format-standard","has-post-thumbnail","hentry","category-aktualnosci","category-galerie"],"_links":{"self":[{"href":"https:\/\/przylep.edu.pl\/przedszkole\/wp-json\/wp\/v2\/posts\/9711","targetHints":{"allow":["GET"]}}],"collection":[{"href":"https:\/\/przylep.edu.pl\/przedszkole\/wp-json\/wp\/v2\/posts"}],"about":[{"href":"https:\/\/przylep.edu.pl\/przedszkole\/wp-json\/wp\/v2\/types\/post"}],"author":[{"embeddable":true,"href":"https:\/\/przylep.edu.pl\/przedszkole\/wp-json\/wp\/v2\/users\/2"}],"replies":[{"embeddable":true,"href":"https:\/\/przylep.edu.pl\/przedszkole\/wp-json\/wp\/v2\/comments?post=9711"}],"version-history":[{"count":7,"href":"https:\/\/przylep.edu.pl\/przedszkole\/wp-json\/wp\/v2\/posts\/9711\/revisions"}],"predecessor-version":[{"id":9765,"href":"https:\/\/przylep.edu.pl\/przedszkole\/wp-json\/wp\/v2\/posts\/9711\/revisions\/9765"}],"wp:featuredmedia":[{"embeddable":true,"href":"https:\/\/przylep.edu.pl\/przedszkole\/wp-json\/wp\/v2\/media\/9740"}],"wp:attachment":[{"href":"https:\/\/przylep.edu.pl\/przedszkole\/wp-json\/wp\/v2\/media?parent=9711"}],"wp:term":[{"taxonomy":"category","embeddable":true,"href":"https:\/\/przylep.edu.pl\/przedszkole\/wp-json\/wp\/v2\/categories?post=9711"},{"taxonomy":"post_tag","embeddable":true,"href":"https:\/\/przylep.edu.pl\/przedszkole\/wp-json\/wp\/v2\/tags?post=9711"}],"curies":[{"name":"wp","href":"https:\/\/api.w.org\/{rel}","templated":true}]}}