{"id":9669,"date":"2024-02-06T18:54:29","date_gmt":"2024-02-06T17:54:29","guid":{"rendered":"https:\/\/przylep.edu.pl\/przedszkole\/?p=9669"},"modified":"2024-02-06T18:54:31","modified_gmt":"2024-02-06T17:54:31","slug":"zimowa-historia-dla-babci-i-dziadka","status":"publish","type":"post","link":"https:\/\/przylep.edu.pl\/przedszkole\/2024\/02\/06\/zimowa-historia-dla-babci-i-dziadka\/","title":{"rendered":"Zimowa historia dla babci i dziadka"},"content":{"rendered":"\n<p>Ka\u017cde dziecko na \u015bwiecie wie, \u017ce najlepsze bajki opowiada Babcia i Dziadek. Tym razem to przedszkolaki z grupy niebieskiej postanowi\u0142y stworzy\u0107 w\u0142asn\u0105 histori\u0119 i opowiedzie\u0107 j\u0105 im w prezencie. Ch\u0142opcy i dziewczynki zabrali swoich najbli\u017cszych do krainy Pani Zimy. Niestety by\u0142a ona bardzo samotna i w zwi\u0105zku z tym wyczarowa\u0142a \u015bnie\u017cynki i ba\u0142wanki, kt\u00f3re spowodowa\u0142y, \u017ce ludzie w ko\u0144cu j\u0105 polubili. Babciom i Dziadkom bardzo podoba\u0142a si\u0119 opowiedziana przez wnuki historia. Wszyscy byli bardzo wzruszeni i na stoj\u0105co oklaskiwali ma\u0142ych artyst\u00f3w. Ponadto jednog\u0142o\u015bnie stwierdzili, \u017ce maj\u0105 godnych nast\u0119pc\u00f3w w opowiadaniu bajek. Drogie Babcie i Dziadkowie, \u017cyjcie nam sto lat i opowiedzcie nam jeszcze nie jedn\u0105 niezwyk\u0142\u0105 histori\u0119!<\/p>\n\n\n\n<figure class=\"wp-block-gallery has-nested-images columns-default is-cropped wp-block-gallery-1 is-layout-flex wp-block-gallery-is-layout-flex\">\n<figure class=\"wp-block-image size-large\"><img loading=\"lazy\" decoding=\"async\" width=\"1024\" height=\"577\" data-id=\"9670\" src=\"https:\/\/przylep.edu.pl\/przedszkole\/wp-content\/uploads\/2024\/02\/970f3019-72c7-4e07-8ad9-f8207f8af5f1-1024x577.jpg\" alt=\"\" class=\"wp-image-9670\" srcset=\"https:\/\/przylep.edu.pl\/przedszkole\/wp-content\/uploads\/2024\/02\/970f3019-72c7-4e07-8ad9-f8207f8af5f1-1024x577.jpg 1024w, https:\/\/przylep.edu.pl\/przedszkole\/wp-content\/uploads\/2024\/02\/970f3019-72c7-4e07-8ad9-f8207f8af5f1-300x169.jpg 300w, https:\/\/przylep.edu.pl\/przedszkole\/wp-content\/uploads\/2024\/02\/970f3019-72c7-4e07-8ad9-f8207f8af5f1-768x432.jpg 768w, https:\/\/przylep.edu.pl\/przedszkole\/wp-content\/uploads\/2024\/02\/970f3019-72c7-4e07-8ad9-f8207f8af5f1-1536x865.jpg 1536w, https:\/\/przylep.edu.pl\/przedszkole\/wp-content\/uploads\/2024\/02\/970f3019-72c7-4e07-8ad9-f8207f8af5f1-2048x1153.jpg 2048w\" sizes=\"auto, (max-width: 1024px) 100vw, 1024px\" \/><\/figure>\n<\/figure>\n\n\n\n<figure class=\"wp-block-gallery has-nested-images columns-default is-cropped wp-block-gallery-2 is-layout-flex wp-block-gallery-is-layout-flex\">\n<figure class=\"wp-block-image size-large\"><img loading=\"lazy\" decoding=\"async\" width=\"1024\" height=\"386\" data-id=\"9671\" src=\"https:\/\/przylep.edu.pl\/przedszkole\/wp-content\/uploads\/2024\/02\/4008b80b-5fb1-4662-bad9-711ea0740030-1024x386.jpg\" alt=\"\" class=\"wp-image-9671\" srcset=\"https:\/\/przylep.edu.pl\/przedszkole\/wp-content\/uploads\/2024\/02\/4008b80b-5fb1-4662-bad9-711ea0740030-1024x386.jpg 1024w, https:\/\/przylep.edu.pl\/przedszkole\/wp-content\/uploads\/2024\/02\/4008b80b-5fb1-4662-bad9-711ea0740030-300x113.jpg 300w, https:\/\/przylep.edu.pl\/przedszkole\/wp-content\/uploads\/2024\/02\/4008b80b-5fb1-4662-bad9-711ea0740030-768x290.jpg 768w, https:\/\/przylep.edu.pl\/przedszkole\/wp-content\/uploads\/2024\/02\/4008b80b-5fb1-4662-bad9-711ea0740030-1536x579.jpg 1536w, https:\/\/przylep.edu.pl\/przedszkole\/wp-content\/uploads\/2024\/02\/4008b80b-5fb1-4662-bad9-711ea0740030.jpg 1920w\" sizes=\"auto, (max-width: 1024px) 100vw, 1024px\" \/><\/figure>\n<\/figure>\n\n\n\n<figure class=\"wp-block-image size-large\"><img loading=\"lazy\" decoding=\"async\" width=\"1024\" height=\"402\" src=\"https:\/\/przylep.edu.pl\/przedszkole\/wp-content\/uploads\/2024\/02\/24198f9a-380f-4d0c-bf26-4701c9c7ea5e-1024x402.jpg\" alt=\"\" class=\"wp-image-9672\" srcset=\"https:\/\/przylep.edu.pl\/przedszkole\/wp-content\/uploads\/2024\/02\/24198f9a-380f-4d0c-bf26-4701c9c7ea5e-1024x402.jpg 1024w, https:\/\/przylep.edu.pl\/przedszkole\/wp-content\/uploads\/2024\/02\/24198f9a-380f-4d0c-bf26-4701c9c7ea5e-300x118.jpg 300w, https:\/\/przylep.edu.pl\/przedszkole\/wp-content\/uploads\/2024\/02\/24198f9a-380f-4d0c-bf26-4701c9c7ea5e-768x302.jpg 768w, https:\/\/przylep.edu.pl\/przedszkole\/wp-content\/uploads\/2024\/02\/24198f9a-380f-4d0c-bf26-4701c9c7ea5e-1536x603.jpg 1536w, https:\/\/przylep.edu.pl\/przedszkole\/wp-content\/uploads\/2024\/02\/24198f9a-380f-4d0c-bf26-4701c9c7ea5e.jpg 1920w\" sizes=\"auto, (max-width: 1024px) 100vw, 1024px\" \/><\/figure>\n","protected":false},"excerpt":{"rendered":"<p>Ka\u017cde dziecko na \u015bwiecie wie, \u017ce najlepsze bajki opowiada Babcia i Dziadek. Tym razem to przedszkolaki z grupy niebieskiej postanowi\u0142y stworzy\u0107 w\u0142asn\u0105 histori\u0119 i opowiedzie\u0107 j\u0105 im w prezencie. Ch\u0142opcy i dziewczynki zabrali swoich najbli\u017cszych do krainy Pani Zimy. Niestety by\u0142a ona bardzo samotna i w zwi\u0105zku z tym wyczarowa\u0142a \u015bnie\u017cynki i ba\u0142wanki, kt\u00f3re spowodowa\u0142y, [&hellip;]<\/p>\n","protected":false},"author":2,"featured_media":9673,"comment_status":"closed","ping_status":"open","sticky":false,"template":"","format":"standard","meta":{"footnotes":""},"categories":[45,41,40],"tags":[],"class_list":["post-9669","post","type-post","status-publish","format-standard","has-post-thumbnail","hentry","category-aktualnosci","category-galerie","category-strona-glowna"],"_links":{"self":[{"href":"https:\/\/przylep.edu.pl\/przedszkole\/wp-json\/wp\/v2\/posts\/9669","targetHints":{"allow":["GET"]}}],"collection":[{"href":"https:\/\/przylep.edu.pl\/przedszkole\/wp-json\/wp\/v2\/posts"}],"about":[{"href":"https:\/\/przylep.edu.pl\/przedszkole\/wp-json\/wp\/v2\/types\/post"}],"author":[{"embeddable":true,"href":"https:\/\/przylep.edu.pl\/przedszkole\/wp-json\/wp\/v2\/users\/2"}],"replies":[{"embeddable":true,"href":"https:\/\/przylep.edu.pl\/przedszkole\/wp-json\/wp\/v2\/comments?post=9669"}],"version-history":[{"count":1,"href":"https:\/\/przylep.edu.pl\/przedszkole\/wp-json\/wp\/v2\/posts\/9669\/revisions"}],"predecessor-version":[{"id":9674,"href":"https:\/\/przylep.edu.pl\/przedszkole\/wp-json\/wp\/v2\/posts\/9669\/revisions\/9674"}],"wp:featuredmedia":[{"embeddable":true,"href":"https:\/\/przylep.edu.pl\/przedszkole\/wp-json\/wp\/v2\/media\/9673"}],"wp:attachment":[{"href":"https:\/\/przylep.edu.pl\/przedszkole\/wp-json\/wp\/v2\/media?parent=9669"}],"wp:term":[{"taxonomy":"category","embeddable":true,"href":"https:\/\/przylep.edu.pl\/przedszkole\/wp-json\/wp\/v2\/categories?post=9669"},{"taxonomy":"post_tag","embeddable":true,"href":"https:\/\/przylep.edu.pl\/przedszkole\/wp-json\/wp\/v2\/tags?post=9669"}],"curies":[{"name":"wp","href":"https:\/\/api.w.org\/{rel}","templated":true}]}}