{"id":9668,"date":"2024-02-07T09:26:04","date_gmt":"2024-02-07T08:26:04","guid":{"rendered":"https:\/\/przylep.edu.pl\/przedszkole\/?p=9668"},"modified":"2024-02-13T20:58:40","modified_gmt":"2024-02-13T19:58:40","slug":"9668","status":"publish","type":"post","link":"https:\/\/przylep.edu.pl\/przedszkole\/2024\/02\/07\/9668\/","title":{"rendered":"Bal Karnawa\u0142owy w Szkole Podstawowej"},"content":{"rendered":"\n<p><\/p>\n\n\n\n<p>Karnawa\u0142 to czas zabaw i bal\u00f3w.<br>Kolorowe stroje, bajeczny wystr\u00f3j i skoczna muzyka\u2013 w takiej atmosferze bawi\u0142y si\u0119 dzieci z klas 1-4 w ZSP w Przylepie.<br>Uczniowie z dum\u0105 prezentowali bajeczne stroje.<br>Z wielk\u0105 ochot\u0105 uczestniczyli w ta\u0144cach i zabawach.<br>Bal karnawa\u0142owy to dzie\u0144 niezwyk\u0142y, cz\u0119sto wyczekiwany przez wiele tygodni.<br>Jest atrakcj\u0105 bardzo lubian\u0105 przez dzieci, dostarczaj\u0105c\u0105 wielu prze\u017cy\u0107 i rado\u015bci.<br>Tak te\u017c by\u0142o w naszej szkole w dniu 05.02.2024.<br>Tego dnia ju\u017c od rana w szkole pojawia\u0142y si\u0119 kolorowe postacie. Dzieci przebrane by\u0142y za bohater\u00f3w znanych bajek, w salach mo\u017cna by\u0142o spotka\u0107 wr\u00f3\u017cki, ksi\u0119\u017cniczki, motylki, pirat\u00f3w, stra\u017cak\u00f3w, policjant\u00f3w, Spider-Mana, Batmana, nie spos\u00f3b zliczy\u0107 i wymieni\u0107 tych wszystkich. Zabaw\u0119 sfinansowa\u0142a Rada Rodzic\u00f3w.<br>Zapraszamy do obejrzenia fotorelacji.<\/p>\n\n\n\n<figure class=\"wp-block-gallery has-nested-images columns-default is-cropped wp-block-gallery-1 is-layout-flex wp-block-gallery-is-layout-flex\">\n<figure class=\"wp-block-image size-large\"><img loading=\"lazy\" decoding=\"async\" width=\"461\" height=\"1024\" data-id=\"9699\" src=\"https:\/\/przylep.edu.pl\/przedszkole\/wp-content\/uploads\/2024\/02\/WhatsApp-Image-2024-02-06-at-19.16.58-461x1024.jpeg\" alt=\"\" class=\"wp-image-9699\" srcset=\"https:\/\/przylep.edu.pl\/przedszkole\/wp-content\/uploads\/2024\/02\/WhatsApp-Image-2024-02-06-at-19.16.58-461x1024.jpeg 461w, https:\/\/przylep.edu.pl\/przedszkole\/wp-content\/uploads\/2024\/02\/WhatsApp-Image-2024-02-06-at-19.16.58-135x300.jpeg 135w, https:\/\/przylep.edu.pl\/przedszkole\/wp-content\/uploads\/2024\/02\/WhatsApp-Image-2024-02-06-at-19.16.58-691x1536.jpeg 691w, https:\/\/przylep.edu.pl\/przedszkole\/wp-content\/uploads\/2024\/02\/WhatsApp-Image-2024-02-06-at-19.16.58.jpeg 720w\" sizes=\"auto, (max-width: 461px) 100vw, 461px\" \/><\/figure>\n\n\n\n<figure class=\"wp-block-image size-large\"><img loading=\"lazy\" decoding=\"async\" width=\"768\" height=\"1024\" data-id=\"9700\" src=\"https:\/\/przylep.edu.pl\/przedszkole\/wp-content\/uploads\/2024\/02\/WhatsApp-Image-2024-02-06-at-19.17.30-768x1024.jpeg\" alt=\"\" class=\"wp-image-9700\" srcset=\"https:\/\/przylep.edu.pl\/przedszkole\/wp-content\/uploads\/2024\/02\/WhatsApp-Image-2024-02-06-at-19.17.30-768x1024.jpeg 768w, https:\/\/przylep.edu.pl\/przedszkole\/wp-content\/uploads\/2024\/02\/WhatsApp-Image-2024-02-06-at-19.17.30-225x300.jpeg 225w, https:\/\/przylep.edu.pl\/przedszkole\/wp-content\/uploads\/2024\/02\/WhatsApp-Image-2024-02-06-at-19.17.30-1152x1536.jpeg 1152w, https:\/\/przylep.edu.pl\/przedszkole\/wp-content\/uploads\/2024\/02\/WhatsApp-Image-2024-02-06-at-19.17.30.jpeg 1200w\" sizes=\"auto, (max-width: 768px) 100vw, 768px\" \/><\/figure>\n\n\n\n<figure class=\"wp-block-image size-large\"><img loading=\"lazy\" decoding=\"async\" width=\"768\" height=\"1024\" data-id=\"9702\" src=\"https:\/\/przylep.edu.pl\/przedszkole\/wp-content\/uploads\/2024\/02\/WhatsApp-Image-2024-02-06-at-19.17.41-768x1024.jpeg\" alt=\"\" class=\"wp-image-9702\" srcset=\"https:\/\/przylep.edu.pl\/przedszkole\/wp-content\/uploads\/2024\/02\/WhatsApp-Image-2024-02-06-at-19.17.41-768x1024.jpeg 768w, https:\/\/przylep.edu.pl\/przedszkole\/wp-content\/uploads\/2024\/02\/WhatsApp-Image-2024-02-06-at-19.17.41-225x300.jpeg 225w, https:\/\/przylep.edu.pl\/przedszkole\/wp-content\/uploads\/2024\/02\/WhatsApp-Image-2024-02-06-at-19.17.41-1152x1536.jpeg 1152w, https:\/\/przylep.edu.pl\/przedszkole\/wp-content\/uploads\/2024\/02\/WhatsApp-Image-2024-02-06-at-19.17.41.jpeg 1200w\" sizes=\"auto, (max-width: 768px) 100vw, 768px\" \/><\/figure>\n\n\n\n<figure class=\"wp-block-image size-large\"><img loading=\"lazy\" decoding=\"async\" width=\"461\" height=\"1024\" data-id=\"9701\" src=\"https:\/\/przylep.edu.pl\/przedszkole\/wp-content\/uploads\/2024\/02\/WhatsApp-Image-2024-02-06-at-19.17.44-461x1024.jpeg\" alt=\"\" class=\"wp-image-9701\" srcset=\"https:\/\/przylep.edu.pl\/przedszkole\/wp-content\/uploads\/2024\/02\/WhatsApp-Image-2024-02-06-at-19.17.44-461x1024.jpeg 461w, https:\/\/przylep.edu.pl\/przedszkole\/wp-content\/uploads\/2024\/02\/WhatsApp-Image-2024-02-06-at-19.17.44-135x300.jpeg 135w, https:\/\/przylep.edu.pl\/przedszkole\/wp-content\/uploads\/2024\/02\/WhatsApp-Image-2024-02-06-at-19.17.44-691x1536.jpeg 691w, https:\/\/przylep.edu.pl\/przedszkole\/wp-content\/uploads\/2024\/02\/WhatsApp-Image-2024-02-06-at-19.17.44.jpeg 720w\" sizes=\"auto, (max-width: 461px) 100vw, 461px\" \/><\/figure>\n<\/figure>\n\n\n\n<figure class=\"wp-block-gallery has-nested-images columns-default is-cropped wp-block-gallery-2 is-layout-flex wp-block-gallery-is-layout-flex\">\n<figure class=\"wp-block-image size-large\"><img loading=\"lazy\" decoding=\"async\" width=\"768\" height=\"1024\" data-id=\"9695\" src=\"https:\/\/przylep.edu.pl\/przedszkole\/wp-content\/uploads\/2024\/02\/WhatsApp-Image-2024-02-06-at-19.16.01-768x1024.jpeg\" alt=\"\" class=\"wp-image-9695\" srcset=\"https:\/\/przylep.edu.pl\/przedszkole\/wp-content\/uploads\/2024\/02\/WhatsApp-Image-2024-02-06-at-19.16.01-768x1024.jpeg 768w, https:\/\/przylep.edu.pl\/przedszkole\/wp-content\/uploads\/2024\/02\/WhatsApp-Image-2024-02-06-at-19.16.01-225x300.jpeg 225w, https:\/\/przylep.edu.pl\/przedszkole\/wp-content\/uploads\/2024\/02\/WhatsApp-Image-2024-02-06-at-19.16.01-1152x1536.jpeg 1152w, https:\/\/przylep.edu.pl\/przedszkole\/wp-content\/uploads\/2024\/02\/WhatsApp-Image-2024-02-06-at-19.16.01.jpeg 1536w\" sizes=\"auto, (max-width: 768px) 100vw, 768px\" \/><\/figure>\n\n\n\n<figure class=\"wp-block-image size-large\"><img loading=\"lazy\" decoding=\"async\" width=\"768\" height=\"1024\" data-id=\"9696\" src=\"https:\/\/przylep.edu.pl\/przedszkole\/wp-content\/uploads\/2024\/02\/WhatsApp-Image-2024-02-06-at-19.16.02-768x1024.jpeg\" alt=\"\" class=\"wp-image-9696\" srcset=\"https:\/\/przylep.edu.pl\/przedszkole\/wp-content\/uploads\/2024\/02\/WhatsApp-Image-2024-02-06-at-19.16.02-768x1024.jpeg 768w, https:\/\/przylep.edu.pl\/przedszkole\/wp-content\/uploads\/2024\/02\/WhatsApp-Image-2024-02-06-at-19.16.02-225x300.jpeg 225w, https:\/\/przylep.edu.pl\/przedszkole\/wp-content\/uploads\/2024\/02\/WhatsApp-Image-2024-02-06-at-19.16.02-1152x1536.jpeg 1152w, https:\/\/przylep.edu.pl\/przedszkole\/wp-content\/uploads\/2024\/02\/WhatsApp-Image-2024-02-06-at-19.16.02.jpeg 1536w\" sizes=\"auto, (max-width: 768px) 100vw, 768px\" \/><\/figure>\n\n\n\n<figure class=\"wp-block-image size-large\"><img loading=\"lazy\" decoding=\"async\" width=\"768\" height=\"1024\" data-id=\"9697\" src=\"https:\/\/przylep.edu.pl\/przedszkole\/wp-content\/uploads\/2024\/02\/WhatsApp-Image-2024-02-06-at-19.16.01-1-1-768x1024.jpeg\" alt=\"\" class=\"wp-image-9697\" srcset=\"https:\/\/przylep.edu.pl\/przedszkole\/wp-content\/uploads\/2024\/02\/WhatsApp-Image-2024-02-06-at-19.16.01-1-1-768x1024.jpeg 768w, https:\/\/przylep.edu.pl\/przedszkole\/wp-content\/uploads\/2024\/02\/WhatsApp-Image-2024-02-06-at-19.16.01-1-1-225x300.jpeg 225w, https:\/\/przylep.edu.pl\/przedszkole\/wp-content\/uploads\/2024\/02\/WhatsApp-Image-2024-02-06-at-19.16.01-1-1-1152x1536.jpeg 1152w, https:\/\/przylep.edu.pl\/przedszkole\/wp-content\/uploads\/2024\/02\/WhatsApp-Image-2024-02-06-at-19.16.01-1-1.jpeg 1536w\" sizes=\"auto, (max-width: 768px) 100vw, 768px\" \/><\/figure>\n\n\n\n<figure class=\"wp-block-image size-large\"><img loading=\"lazy\" decoding=\"async\" width=\"768\" height=\"1024\" data-id=\"9698\" src=\"https:\/\/przylep.edu.pl\/przedszkole\/wp-content\/uploads\/2024\/02\/WhatsApp-Image-2024-02-06-at-19.16.01-2-768x1024.jpeg\" alt=\"\" class=\"wp-image-9698\" srcset=\"https:\/\/przylep.edu.pl\/przedszkole\/wp-content\/uploads\/2024\/02\/WhatsApp-Image-2024-02-06-at-19.16.01-2-768x1024.jpeg 768w, https:\/\/przylep.edu.pl\/przedszkole\/wp-content\/uploads\/2024\/02\/WhatsApp-Image-2024-02-06-at-19.16.01-2-225x300.jpeg 225w, https:\/\/przylep.edu.pl\/przedszkole\/wp-content\/uploads\/2024\/02\/WhatsApp-Image-2024-02-06-at-19.16.01-2-1152x1536.jpeg 1152w, https:\/\/przylep.edu.pl\/przedszkole\/wp-content\/uploads\/2024\/02\/WhatsApp-Image-2024-02-06-at-19.16.01-2.jpeg 1536w\" sizes=\"auto, (max-width: 768px) 100vw, 768px\" \/><\/figure>\n<\/figure>\n\n\n\n<figure class=\"wp-block-gallery has-nested-images columns-default is-cropped wp-block-gallery-3 is-layout-flex wp-block-gallery-is-layout-flex\">\n<figure class=\"wp-block-image size-large\"><img loading=\"lazy\" decoding=\"async\" width=\"768\" height=\"1024\" data-id=\"9706\" src=\"https:\/\/przylep.edu.pl\/przedszkole\/wp-content\/uploads\/2024\/02\/WhatsApp-Image-2024-02-06-at-19.18.20-768x1024.jpeg\" alt=\"\" class=\"wp-image-9706\" srcset=\"https:\/\/przylep.edu.pl\/przedszkole\/wp-content\/uploads\/2024\/02\/WhatsApp-Image-2024-02-06-at-19.18.20-768x1024.jpeg 768w, https:\/\/przylep.edu.pl\/przedszkole\/wp-content\/uploads\/2024\/02\/WhatsApp-Image-2024-02-06-at-19.18.20-225x300.jpeg 225w, https:\/\/przylep.edu.pl\/przedszkole\/wp-content\/uploads\/2024\/02\/WhatsApp-Image-2024-02-06-at-19.18.20-1152x1536.jpeg 1152w, https:\/\/przylep.edu.pl\/przedszkole\/wp-content\/uploads\/2024\/02\/WhatsApp-Image-2024-02-06-at-19.18.20.jpeg 1200w\" sizes=\"auto, (max-width: 768px) 100vw, 768px\" \/><\/figure>\n\n\n\n<figure class=\"wp-block-image size-large\"><img loading=\"lazy\" decoding=\"async\" width=\"461\" height=\"1024\" data-id=\"9703\" src=\"https:\/\/przylep.edu.pl\/przedszkole\/wp-content\/uploads\/2024\/02\/WhatsApp-Image-2024-02-06-at-19.18.36-461x1024.jpeg\" alt=\"\" class=\"wp-image-9703\" srcset=\"https:\/\/przylep.edu.pl\/przedszkole\/wp-content\/uploads\/2024\/02\/WhatsApp-Image-2024-02-06-at-19.18.36-461x1024.jpeg 461w, https:\/\/przylep.edu.pl\/przedszkole\/wp-content\/uploads\/2024\/02\/WhatsApp-Image-2024-02-06-at-19.18.36-135x300.jpeg 135w, https:\/\/przylep.edu.pl\/przedszkole\/wp-content\/uploads\/2024\/02\/WhatsApp-Image-2024-02-06-at-19.18.36-691x1536.jpeg 691w, https:\/\/przylep.edu.pl\/przedszkole\/wp-content\/uploads\/2024\/02\/WhatsApp-Image-2024-02-06-at-19.18.36.jpeg 720w\" sizes=\"auto, (max-width: 461px) 100vw, 461px\" \/><\/figure>\n\n\n\n<figure class=\"wp-block-image size-large\"><img loading=\"lazy\" decoding=\"async\" width=\"1024\" height=\"472\" data-id=\"9705\" src=\"https:\/\/przylep.edu.pl\/przedszkole\/wp-content\/uploads\/2024\/02\/WhatsApp-Image-2024-02-07-at-09.13.18-1024x472.jpeg\" alt=\"\" class=\"wp-image-9705\" srcset=\"https:\/\/przylep.edu.pl\/przedszkole\/wp-content\/uploads\/2024\/02\/WhatsApp-Image-2024-02-07-at-09.13.18-1024x472.jpeg 1024w, https:\/\/przylep.edu.pl\/przedszkole\/wp-content\/uploads\/2024\/02\/WhatsApp-Image-2024-02-07-at-09.13.18-300x138.jpeg 300w, https:\/\/przylep.edu.pl\/przedszkole\/wp-content\/uploads\/2024\/02\/WhatsApp-Image-2024-02-07-at-09.13.18-768x354.jpeg 768w, https:\/\/przylep.edu.pl\/przedszkole\/wp-content\/uploads\/2024\/02\/WhatsApp-Image-2024-02-07-at-09.13.18-1536x708.jpeg 1536w, https:\/\/przylep.edu.pl\/przedszkole\/wp-content\/uploads\/2024\/02\/WhatsApp-Image-2024-02-07-at-09.13.18.jpeg 1600w\" sizes=\"auto, (max-width: 1024px) 100vw, 1024px\" \/><\/figure>\n\n\n\n<figure class=\"wp-block-image size-large\"><img loading=\"lazy\" decoding=\"async\" width=\"1024\" height=\"768\" data-id=\"9707\" src=\"https:\/\/przylep.edu.pl\/przedszkole\/wp-content\/uploads\/2024\/02\/WhatsApp-Image-2024-02-06-at-19.18.05-1024x768.jpeg\" alt=\"\" class=\"wp-image-9707\" srcset=\"https:\/\/przylep.edu.pl\/przedszkole\/wp-content\/uploads\/2024\/02\/WhatsApp-Image-2024-02-06-at-19.18.05-1024x768.jpeg 1024w, https:\/\/przylep.edu.pl\/przedszkole\/wp-content\/uploads\/2024\/02\/WhatsApp-Image-2024-02-06-at-19.18.05-300x225.jpeg 300w, https:\/\/przylep.edu.pl\/przedszkole\/wp-content\/uploads\/2024\/02\/WhatsApp-Image-2024-02-06-at-19.18.05-768x576.jpeg 768w, https:\/\/przylep.edu.pl\/przedszkole\/wp-content\/uploads\/2024\/02\/WhatsApp-Image-2024-02-06-at-19.18.05-1536x1152.jpeg 1536w, https:\/\/przylep.edu.pl\/przedszkole\/wp-content\/uploads\/2024\/02\/WhatsApp-Image-2024-02-06-at-19.18.05-600x450.jpeg 600w, https:\/\/przylep.edu.pl\/przedszkole\/wp-content\/uploads\/2024\/02\/WhatsApp-Image-2024-02-06-at-19.18.05.jpeg 1600w\" sizes=\"auto, (max-width: 1024px) 100vw, 1024px\" \/><\/figure>\n\n\n\n<figure class=\"wp-block-image size-large\"><img loading=\"lazy\" decoding=\"async\" width=\"461\" height=\"1024\" data-id=\"9704\" src=\"https:\/\/przylep.edu.pl\/przedszkole\/wp-content\/uploads\/2024\/02\/WhatsApp-Image-2024-02-06-at-19.18.13-461x1024.jpeg\" alt=\"\" class=\"wp-image-9704\" srcset=\"https:\/\/przylep.edu.pl\/przedszkole\/wp-content\/uploads\/2024\/02\/WhatsApp-Image-2024-02-06-at-19.18.13-461x1024.jpeg 461w, https:\/\/przylep.edu.pl\/przedszkole\/wp-content\/uploads\/2024\/02\/WhatsApp-Image-2024-02-06-at-19.18.13-135x300.jpeg 135w, https:\/\/przylep.edu.pl\/przedszkole\/wp-content\/uploads\/2024\/02\/WhatsApp-Image-2024-02-06-at-19.18.13-691x1536.jpeg 691w, https:\/\/przylep.edu.pl\/przedszkole\/wp-content\/uploads\/2024\/02\/WhatsApp-Image-2024-02-06-at-19.18.13.jpeg 720w\" sizes=\"auto, (max-width: 461px) 100vw, 461px\" \/><\/figure>\n<\/figure>\n","protected":false},"excerpt":{"rendered":"<p>Karnawa\u0142 to czas zabaw i bal\u00f3w.Kolorowe stroje, bajeczny wystr\u00f3j i skoczna muzyka\u2013 w takiej atmosferze bawi\u0142y si\u0119 dzieci z klas 1-4 w ZSP w Przylepie.Uczniowie z dum\u0105 prezentowali bajeczne stroje.Z wielk\u0105 ochot\u0105 uczestniczyli w ta\u0144cach i zabawach.Bal karnawa\u0142owy to dzie\u0144 niezwyk\u0142y, cz\u0119sto wyczekiwany przez wiele tygodni.Jest atrakcj\u0105 bardzo lubian\u0105 przez dzieci, dostarczaj\u0105c\u0105 wielu prze\u017cy\u0107 i [&hellip;]<\/p>\n","protected":false},"author":2,"featured_media":9774,"comment_status":"closed","ping_status":"open","sticky":false,"template":"","format":"standard","meta":{"footnotes":""},"categories":[45,41],"tags":[],"class_list":["post-9668","post","type-post","status-publish","format-standard","has-post-thumbnail","hentry","category-aktualnosci","category-galerie"],"_links":{"self":[{"href":"https:\/\/przylep.edu.pl\/przedszkole\/wp-json\/wp\/v2\/posts\/9668","targetHints":{"allow":["GET"]}}],"collection":[{"href":"https:\/\/przylep.edu.pl\/przedszkole\/wp-json\/wp\/v2\/posts"}],"about":[{"href":"https:\/\/przylep.edu.pl\/przedszkole\/wp-json\/wp\/v2\/types\/post"}],"author":[{"embeddable":true,"href":"https:\/\/przylep.edu.pl\/przedszkole\/wp-json\/wp\/v2\/users\/2"}],"replies":[{"embeddable":true,"href":"https:\/\/przylep.edu.pl\/przedszkole\/wp-json\/wp\/v2\/comments?post=9668"}],"version-history":[{"count":2,"href":"https:\/\/przylep.edu.pl\/przedszkole\/wp-json\/wp\/v2\/posts\/9668\/revisions"}],"predecessor-version":[{"id":9710,"href":"https:\/\/przylep.edu.pl\/przedszkole\/wp-json\/wp\/v2\/posts\/9668\/revisions\/9710"}],"wp:featuredmedia":[{"embeddable":true,"href":"https:\/\/przylep.edu.pl\/przedszkole\/wp-json\/wp\/v2\/media\/9774"}],"wp:attachment":[{"href":"https:\/\/przylep.edu.pl\/przedszkole\/wp-json\/wp\/v2\/media?parent=9668"}],"wp:term":[{"taxonomy":"category","embeddable":true,"href":"https:\/\/przylep.edu.pl\/przedszkole\/wp-json\/wp\/v2\/categories?post=9668"},{"taxonomy":"post_tag","embeddable":true,"href":"https:\/\/przylep.edu.pl\/przedszkole\/wp-json\/wp\/v2\/tags?post=9668"}],"curies":[{"name":"wp","href":"https:\/\/api.w.org\/{rel}","templated":true}]}}