{"id":9660,"date":"2024-02-05T19:35:07","date_gmt":"2024-02-05T18:35:07","guid":{"rendered":"https:\/\/przylep.edu.pl\/przedszkole\/?p=9660"},"modified":"2024-02-05T19:35:08","modified_gmt":"2024-02-05T18:35:08","slug":"na-farmie-u-babci-i-dziadka","status":"publish","type":"post","link":"https:\/\/przylep.edu.pl\/przedszkole\/2024\/02\/05\/na-farmie-u-babci-i-dziadka\/","title":{"rendered":"Na farmie u babci i dziadka"},"content":{"rendered":"\n<p>Dzie\u0144 Babci i Dziadka 25 stycznia odby\u0142y si\u0119 wyst\u0119py z okazji Dnia Babci i Dziadka w grupie \u017c\u00f3\u0142tej. Tego dnia nasza sala gimnastyczna zamieni\u0142a si\u0119 w farm\u0119 babci Marysi i dziadka Ignacego. Dziadkowie ze wzruszeniem patrzyli na swoje wnuki i gromkimi brawami nagradzali wyst\u0119py. Du\u017c\u0105 rado\u015bci\u0105 dla dzieci jak i dziadk\u00f3w by\u0142a mo\u017cliwo\u015b\u0107 wsp\u00f3lnych ta\u0144c\u00f3w. Na koniec uroczysto\u015bci ka\u017cdy przedszkolak wr\u0119czy\u0142 samodzielnie wykonane talerze.<\/p>\n\n\n\n<figure class=\"wp-block-gallery has-nested-images columns-default is-cropped wp-block-gallery-1 is-layout-flex wp-block-gallery-is-layout-flex\">\n<figure class=\"wp-block-image size-large\"><img loading=\"lazy\" decoding=\"async\" width=\"1024\" height=\"768\" data-id=\"9661\" src=\"https:\/\/przylep.edu.pl\/przedszkole\/wp-content\/uploads\/2024\/02\/afc7236b-a198-44db-850d-b797d25fb422-1024x768.jpg\" alt=\"\" class=\"wp-image-9661\" srcset=\"https:\/\/przylep.edu.pl\/przedszkole\/wp-content\/uploads\/2024\/02\/afc7236b-a198-44db-850d-b797d25fb422-1024x768.jpg 1024w, https:\/\/przylep.edu.pl\/przedszkole\/wp-content\/uploads\/2024\/02\/afc7236b-a198-44db-850d-b797d25fb422-300x225.jpg 300w, https:\/\/przylep.edu.pl\/przedszkole\/wp-content\/uploads\/2024\/02\/afc7236b-a198-44db-850d-b797d25fb422-768x576.jpg 768w, https:\/\/przylep.edu.pl\/przedszkole\/wp-content\/uploads\/2024\/02\/afc7236b-a198-44db-850d-b797d25fb422-1536x1152.jpg 1536w, https:\/\/przylep.edu.pl\/przedszkole\/wp-content\/uploads\/2024\/02\/afc7236b-a198-44db-850d-b797d25fb422-600x450.jpg 600w, https:\/\/przylep.edu.pl\/przedszkole\/wp-content\/uploads\/2024\/02\/afc7236b-a198-44db-850d-b797d25fb422.jpg 2048w\" sizes=\"auto, (max-width: 1024px) 100vw, 1024px\" \/><\/figure>\n<\/figure>\n\n\n\n<figure class=\"wp-block-gallery has-nested-images columns-default is-cropped wp-block-gallery-2 is-layout-flex wp-block-gallery-is-layout-flex\">\n<figure class=\"wp-block-image size-large\"><img loading=\"lazy\" decoding=\"async\" width=\"768\" height=\"1024\" data-id=\"9662\" src=\"https:\/\/przylep.edu.pl\/przedszkole\/wp-content\/uploads\/2024\/02\/953e54f2-dadd-43ba-9b81-94f722dedfba-768x1024.jpg\" alt=\"\" class=\"wp-image-9662\" srcset=\"https:\/\/przylep.edu.pl\/przedszkole\/wp-content\/uploads\/2024\/02\/953e54f2-dadd-43ba-9b81-94f722dedfba-768x1024.jpg 768w, https:\/\/przylep.edu.pl\/przedszkole\/wp-content\/uploads\/2024\/02\/953e54f2-dadd-43ba-9b81-94f722dedfba-225x300.jpg 225w, https:\/\/przylep.edu.pl\/przedszkole\/wp-content\/uploads\/2024\/02\/953e54f2-dadd-43ba-9b81-94f722dedfba-1152x1536.jpg 1152w, https:\/\/przylep.edu.pl\/przedszkole\/wp-content\/uploads\/2024\/02\/953e54f2-dadd-43ba-9b81-94f722dedfba.jpg 1536w\" sizes=\"auto, (max-width: 768px) 100vw, 768px\" \/><\/figure>\n\n\n\n<figure class=\"wp-block-image size-large\"><img loading=\"lazy\" decoding=\"async\" width=\"768\" height=\"1024\" data-id=\"9663\" src=\"https:\/\/przylep.edu.pl\/przedszkole\/wp-content\/uploads\/2024\/02\/d13302a8-e801-48c9-b0f2-8ed30d141690-768x1024.jpg\" alt=\"\" class=\"wp-image-9663\" srcset=\"https:\/\/przylep.edu.pl\/przedszkole\/wp-content\/uploads\/2024\/02\/d13302a8-e801-48c9-b0f2-8ed30d141690-768x1024.jpg 768w, https:\/\/przylep.edu.pl\/przedszkole\/wp-content\/uploads\/2024\/02\/d13302a8-e801-48c9-b0f2-8ed30d141690-225x300.jpg 225w, https:\/\/przylep.edu.pl\/przedszkole\/wp-content\/uploads\/2024\/02\/d13302a8-e801-48c9-b0f2-8ed30d141690-1152x1536.jpg 1152w, https:\/\/przylep.edu.pl\/przedszkole\/wp-content\/uploads\/2024\/02\/d13302a8-e801-48c9-b0f2-8ed30d141690.jpg 1536w\" sizes=\"auto, (max-width: 768px) 100vw, 768px\" \/><\/figure>\n<\/figure>\n\n\n\n<figure class=\"wp-block-gallery has-nested-images columns-default is-cropped wp-block-gallery-3 is-layout-flex wp-block-gallery-is-layout-flex\">\n<figure class=\"wp-block-image size-large\"><img loading=\"lazy\" decoding=\"async\" width=\"1024\" height=\"768\" data-id=\"9664\" src=\"https:\/\/przylep.edu.pl\/przedszkole\/wp-content\/uploads\/2024\/02\/2250844f-a0f6-4ad1-8f00-67cd1dc64cb1-1024x768.jpg\" alt=\"\" class=\"wp-image-9664\" srcset=\"https:\/\/przylep.edu.pl\/przedszkole\/wp-content\/uploads\/2024\/02\/2250844f-a0f6-4ad1-8f00-67cd1dc64cb1-1024x768.jpg 1024w, https:\/\/przylep.edu.pl\/przedszkole\/wp-content\/uploads\/2024\/02\/2250844f-a0f6-4ad1-8f00-67cd1dc64cb1-300x225.jpg 300w, https:\/\/przylep.edu.pl\/przedszkole\/wp-content\/uploads\/2024\/02\/2250844f-a0f6-4ad1-8f00-67cd1dc64cb1-768x576.jpg 768w, https:\/\/przylep.edu.pl\/przedszkole\/wp-content\/uploads\/2024\/02\/2250844f-a0f6-4ad1-8f00-67cd1dc64cb1-1536x1152.jpg 1536w, https:\/\/przylep.edu.pl\/przedszkole\/wp-content\/uploads\/2024\/02\/2250844f-a0f6-4ad1-8f00-67cd1dc64cb1-600x450.jpg 600w, https:\/\/przylep.edu.pl\/przedszkole\/wp-content\/uploads\/2024\/02\/2250844f-a0f6-4ad1-8f00-67cd1dc64cb1.jpg 2048w\" sizes=\"auto, (max-width: 1024px) 100vw, 1024px\" \/><\/figure>\n<\/figure>\n","protected":false},"excerpt":{"rendered":"<p>Dzie\u0144 Babci i Dziadka 25 stycznia odby\u0142y si\u0119 wyst\u0119py z okazji Dnia Babci i Dziadka w grupie \u017c\u00f3\u0142tej. Tego dnia nasza sala gimnastyczna zamieni\u0142a si\u0119 w farm\u0119 babci Marysi i dziadka Ignacego. Dziadkowie ze wzruszeniem patrzyli na swoje wnuki i gromkimi brawami nagradzali wyst\u0119py. Du\u017c\u0105 rado\u015bci\u0105 dla dzieci jak i dziadk\u00f3w by\u0142a mo\u017cliwo\u015b\u0107 wsp\u00f3lnych ta\u0144c\u00f3w. [&hellip;]<\/p>\n","protected":false},"author":2,"featured_media":9665,"comment_status":"closed","ping_status":"open","sticky":false,"template":"","format":"standard","meta":{"footnotes":""},"categories":[45,41,40],"tags":[],"class_list":["post-9660","post","type-post","status-publish","format-standard","has-post-thumbnail","hentry","category-aktualnosci","category-galerie","category-strona-glowna"],"_links":{"self":[{"href":"https:\/\/przylep.edu.pl\/przedszkole\/wp-json\/wp\/v2\/posts\/9660","targetHints":{"allow":["GET"]}}],"collection":[{"href":"https:\/\/przylep.edu.pl\/przedszkole\/wp-json\/wp\/v2\/posts"}],"about":[{"href":"https:\/\/przylep.edu.pl\/przedszkole\/wp-json\/wp\/v2\/types\/post"}],"author":[{"embeddable":true,"href":"https:\/\/przylep.edu.pl\/przedszkole\/wp-json\/wp\/v2\/users\/2"}],"replies":[{"embeddable":true,"href":"https:\/\/przylep.edu.pl\/przedszkole\/wp-json\/wp\/v2\/comments?post=9660"}],"version-history":[{"count":1,"href":"https:\/\/przylep.edu.pl\/przedszkole\/wp-json\/wp\/v2\/posts\/9660\/revisions"}],"predecessor-version":[{"id":9666,"href":"https:\/\/przylep.edu.pl\/przedszkole\/wp-json\/wp\/v2\/posts\/9660\/revisions\/9666"}],"wp:featuredmedia":[{"embeddable":true,"href":"https:\/\/przylep.edu.pl\/przedszkole\/wp-json\/wp\/v2\/media\/9665"}],"wp:attachment":[{"href":"https:\/\/przylep.edu.pl\/przedszkole\/wp-json\/wp\/v2\/media?parent=9660"}],"wp:term":[{"taxonomy":"category","embeddable":true,"href":"https:\/\/przylep.edu.pl\/przedszkole\/wp-json\/wp\/v2\/categories?post=9660"},{"taxonomy":"post_tag","embeddable":true,"href":"https:\/\/przylep.edu.pl\/przedszkole\/wp-json\/wp\/v2\/tags?post=9660"}],"curies":[{"name":"wp","href":"https:\/\/api.w.org\/{rel}","templated":true}]}}