{"id":9655,"date":"2024-02-05T19:23:00","date_gmt":"2024-02-05T18:23:00","guid":{"rendered":"https:\/\/przylep.edu.pl\/przedszkole\/?p=9655"},"modified":"2024-02-05T19:23:01","modified_gmt":"2024-02-05T18:23:01","slug":"dzien-babci-i-dziadka-w-grupie-pomaranczowej-2","status":"publish","type":"post","link":"https:\/\/przylep.edu.pl\/przedszkole\/2024\/02\/05\/dzien-babci-i-dziadka-w-grupie-pomaranczowej-2\/","title":{"rendered":"Dzie\u0144 babci i dziadka w grupie pomara\u0144czowej"},"content":{"rendered":"\n<p>Mog\u0142oby si\u0119 wydawa\u0107, \u017ce d\u0142ugi, zimowy stycze\u0144, to miesi\u0105c, w kt\u00f3rym niewiele si\u0119 dzieje. S\u0105 jednak dwa wyj\u0105tkowe dni, na kt\u00f3re wiele os\u00f3b czeka z du\u017c\u0105 niecierpliwo\u015bci\u0105. Mowa konkretnie o Dniu Babci i Dniu Dziadka. To niezwykle radosne \u015bwi\u0119to nie omin\u0119\u0142o r\u00f3wnie\u017c grupy pomara\u0144czowej, kt\u00f3ra chcia\u0142a podzi\u0119kowa\u0107 swoim dziadkom oraz babciom za w\u0142o\u017cone serce. To w ko\u0144cu oni doskonale rozumiej\u0105 dzieci\u0119c\u0105 beztrosk\u0105, wspieraj\u0105 swoje wnucz\u0119ta w trudnych chwilach, ale przede wszystkim obdarzaj\u0105 je bezgraniczn\u0105 mi\u0142o\u015bci\u0105. I to w\u0142a\u015bnie z tego powodu, aby podzi\u0119kowa\u0107 im za t\u0119 mi\u0142o\u015b\u0107, dzieci z grupy pomara\u0144czowej przygotowa\u0142y niezwykle przedstawienie. Nie mog\u0142o oczywi\u015bcie zabrakn\u0105\u0107 piosenek, a tak\u017ce wierszy, kt\u00f3re z pewno\u015bci\u0105 u niejednego dziadka oraz babci wycisn\u0119\u0142y \u0142zy z oczu. Na koniec dzieci wr\u0119czy\u0142y w\u0142asnor\u0119cznie przygotowane s\u0142oiki pe\u0142ne mi\u0142o\u015bci, kt\u00f3re stanowi\u0142y symboliczne podzi\u0119kowanie. Drodzy babcie i dziadkowie! <\/p>\n\n\n\n<p>Jeszcze raz dzi\u0119kujemy wam, \u017ce na ka\u017cdym kroku wspieracie i kochacie dzieci z grupy pomara\u0144czowej, bo to w\u0142a\u015bnie przez wasz\u0105 mi\u0142o\u015b\u0107 wyrastaj\u0105 one na wyj\u0105tkowych ludzi.<\/p>\n\n\n\n<figure class=\"wp-block-gallery has-nested-images columns-default is-cropped wp-block-gallery-1 is-layout-flex wp-block-gallery-is-layout-flex\">\n<figure class=\"wp-block-image size-large\"><img loading=\"lazy\" decoding=\"async\" width=\"771\" height=\"1024\" data-id=\"9656\" src=\"https:\/\/przylep.edu.pl\/przedszkole\/wp-content\/uploads\/2024\/02\/682b3071-72c0-4a1e-8d9e-a202cfa5f177-771x1024.jpg\" alt=\"\" class=\"wp-image-9656\" srcset=\"https:\/\/przylep.edu.pl\/przedszkole\/wp-content\/uploads\/2024\/02\/682b3071-72c0-4a1e-8d9e-a202cfa5f177-771x1024.jpg 771w, https:\/\/przylep.edu.pl\/przedszkole\/wp-content\/uploads\/2024\/02\/682b3071-72c0-4a1e-8d9e-a202cfa5f177-226x300.jpg 226w, https:\/\/przylep.edu.pl\/przedszkole\/wp-content\/uploads\/2024\/02\/682b3071-72c0-4a1e-8d9e-a202cfa5f177-768x1020.jpg 768w, https:\/\/przylep.edu.pl\/przedszkole\/wp-content\/uploads\/2024\/02\/682b3071-72c0-4a1e-8d9e-a202cfa5f177-1157x1536.jpg 1157w, https:\/\/przylep.edu.pl\/przedszkole\/wp-content\/uploads\/2024\/02\/682b3071-72c0-4a1e-8d9e-a202cfa5f177.jpg 1536w\" sizes=\"auto, (max-width: 771px) 100vw, 771px\" \/><\/figure>\n<\/figure>\n\n\n\n<figure class=\"wp-block-gallery has-nested-images columns-default is-cropped wp-block-gallery-2 is-layout-flex wp-block-gallery-is-layout-flex\">\n<figure class=\"wp-block-image size-large\"><img loading=\"lazy\" decoding=\"async\" width=\"1024\" height=\"771\" data-id=\"9657\" src=\"https:\/\/przylep.edu.pl\/przedszkole\/wp-content\/uploads\/2024\/02\/b12be5b4-ef88-4b1e-b786-ccf3afd0110e-1024x771.jpg\" alt=\"\" class=\"wp-image-9657\" srcset=\"https:\/\/przylep.edu.pl\/przedszkole\/wp-content\/uploads\/2024\/02\/b12be5b4-ef88-4b1e-b786-ccf3afd0110e-1024x771.jpg 1024w, https:\/\/przylep.edu.pl\/przedszkole\/wp-content\/uploads\/2024\/02\/b12be5b4-ef88-4b1e-b786-ccf3afd0110e-300x226.jpg 300w, https:\/\/przylep.edu.pl\/przedszkole\/wp-content\/uploads\/2024\/02\/b12be5b4-ef88-4b1e-b786-ccf3afd0110e-768x578.jpg 768w, https:\/\/przylep.edu.pl\/przedszkole\/wp-content\/uploads\/2024\/02\/b12be5b4-ef88-4b1e-b786-ccf3afd0110e-1536x1157.jpg 1536w, https:\/\/przylep.edu.pl\/przedszkole\/wp-content\/uploads\/2024\/02\/b12be5b4-ef88-4b1e-b786-ccf3afd0110e.jpg 2040w\" sizes=\"auto, (max-width: 1024px) 100vw, 1024px\" \/><\/figure>\n<\/figure>\n","protected":false},"excerpt":{"rendered":"<p>Mog\u0142oby si\u0119 wydawa\u0107, \u017ce d\u0142ugi, zimowy stycze\u0144, to miesi\u0105c, w kt\u00f3rym niewiele si\u0119 dzieje. S\u0105 jednak dwa wyj\u0105tkowe dni, na kt\u00f3re wiele os\u00f3b czeka z du\u017c\u0105 niecierpliwo\u015bci\u0105. Mowa konkretnie o Dniu Babci i Dniu Dziadka. To niezwykle radosne \u015bwi\u0119to nie omin\u0119\u0142o r\u00f3wnie\u017c grupy pomara\u0144czowej, kt\u00f3ra chcia\u0142a podzi\u0119kowa\u0107 swoim dziadkom oraz babciom za w\u0142o\u017cone serce. To [&hellip;]<\/p>\n","protected":false},"author":2,"featured_media":9658,"comment_status":"closed","ping_status":"open","sticky":false,"template":"","format":"standard","meta":{"footnotes":""},"categories":[45,41,40],"tags":[],"class_list":["post-9655","post","type-post","status-publish","format-standard","has-post-thumbnail","hentry","category-aktualnosci","category-galerie","category-strona-glowna"],"_links":{"self":[{"href":"https:\/\/przylep.edu.pl\/przedszkole\/wp-json\/wp\/v2\/posts\/9655","targetHints":{"allow":["GET"]}}],"collection":[{"href":"https:\/\/przylep.edu.pl\/przedszkole\/wp-json\/wp\/v2\/posts"}],"about":[{"href":"https:\/\/przylep.edu.pl\/przedszkole\/wp-json\/wp\/v2\/types\/post"}],"author":[{"embeddable":true,"href":"https:\/\/przylep.edu.pl\/przedszkole\/wp-json\/wp\/v2\/users\/2"}],"replies":[{"embeddable":true,"href":"https:\/\/przylep.edu.pl\/przedszkole\/wp-json\/wp\/v2\/comments?post=9655"}],"version-history":[{"count":1,"href":"https:\/\/przylep.edu.pl\/przedszkole\/wp-json\/wp\/v2\/posts\/9655\/revisions"}],"predecessor-version":[{"id":9659,"href":"https:\/\/przylep.edu.pl\/przedszkole\/wp-json\/wp\/v2\/posts\/9655\/revisions\/9659"}],"wp:featuredmedia":[{"embeddable":true,"href":"https:\/\/przylep.edu.pl\/przedszkole\/wp-json\/wp\/v2\/media\/9658"}],"wp:attachment":[{"href":"https:\/\/przylep.edu.pl\/przedszkole\/wp-json\/wp\/v2\/media?parent=9655"}],"wp:term":[{"taxonomy":"category","embeddable":true,"href":"https:\/\/przylep.edu.pl\/przedszkole\/wp-json\/wp\/v2\/categories?post=9655"},{"taxonomy":"post_tag","embeddable":true,"href":"https:\/\/przylep.edu.pl\/przedszkole\/wp-json\/wp\/v2\/tags?post=9655"}],"curies":[{"name":"wp","href":"https:\/\/api.w.org\/{rel}","templated":true}]}}