{"id":9646,"date":"2024-02-05T19:18:46","date_gmt":"2024-02-05T18:18:46","guid":{"rendered":"https:\/\/przylep.edu.pl\/przedszkole\/?p=9646"},"modified":"2024-02-05T19:18:48","modified_gmt":"2024-02-05T18:18:48","slug":"dzien-lego-w-przedszkolu","status":"publish","type":"post","link":"https:\/\/przylep.edu.pl\/przedszkole\/2024\/02\/05\/dzien-lego-w-przedszkolu\/","title":{"rendered":"Dzie\u0144 Lego w Przedszkolu"},"content":{"rendered":"\n<p>29 stycznia w naszym przedszkolu obchodzili\u015bmy Mi\u0119dzynarodowy Dzie\u0144 Lego. Uk\u0142adanie klock\u00f3w pobudza kreatywno\u015b\u0107 i wyobra\u017ani\u0119 ka\u017cdego malucha. Na zaj\u0119ciach dzieci doskonali\u0142y umiej\u0119tno\u015b\u0107 przeliczania w zakresie 10, uk\u0142ada\u0142y rytmy a wszystko mia\u0142o na celu rozbudzi\u0107 umys\u0142, doskonali\u0107 procesy my\u015blenia i zapami\u0119tywania. Podczas zabaw klockami nasze przedszkolaki kszta\u0142towa\u0142y umiej\u0119tno\u015b\u0107 kontrolowania w\u0142asnego zachowania w d\u0105\u017ceniu do okre\u015blonego celu. Zadania zapewnia\u0142y dzieciom wiele mo\u017cliwo\u015bci \u0107wicze\u0144 i rozwijania samokontroli, kt\u00f3ra odgrywa du\u017c\u0105 rol\u0119 podczas proces\u00f3w zwi\u0105zanych z uczeniem si\u0119.<\/p>\n\n\n\n<figure class=\"wp-block-gallery has-nested-images columns-default is-cropped wp-block-gallery-1 is-layout-flex wp-block-gallery-is-layout-flex\">\n<figure class=\"wp-block-image size-large\"><img loading=\"lazy\" decoding=\"async\" width=\"1024\" height=\"768\" data-id=\"9648\" src=\"https:\/\/przylep.edu.pl\/przedszkole\/wp-content\/uploads\/2024\/02\/2c954d63-866a-4d9d-9e06-5baf0867b1d1-1024x768.jpg\" alt=\"\" class=\"wp-image-9648\" srcset=\"https:\/\/przylep.edu.pl\/przedszkole\/wp-content\/uploads\/2024\/02\/2c954d63-866a-4d9d-9e06-5baf0867b1d1-1024x768.jpg 1024w, https:\/\/przylep.edu.pl\/przedszkole\/wp-content\/uploads\/2024\/02\/2c954d63-866a-4d9d-9e06-5baf0867b1d1-300x225.jpg 300w, https:\/\/przylep.edu.pl\/przedszkole\/wp-content\/uploads\/2024\/02\/2c954d63-866a-4d9d-9e06-5baf0867b1d1-768x576.jpg 768w, https:\/\/przylep.edu.pl\/przedszkole\/wp-content\/uploads\/2024\/02\/2c954d63-866a-4d9d-9e06-5baf0867b1d1-1536x1152.jpg 1536w, https:\/\/przylep.edu.pl\/przedszkole\/wp-content\/uploads\/2024\/02\/2c954d63-866a-4d9d-9e06-5baf0867b1d1-600x450.jpg 600w, https:\/\/przylep.edu.pl\/przedszkole\/wp-content\/uploads\/2024\/02\/2c954d63-866a-4d9d-9e06-5baf0867b1d1.jpg 2048w\" sizes=\"auto, (max-width: 1024px) 100vw, 1024px\" \/><\/figure>\n\n\n\n<figure class=\"wp-block-image size-large\"><img loading=\"lazy\" decoding=\"async\" width=\"1024\" height=\"768\" data-id=\"9647\" src=\"https:\/\/przylep.edu.pl\/przedszkole\/wp-content\/uploads\/2024\/02\/ccfa61f1-65d8-4954-9127-350b9098628b-1024x768.jpg\" alt=\"\" class=\"wp-image-9647\" srcset=\"https:\/\/przylep.edu.pl\/przedszkole\/wp-content\/uploads\/2024\/02\/ccfa61f1-65d8-4954-9127-350b9098628b-1024x768.jpg 1024w, https:\/\/przylep.edu.pl\/przedszkole\/wp-content\/uploads\/2024\/02\/ccfa61f1-65d8-4954-9127-350b9098628b-300x225.jpg 300w, https:\/\/przylep.edu.pl\/przedszkole\/wp-content\/uploads\/2024\/02\/ccfa61f1-65d8-4954-9127-350b9098628b-768x576.jpg 768w, https:\/\/przylep.edu.pl\/przedszkole\/wp-content\/uploads\/2024\/02\/ccfa61f1-65d8-4954-9127-350b9098628b-1536x1152.jpg 1536w, https:\/\/przylep.edu.pl\/przedszkole\/wp-content\/uploads\/2024\/02\/ccfa61f1-65d8-4954-9127-350b9098628b-600x450.jpg 600w, https:\/\/przylep.edu.pl\/przedszkole\/wp-content\/uploads\/2024\/02\/ccfa61f1-65d8-4954-9127-350b9098628b.jpg 2048w\" sizes=\"auto, (max-width: 1024px) 100vw, 1024px\" \/><\/figure>\n<\/figure>\n\n\n\n<figure class=\"wp-block-gallery has-nested-images columns-default is-cropped wp-block-gallery-2 is-layout-flex wp-block-gallery-is-layout-flex\">\n<figure class=\"wp-block-image size-large\"><img loading=\"lazy\" decoding=\"async\" width=\"1024\" height=\"768\" data-id=\"9649\" src=\"https:\/\/przylep.edu.pl\/przedszkole\/wp-content\/uploads\/2024\/02\/f418040a-6ba2-44b2-a4d3-c498f5e11bca-1024x768.jpg\" alt=\"\" class=\"wp-image-9649\" srcset=\"https:\/\/przylep.edu.pl\/przedszkole\/wp-content\/uploads\/2024\/02\/f418040a-6ba2-44b2-a4d3-c498f5e11bca-1024x768.jpg 1024w, https:\/\/przylep.edu.pl\/przedszkole\/wp-content\/uploads\/2024\/02\/f418040a-6ba2-44b2-a4d3-c498f5e11bca-300x225.jpg 300w, https:\/\/przylep.edu.pl\/przedszkole\/wp-content\/uploads\/2024\/02\/f418040a-6ba2-44b2-a4d3-c498f5e11bca-768x576.jpg 768w, https:\/\/przylep.edu.pl\/przedszkole\/wp-content\/uploads\/2024\/02\/f418040a-6ba2-44b2-a4d3-c498f5e11bca-1536x1152.jpg 1536w, https:\/\/przylep.edu.pl\/przedszkole\/wp-content\/uploads\/2024\/02\/f418040a-6ba2-44b2-a4d3-c498f5e11bca-600x450.jpg 600w, https:\/\/przylep.edu.pl\/przedszkole\/wp-content\/uploads\/2024\/02\/f418040a-6ba2-44b2-a4d3-c498f5e11bca.jpg 2048w\" sizes=\"auto, (max-width: 1024px) 100vw, 1024px\" \/><\/figure>\n<\/figure>\n\n\n\n<figure class=\"wp-block-gallery has-nested-images columns-default is-cropped wp-block-gallery-3 is-layout-flex wp-block-gallery-is-layout-flex\">\n<figure class=\"wp-block-image size-large\"><img loading=\"lazy\" decoding=\"async\" width=\"1024\" height=\"768\" data-id=\"9651\" src=\"https:\/\/przylep.edu.pl\/przedszkole\/wp-content\/uploads\/2024\/02\/1afcddfc-186d-4c93-8066-8e28b18184fa-1024x768.jpg\" alt=\"\" class=\"wp-image-9651\" srcset=\"https:\/\/przylep.edu.pl\/przedszkole\/wp-content\/uploads\/2024\/02\/1afcddfc-186d-4c93-8066-8e28b18184fa-1024x768.jpg 1024w, https:\/\/przylep.edu.pl\/przedszkole\/wp-content\/uploads\/2024\/02\/1afcddfc-186d-4c93-8066-8e28b18184fa-300x225.jpg 300w, https:\/\/przylep.edu.pl\/przedszkole\/wp-content\/uploads\/2024\/02\/1afcddfc-186d-4c93-8066-8e28b18184fa-768x576.jpg 768w, https:\/\/przylep.edu.pl\/przedszkole\/wp-content\/uploads\/2024\/02\/1afcddfc-186d-4c93-8066-8e28b18184fa-1536x1152.jpg 1536w, https:\/\/przylep.edu.pl\/przedszkole\/wp-content\/uploads\/2024\/02\/1afcddfc-186d-4c93-8066-8e28b18184fa-600x450.jpg 600w, https:\/\/przylep.edu.pl\/przedszkole\/wp-content\/uploads\/2024\/02\/1afcddfc-186d-4c93-8066-8e28b18184fa.jpg 2048w\" sizes=\"auto, (max-width: 1024px) 100vw, 1024px\" \/><\/figure>\n\n\n\n<figure class=\"wp-block-image size-large\"><img loading=\"lazy\" decoding=\"async\" width=\"1024\" height=\"768\" data-id=\"9650\" src=\"https:\/\/przylep.edu.pl\/przedszkole\/wp-content\/uploads\/2024\/02\/a618e532-74b9-4238-8444-11a52252a1ee-1024x768.jpg\" alt=\"\" class=\"wp-image-9650\" srcset=\"https:\/\/przylep.edu.pl\/przedszkole\/wp-content\/uploads\/2024\/02\/a618e532-74b9-4238-8444-11a52252a1ee-1024x768.jpg 1024w, https:\/\/przylep.edu.pl\/przedszkole\/wp-content\/uploads\/2024\/02\/a618e532-74b9-4238-8444-11a52252a1ee-300x225.jpg 300w, https:\/\/przylep.edu.pl\/przedszkole\/wp-content\/uploads\/2024\/02\/a618e532-74b9-4238-8444-11a52252a1ee-768x576.jpg 768w, https:\/\/przylep.edu.pl\/przedszkole\/wp-content\/uploads\/2024\/02\/a618e532-74b9-4238-8444-11a52252a1ee-1536x1152.jpg 1536w, https:\/\/przylep.edu.pl\/przedszkole\/wp-content\/uploads\/2024\/02\/a618e532-74b9-4238-8444-11a52252a1ee-600x450.jpg 600w, https:\/\/przylep.edu.pl\/przedszkole\/wp-content\/uploads\/2024\/02\/a618e532-74b9-4238-8444-11a52252a1ee.jpg 2048w\" sizes=\"auto, (max-width: 1024px) 100vw, 1024px\" \/><\/figure>\n<\/figure>\n\n\n\n<figure class=\"wp-block-gallery has-nested-images columns-default is-cropped wp-block-gallery-4 is-layout-flex wp-block-gallery-is-layout-flex\">\n<figure class=\"wp-block-image size-large\"><img loading=\"lazy\" decoding=\"async\" width=\"1024\" height=\"768\" data-id=\"9652\" src=\"https:\/\/przylep.edu.pl\/przedszkole\/wp-content\/uploads\/2024\/02\/f77022f9-138d-4da2-9e53-341ae062ce72-1024x768.jpg\" alt=\"\" class=\"wp-image-9652\" srcset=\"https:\/\/przylep.edu.pl\/przedszkole\/wp-content\/uploads\/2024\/02\/f77022f9-138d-4da2-9e53-341ae062ce72-1024x768.jpg 1024w, https:\/\/przylep.edu.pl\/przedszkole\/wp-content\/uploads\/2024\/02\/f77022f9-138d-4da2-9e53-341ae062ce72-300x225.jpg 300w, https:\/\/przylep.edu.pl\/przedszkole\/wp-content\/uploads\/2024\/02\/f77022f9-138d-4da2-9e53-341ae062ce72-768x576.jpg 768w, https:\/\/przylep.edu.pl\/przedszkole\/wp-content\/uploads\/2024\/02\/f77022f9-138d-4da2-9e53-341ae062ce72-1536x1152.jpg 1536w, https:\/\/przylep.edu.pl\/przedszkole\/wp-content\/uploads\/2024\/02\/f77022f9-138d-4da2-9e53-341ae062ce72-600x450.jpg 600w, https:\/\/przylep.edu.pl\/przedszkole\/wp-content\/uploads\/2024\/02\/f77022f9-138d-4da2-9e53-341ae062ce72.jpg 2048w\" sizes=\"auto, (max-width: 1024px) 100vw, 1024px\" \/><\/figure>\n<\/figure>\n","protected":false},"excerpt":{"rendered":"<p>29 stycznia w naszym przedszkolu obchodzili\u015bmy Mi\u0119dzynarodowy Dzie\u0144 Lego. Uk\u0142adanie klock\u00f3w pobudza kreatywno\u015b\u0107 i wyobra\u017ani\u0119 ka\u017cdego malucha. Na zaj\u0119ciach dzieci doskonali\u0142y umiej\u0119tno\u015b\u0107 przeliczania w zakresie 10, uk\u0142ada\u0142y rytmy a wszystko mia\u0142o na celu rozbudzi\u0107 umys\u0142, doskonali\u0107 procesy my\u015blenia i zapami\u0119tywania. Podczas zabaw klockami nasze przedszkolaki kszta\u0142towa\u0142y umiej\u0119tno\u015b\u0107 kontrolowania w\u0142asnego zachowania w d\u0105\u017ceniu do okre\u015blonego celu. [&hellip;]<\/p>\n","protected":false},"author":2,"featured_media":9653,"comment_status":"closed","ping_status":"open","sticky":false,"template":"","format":"standard","meta":{"footnotes":""},"categories":[45,41,40],"tags":[],"class_list":["post-9646","post","type-post","status-publish","format-standard","has-post-thumbnail","hentry","category-aktualnosci","category-galerie","category-strona-glowna"],"_links":{"self":[{"href":"https:\/\/przylep.edu.pl\/przedszkole\/wp-json\/wp\/v2\/posts\/9646","targetHints":{"allow":["GET"]}}],"collection":[{"href":"https:\/\/przylep.edu.pl\/przedszkole\/wp-json\/wp\/v2\/posts"}],"about":[{"href":"https:\/\/przylep.edu.pl\/przedszkole\/wp-json\/wp\/v2\/types\/post"}],"author":[{"embeddable":true,"href":"https:\/\/przylep.edu.pl\/przedszkole\/wp-json\/wp\/v2\/users\/2"}],"replies":[{"embeddable":true,"href":"https:\/\/przylep.edu.pl\/przedszkole\/wp-json\/wp\/v2\/comments?post=9646"}],"version-history":[{"count":1,"href":"https:\/\/przylep.edu.pl\/przedszkole\/wp-json\/wp\/v2\/posts\/9646\/revisions"}],"predecessor-version":[{"id":9654,"href":"https:\/\/przylep.edu.pl\/przedszkole\/wp-json\/wp\/v2\/posts\/9646\/revisions\/9654"}],"wp:featuredmedia":[{"embeddable":true,"href":"https:\/\/przylep.edu.pl\/przedszkole\/wp-json\/wp\/v2\/media\/9653"}],"wp:attachment":[{"href":"https:\/\/przylep.edu.pl\/przedszkole\/wp-json\/wp\/v2\/media?parent=9646"}],"wp:term":[{"taxonomy":"category","embeddable":true,"href":"https:\/\/przylep.edu.pl\/przedszkole\/wp-json\/wp\/v2\/categories?post=9646"},{"taxonomy":"post_tag","embeddable":true,"href":"https:\/\/przylep.edu.pl\/przedszkole\/wp-json\/wp\/v2\/tags?post=9646"}],"curies":[{"name":"wp","href":"https:\/\/api.w.org\/{rel}","templated":true}]}}