{"id":9629,"date":"2024-02-05T19:10:39","date_gmt":"2024-02-05T18:10:39","guid":{"rendered":"https:\/\/przylep.edu.pl\/przedszkole\/?p=9629"},"modified":"2024-02-05T19:10:41","modified_gmt":"2024-02-05T18:10:41","slug":"wielka-orkiestra-swiatecznej-pomocy-2","status":"publish","type":"post","link":"https:\/\/przylep.edu.pl\/przedszkole\/2024\/02\/05\/wielka-orkiestra-swiatecznej-pomocy-2\/","title":{"rendered":"Wielka Orkiestra \u015awi\u0105tecznej Pomocy"},"content":{"rendered":"\n<p>28 stycznia ju\u017c po raz kolejny w naszej plac\u00f3wce  &#8222;zagra\u0142a&#8221; Wielka Orkiestra \u015awi\u0105tecznej Pomocy. Wielkie granie wystartowa\u0142o w Przylepie ju\u017c od \u015brody 24 stycznia!  Ka\u017cdy przedszkolak m\u00f3g\u0142 zakr\u0119ci\u0107 ko\u0142em fortuny i wybra\u0107 sobie wymarzony upominek. <\/p>\n\n\n\n<p>Tegoroczny fina\u0142 WO\u015aP odby\u0142 si\u0119 w GOKSiR w Przec\u0142awiu.  Nasze przedszkolaki i uczniowie klas pierwszych wyst\u0105pi\u0142y na wielkiej scenie prezentuj\u0105c swoje wokalne talenty. Ich wyst\u0119p zosta\u0142 nagrodzony gromki brawami. Jednak tego dnia nie oklaski by\u0142y najwa\u017cniejsze, a fakt, \u017ce poprzez artystyczny wyst\u0119p mog\u0142y wesprze\u0107 Wielk\u0105 Orkiestr\u0119 \u015awi\u0105tecznej Pomocy.<\/p>\n\n\n\n<p>Dzi\u0119kujemy wszystkim Rodzicom za w\u0142\u0105czenie si\u0119 w 32. Fina\u0142 Wielkiej Orkiestry \u015awi\u0105tecznej Pomocy.<\/p>\n\n\n\n<figure class=\"wp-block-gallery has-nested-images columns-default is-cropped wp-block-gallery-1 is-layout-flex wp-block-gallery-is-layout-flex\">\n<figure class=\"wp-block-image size-large\"><img loading=\"lazy\" decoding=\"async\" width=\"461\" height=\"1024\" data-id=\"9631\" src=\"https:\/\/przylep.edu.pl\/przedszkole\/wp-content\/uploads\/2024\/02\/66d85158-0a24-4580-8874-bf8195537d0e-461x1024.jpg\" alt=\"\" class=\"wp-image-9631\" srcset=\"https:\/\/przylep.edu.pl\/przedszkole\/wp-content\/uploads\/2024\/02\/66d85158-0a24-4580-8874-bf8195537d0e-461x1024.jpg 461w, https:\/\/przylep.edu.pl\/przedszkole\/wp-content\/uploads\/2024\/02\/66d85158-0a24-4580-8874-bf8195537d0e-135x300.jpg 135w, https:\/\/przylep.edu.pl\/przedszkole\/wp-content\/uploads\/2024\/02\/66d85158-0a24-4580-8874-bf8195537d0e-768x1708.jpg 768w, https:\/\/przylep.edu.pl\/przedszkole\/wp-content\/uploads\/2024\/02\/66d85158-0a24-4580-8874-bf8195537d0e-691x1536.jpg 691w, https:\/\/przylep.edu.pl\/przedszkole\/wp-content\/uploads\/2024\/02\/66d85158-0a24-4580-8874-bf8195537d0e.jpg 921w\" sizes=\"auto, (max-width: 461px) 100vw, 461px\" \/><\/figure>\n\n\n\n<figure class=\"wp-block-image size-large\"><img loading=\"lazy\" decoding=\"async\" width=\"577\" height=\"1024\" data-id=\"9632\" src=\"https:\/\/przylep.edu.pl\/przedszkole\/wp-content\/uploads\/2024\/02\/60334ec4-81de-46b0-8d15-532bb5042c20-577x1024.jpg\" alt=\"\" class=\"wp-image-9632\" srcset=\"https:\/\/przylep.edu.pl\/przedszkole\/wp-content\/uploads\/2024\/02\/60334ec4-81de-46b0-8d15-532bb5042c20-577x1024.jpg 577w, https:\/\/przylep.edu.pl\/przedszkole\/wp-content\/uploads\/2024\/02\/60334ec4-81de-46b0-8d15-532bb5042c20-169x300.jpg 169w, https:\/\/przylep.edu.pl\/przedszkole\/wp-content\/uploads\/2024\/02\/60334ec4-81de-46b0-8d15-532bb5042c20-768x1363.jpg 768w, https:\/\/przylep.edu.pl\/przedszkole\/wp-content\/uploads\/2024\/02\/60334ec4-81de-46b0-8d15-532bb5042c20-865x1536.jpg 865w, https:\/\/przylep.edu.pl\/przedszkole\/wp-content\/uploads\/2024\/02\/60334ec4-81de-46b0-8d15-532bb5042c20.jpg 977w\" sizes=\"auto, (max-width: 577px) 100vw, 577px\" \/><\/figure>\n<\/figure>\n\n\n\n<figure class=\"wp-block-gallery has-nested-images columns-default is-cropped wp-block-gallery-2 is-layout-flex wp-block-gallery-is-layout-flex\">\n<figure class=\"wp-block-image size-large\"><img loading=\"lazy\" decoding=\"async\" width=\"768\" height=\"1024\" data-id=\"9633\" src=\"https:\/\/przylep.edu.pl\/przedszkole\/wp-content\/uploads\/2024\/02\/a21ccf14-13f6-41c8-9290-d2d22c9667c4-768x1024.jpg\" alt=\"\" class=\"wp-image-9633\" srcset=\"https:\/\/przylep.edu.pl\/przedszkole\/wp-content\/uploads\/2024\/02\/a21ccf14-13f6-41c8-9290-d2d22c9667c4-768x1024.jpg 768w, https:\/\/przylep.edu.pl\/przedszkole\/wp-content\/uploads\/2024\/02\/a21ccf14-13f6-41c8-9290-d2d22c9667c4-225x300.jpg 225w, https:\/\/przylep.edu.pl\/przedszkole\/wp-content\/uploads\/2024\/02\/a21ccf14-13f6-41c8-9290-d2d22c9667c4-1152x1536.jpg 1152w, https:\/\/przylep.edu.pl\/przedszkole\/wp-content\/uploads\/2024\/02\/a21ccf14-13f6-41c8-9290-d2d22c9667c4.jpg 1500w\" sizes=\"auto, (max-width: 768px) 100vw, 768px\" \/><\/figure>\n\n\n\n<figure class=\"wp-block-image size-large\"><img loading=\"lazy\" decoding=\"async\" width=\"768\" height=\"1024\" data-id=\"9634\" src=\"https:\/\/przylep.edu.pl\/przedszkole\/wp-content\/uploads\/2024\/02\/f4d1235c-3b9c-40c1-a397-53fdc329c5c6-768x1024.jpg\" alt=\"\" class=\"wp-image-9634\" srcset=\"https:\/\/przylep.edu.pl\/przedszkole\/wp-content\/uploads\/2024\/02\/f4d1235c-3b9c-40c1-a397-53fdc329c5c6-768x1024.jpg 768w, https:\/\/przylep.edu.pl\/przedszkole\/wp-content\/uploads\/2024\/02\/f4d1235c-3b9c-40c1-a397-53fdc329c5c6-225x300.jpg 225w, https:\/\/przylep.edu.pl\/przedszkole\/wp-content\/uploads\/2024\/02\/f4d1235c-3b9c-40c1-a397-53fdc329c5c6-1152x1536.jpg 1152w, https:\/\/przylep.edu.pl\/przedszkole\/wp-content\/uploads\/2024\/02\/f4d1235c-3b9c-40c1-a397-53fdc329c5c6.jpg 1500w\" sizes=\"auto, (max-width: 768px) 100vw, 768px\" \/><\/figure>\n<\/figure>\n\n\n\n<figure class=\"wp-block-gallery has-nested-images columns-default is-cropped wp-block-gallery-3 is-layout-flex wp-block-gallery-is-layout-flex\">\n<figure class=\"wp-block-image size-large\"><img loading=\"lazy\" decoding=\"async\" width=\"768\" height=\"1024\" data-id=\"9635\" src=\"https:\/\/przylep.edu.pl\/przedszkole\/wp-content\/uploads\/2024\/02\/d9a7ba04-a962-4839-8872-b569ff30b3f6-768x1024.jpg\" alt=\"\" class=\"wp-image-9635\" srcset=\"https:\/\/przylep.edu.pl\/przedszkole\/wp-content\/uploads\/2024\/02\/d9a7ba04-a962-4839-8872-b569ff30b3f6-768x1024.jpg 768w, https:\/\/przylep.edu.pl\/przedszkole\/wp-content\/uploads\/2024\/02\/d9a7ba04-a962-4839-8872-b569ff30b3f6-225x300.jpg 225w, https:\/\/przylep.edu.pl\/przedszkole\/wp-content\/uploads\/2024\/02\/d9a7ba04-a962-4839-8872-b569ff30b3f6-1152x1536.jpg 1152w, https:\/\/przylep.edu.pl\/przedszkole\/wp-content\/uploads\/2024\/02\/d9a7ba04-a962-4839-8872-b569ff30b3f6.jpg 1536w\" sizes=\"auto, (max-width: 768px) 100vw, 768px\" \/><\/figure>\n\n\n\n<figure class=\"wp-block-image size-large\"><img loading=\"lazy\" decoding=\"async\" width=\"768\" height=\"1024\" data-id=\"9636\" src=\"https:\/\/przylep.edu.pl\/przedszkole\/wp-content\/uploads\/2024\/02\/e010f7bb-b534-4c1b-b04f-ec0175afa3cc-768x1024.jpg\" alt=\"\" class=\"wp-image-9636\" srcset=\"https:\/\/przylep.edu.pl\/przedszkole\/wp-content\/uploads\/2024\/02\/e010f7bb-b534-4c1b-b04f-ec0175afa3cc-768x1024.jpg 768w, https:\/\/przylep.edu.pl\/przedszkole\/wp-content\/uploads\/2024\/02\/e010f7bb-b534-4c1b-b04f-ec0175afa3cc-225x300.jpg 225w, https:\/\/przylep.edu.pl\/przedszkole\/wp-content\/uploads\/2024\/02\/e010f7bb-b534-4c1b-b04f-ec0175afa3cc-1152x1536.jpg 1152w, https:\/\/przylep.edu.pl\/przedszkole\/wp-content\/uploads\/2024\/02\/e010f7bb-b534-4c1b-b04f-ec0175afa3cc.jpg 1536w\" sizes=\"auto, (max-width: 768px) 100vw, 768px\" \/><\/figure>\n<\/figure>\n\n\n\n<figure class=\"wp-block-image size-large\"><img loading=\"lazy\" decoding=\"async\" width=\"1024\" height=\"577\" src=\"https:\/\/przylep.edu.pl\/przedszkole\/wp-content\/uploads\/2024\/02\/cb6ec76b-2b85-4e29-a4ba-7a038363a072-1024x577.jpg\" alt=\"\" class=\"wp-image-9637\" srcset=\"https:\/\/przylep.edu.pl\/przedszkole\/wp-content\/uploads\/2024\/02\/cb6ec76b-2b85-4e29-a4ba-7a038363a072-1024x577.jpg 1024w, https:\/\/przylep.edu.pl\/przedszkole\/wp-content\/uploads\/2024\/02\/cb6ec76b-2b85-4e29-a4ba-7a038363a072-300x169.jpg 300w, https:\/\/przylep.edu.pl\/przedszkole\/wp-content\/uploads\/2024\/02\/cb6ec76b-2b85-4e29-a4ba-7a038363a072-768x433.jpg 768w, https:\/\/przylep.edu.pl\/przedszkole\/wp-content\/uploads\/2024\/02\/cb6ec76b-2b85-4e29-a4ba-7a038363a072-1536x865.jpg 1536w, https:\/\/przylep.edu.pl\/przedszkole\/wp-content\/uploads\/2024\/02\/cb6ec76b-2b85-4e29-a4ba-7a038363a072.jpg 1734w\" sizes=\"auto, (max-width: 1024px) 100vw, 1024px\" \/><\/figure>\n\n\n\n<figure class=\"wp-block-image size-large\"><img loading=\"lazy\" decoding=\"async\" width=\"1024\" height=\"577\" src=\"https:\/\/przylep.edu.pl\/przedszkole\/wp-content\/uploads\/2024\/02\/22fa8bba-8ed6-484d-a0d2-7eec910d99da-1024x577.jpg\" alt=\"\" class=\"wp-image-9638\" srcset=\"https:\/\/przylep.edu.pl\/przedszkole\/wp-content\/uploads\/2024\/02\/22fa8bba-8ed6-484d-a0d2-7eec910d99da-1024x577.jpg 1024w, https:\/\/przylep.edu.pl\/przedszkole\/wp-content\/uploads\/2024\/02\/22fa8bba-8ed6-484d-a0d2-7eec910d99da-300x169.jpg 300w, https:\/\/przylep.edu.pl\/przedszkole\/wp-content\/uploads\/2024\/02\/22fa8bba-8ed6-484d-a0d2-7eec910d99da-768x433.jpg 768w, https:\/\/przylep.edu.pl\/przedszkole\/wp-content\/uploads\/2024\/02\/22fa8bba-8ed6-484d-a0d2-7eec910d99da-1536x865.jpg 1536w, https:\/\/przylep.edu.pl\/przedszkole\/wp-content\/uploads\/2024\/02\/22fa8bba-8ed6-484d-a0d2-7eec910d99da.jpg 1734w\" sizes=\"auto, (max-width: 1024px) 100vw, 1024px\" \/><\/figure>\n\n\n\n<figure class=\"wp-block-gallery has-nested-images columns-default is-cropped wp-block-gallery-4 is-layout-flex wp-block-gallery-is-layout-flex\">\n<figure class=\"wp-block-image size-large\"><img loading=\"lazy\" decoding=\"async\" width=\"1024\" height=\"577\" data-id=\"9639\" src=\"https:\/\/przylep.edu.pl\/przedszkole\/wp-content\/uploads\/2024\/02\/02b93e20-64e9-4ee4-9f29-91d87115e094-1024x577.jpg\" alt=\"\" class=\"wp-image-9639\" srcset=\"https:\/\/przylep.edu.pl\/przedszkole\/wp-content\/uploads\/2024\/02\/02b93e20-64e9-4ee4-9f29-91d87115e094-1024x577.jpg 1024w, https:\/\/przylep.edu.pl\/przedszkole\/wp-content\/uploads\/2024\/02\/02b93e20-64e9-4ee4-9f29-91d87115e094-300x169.jpg 300w, https:\/\/przylep.edu.pl\/przedszkole\/wp-content\/uploads\/2024\/02\/02b93e20-64e9-4ee4-9f29-91d87115e094-768x433.jpg 768w, https:\/\/przylep.edu.pl\/przedszkole\/wp-content\/uploads\/2024\/02\/02b93e20-64e9-4ee4-9f29-91d87115e094-1536x865.jpg 1536w, https:\/\/przylep.edu.pl\/przedszkole\/wp-content\/uploads\/2024\/02\/02b93e20-64e9-4ee4-9f29-91d87115e094.jpg 1734w\" sizes=\"auto, (max-width: 1024px) 100vw, 1024px\" \/><\/figure>\n<\/figure>\n\n\n\n<figure class=\"wp-block-gallery has-nested-images columns-default is-cropped wp-block-gallery-5 is-layout-flex wp-block-gallery-is-layout-flex\">\n<figure class=\"wp-block-image size-large\"><img loading=\"lazy\" decoding=\"async\" width=\"1024\" height=\"577\" data-id=\"9640\" src=\"https:\/\/przylep.edu.pl\/przedszkole\/wp-content\/uploads\/2024\/02\/f59face4-7ba5-4f3f-844d-bb29d9cfa73a-1024x577.jpg\" alt=\"\" class=\"wp-image-9640\" srcset=\"https:\/\/przylep.edu.pl\/przedszkole\/wp-content\/uploads\/2024\/02\/f59face4-7ba5-4f3f-844d-bb29d9cfa73a-1024x577.jpg 1024w, https:\/\/przylep.edu.pl\/przedszkole\/wp-content\/uploads\/2024\/02\/f59face4-7ba5-4f3f-844d-bb29d9cfa73a-300x169.jpg 300w, https:\/\/przylep.edu.pl\/przedszkole\/wp-content\/uploads\/2024\/02\/f59face4-7ba5-4f3f-844d-bb29d9cfa73a-768x432.jpg 768w, https:\/\/przylep.edu.pl\/przedszkole\/wp-content\/uploads\/2024\/02\/f59face4-7ba5-4f3f-844d-bb29d9cfa73a-1536x865.jpg 1536w, https:\/\/przylep.edu.pl\/przedszkole\/wp-content\/uploads\/2024\/02\/f59face4-7ba5-4f3f-844d-bb29d9cfa73a.jpg 2000w\" sizes=\"auto, (max-width: 1024px) 100vw, 1024px\" \/><\/figure>\n<\/figure>\n\n\n\n<figure class=\"wp-block-gallery has-nested-images columns-default is-cropped wp-block-gallery-6 is-layout-flex wp-block-gallery-is-layout-flex\">\n<figure class=\"wp-block-image size-large\"><img loading=\"lazy\" decoding=\"async\" width=\"768\" height=\"1024\" data-id=\"9641\" src=\"https:\/\/przylep.edu.pl\/przedszkole\/wp-content\/uploads\/2024\/02\/9d9d14dd-ca6e-4e9b-a051-65dc6df03ee1-768x1024.jpg\" alt=\"\" class=\"wp-image-9641\" srcset=\"https:\/\/przylep.edu.pl\/przedszkole\/wp-content\/uploads\/2024\/02\/9d9d14dd-ca6e-4e9b-a051-65dc6df03ee1-768x1024.jpg 768w, https:\/\/przylep.edu.pl\/przedszkole\/wp-content\/uploads\/2024\/02\/9d9d14dd-ca6e-4e9b-a051-65dc6df03ee1-225x300.jpg 225w, https:\/\/przylep.edu.pl\/przedszkole\/wp-content\/uploads\/2024\/02\/9d9d14dd-ca6e-4e9b-a051-65dc6df03ee1-1152x1536.jpg 1152w, https:\/\/przylep.edu.pl\/przedszkole\/wp-content\/uploads\/2024\/02\/9d9d14dd-ca6e-4e9b-a051-65dc6df03ee1.jpg 1500w\" sizes=\"auto, (max-width: 768px) 100vw, 768px\" \/><\/figure>\n\n\n\n<figure class=\"wp-block-image size-large\"><img loading=\"lazy\" decoding=\"async\" width=\"577\" height=\"1024\" data-id=\"9642\" src=\"https:\/\/przylep.edu.pl\/przedszkole\/wp-content\/uploads\/2024\/02\/63c2bef2-e0f9-4327-b608-ee2ecbacc32c-577x1024.jpg\" alt=\"\" class=\"wp-image-9642\" srcset=\"https:\/\/przylep.edu.pl\/przedszkole\/wp-content\/uploads\/2024\/02\/63c2bef2-e0f9-4327-b608-ee2ecbacc32c-577x1024.jpg 577w, https:\/\/przylep.edu.pl\/przedszkole\/wp-content\/uploads\/2024\/02\/63c2bef2-e0f9-4327-b608-ee2ecbacc32c-169x300.jpg 169w, https:\/\/przylep.edu.pl\/przedszkole\/wp-content\/uploads\/2024\/02\/63c2bef2-e0f9-4327-b608-ee2ecbacc32c-768x1363.jpg 768w, https:\/\/przylep.edu.pl\/przedszkole\/wp-content\/uploads\/2024\/02\/63c2bef2-e0f9-4327-b608-ee2ecbacc32c-865x1536.jpg 865w, https:\/\/przylep.edu.pl\/przedszkole\/wp-content\/uploads\/2024\/02\/63c2bef2-e0f9-4327-b608-ee2ecbacc32c.jpg 977w\" sizes=\"auto, (max-width: 577px) 100vw, 577px\" \/><\/figure>\n<\/figure>\n\n\n\n<figure class=\"wp-block-gallery has-nested-images columns-default is-cropped wp-block-gallery-7 is-layout-flex wp-block-gallery-is-layout-flex\">\n<figure class=\"wp-block-image size-large\"><img loading=\"lazy\" decoding=\"async\" width=\"1024\" height=\"577\" data-id=\"9643\" src=\"https:\/\/przylep.edu.pl\/przedszkole\/wp-content\/uploads\/2024\/02\/e01e3d36-e536-40fa-8778-04abf0cefebc-1024x577.jpg\" alt=\"\" class=\"wp-image-9643\" srcset=\"https:\/\/przylep.edu.pl\/przedszkole\/wp-content\/uploads\/2024\/02\/e01e3d36-e536-40fa-8778-04abf0cefebc-1024x577.jpg 1024w, https:\/\/przylep.edu.pl\/przedszkole\/wp-content\/uploads\/2024\/02\/e01e3d36-e536-40fa-8778-04abf0cefebc-300x169.jpg 300w, https:\/\/przylep.edu.pl\/przedszkole\/wp-content\/uploads\/2024\/02\/e01e3d36-e536-40fa-8778-04abf0cefebc-768x433.jpg 768w, https:\/\/przylep.edu.pl\/przedszkole\/wp-content\/uploads\/2024\/02\/e01e3d36-e536-40fa-8778-04abf0cefebc-1536x865.jpg 1536w, https:\/\/przylep.edu.pl\/przedszkole\/wp-content\/uploads\/2024\/02\/e01e3d36-e536-40fa-8778-04abf0cefebc.jpg 1734w\" sizes=\"auto, (max-width: 1024px) 100vw, 1024px\" \/><\/figure>\n<\/figure>\n","protected":false},"excerpt":{"rendered":"<p>28 stycznia ju\u017c po raz kolejny w naszej plac\u00f3wce &#8222;zagra\u0142a&#8221; Wielka Orkiestra \u015awi\u0105tecznej Pomocy. Wielkie granie wystartowa\u0142o w Przylepie ju\u017c od \u015brody 24 stycznia! Ka\u017cdy przedszkolak m\u00f3g\u0142 zakr\u0119ci\u0107 ko\u0142em fortuny i wybra\u0107 sobie wymarzony upominek. Tegoroczny fina\u0142 WO\u015aP odby\u0142 si\u0119 w GOKSiR w Przec\u0142awiu. Nasze przedszkolaki i uczniowie klas pierwszych wyst\u0105pi\u0142y na wielkiej scenie prezentuj\u0105c [&hellip;]<\/p>\n","protected":false},"author":2,"featured_media":9630,"comment_status":"closed","ping_status":"open","sticky":false,"template":"","format":"standard","meta":{"footnotes":""},"categories":[45,41,40],"tags":[],"class_list":["post-9629","post","type-post","status-publish","format-standard","has-post-thumbnail","hentry","category-aktualnosci","category-galerie","category-strona-glowna"],"_links":{"self":[{"href":"https:\/\/przylep.edu.pl\/przedszkole\/wp-json\/wp\/v2\/posts\/9629","targetHints":{"allow":["GET"]}}],"collection":[{"href":"https:\/\/przylep.edu.pl\/przedszkole\/wp-json\/wp\/v2\/posts"}],"about":[{"href":"https:\/\/przylep.edu.pl\/przedszkole\/wp-json\/wp\/v2\/types\/post"}],"author":[{"embeddable":true,"href":"https:\/\/przylep.edu.pl\/przedszkole\/wp-json\/wp\/v2\/users\/2"}],"replies":[{"embeddable":true,"href":"https:\/\/przylep.edu.pl\/przedszkole\/wp-json\/wp\/v2\/comments?post=9629"}],"version-history":[{"count":1,"href":"https:\/\/przylep.edu.pl\/przedszkole\/wp-json\/wp\/v2\/posts\/9629\/revisions"}],"predecessor-version":[{"id":9644,"href":"https:\/\/przylep.edu.pl\/przedszkole\/wp-json\/wp\/v2\/posts\/9629\/revisions\/9644"}],"wp:featuredmedia":[{"embeddable":true,"href":"https:\/\/przylep.edu.pl\/przedszkole\/wp-json\/wp\/v2\/media\/9630"}],"wp:attachment":[{"href":"https:\/\/przylep.edu.pl\/przedszkole\/wp-json\/wp\/v2\/media?parent=9629"}],"wp:term":[{"taxonomy":"category","embeddable":true,"href":"https:\/\/przylep.edu.pl\/przedszkole\/wp-json\/wp\/v2\/categories?post=9629"},{"taxonomy":"post_tag","embeddable":true,"href":"https:\/\/przylep.edu.pl\/przedszkole\/wp-json\/wp\/v2\/tags?post=9629"}],"curies":[{"name":"wp","href":"https:\/\/api.w.org\/{rel}","templated":true}]}}