{"id":9616,"date":"2023-12-26T18:27:28","date_gmt":"2023-12-26T17:27:28","guid":{"rendered":"https:\/\/przylep.edu.pl\/przedszkole\/?p=9616"},"modified":"2024-02-05T18:37:59","modified_gmt":"2024-02-05T17:37:59","slug":"kraina-elfow-w-przylepie","status":"publish","type":"post","link":"https:\/\/przylep.edu.pl\/przedszkole\/2023\/12\/26\/kraina-elfow-w-przylepie\/","title":{"rendered":"Kraina Elf\u00f3w w Przylepie"},"content":{"rendered":"\n<p>Zaraz przed \u015bwi\u0119tami, <\/p>\n\n\n\n<p>od samego ranka, <\/p>\n\n\n\n<p>czeka\u0142a na dzieci wielka niespodzianka! <\/p>\n\n\n\n<p>od rana zamkni\u0119to sal\u0119 gimnastyczn\u0105 <\/p>\n\n\n\n<p>wzbudzaj\u0105c ciekawo\u015b\u0107 wr\u0119cz&#8230;elfiastyczn\u0105! <\/p>\n\n\n\n<p>Emocje prawie zenitu si\u0119ga\u0142y, <\/p>\n\n\n\n<p>gdy nasze Panie kolejno znika\u0142y <img loading=\"lazy\" decoding=\"async\" height=\"16\" width=\"16\" src=\"https:\/\/static.xx.fbcdn.net\/images\/emoji.php\/v9\/tab\/1.5\/16\/1f648.png\" alt=\"\ud83d\ude48\"> <\/p>\n\n\n\n<p>A gdy znikn\u0105\u0142 nawet nasz Pan wuefista, <\/p>\n\n\n\n<p>to si\u0119 sytuacja sta\u0142a oczywista!<\/p>\n\n\n\n<p> Przylepscy belfrowie dzi\u015b wyluzowali: <\/p>\n\n\n\n<p>na wycieczk\u0119 do krainy Elf\u00f3w nas zabrali! <\/p>\n\n\n\n<p>Niemo\u017cliwe? W Przylepie nie ma tego s\u0142owa<img loading=\"lazy\" decoding=\"async\" height=\"16\" width=\"16\" src=\"https:\/\/static.xx.fbcdn.net\/images\/emoji.php\/v9\/ta8\/1.5\/16\/1f601.png\" alt=\"\ud83d\ude01\">, <\/p>\n\n\n\n<p>a kadra przylepska zdolna, pomys\u0142owa&#8230;<img loading=\"lazy\" decoding=\"async\" height=\"16\" width=\"16\" src=\"https:\/\/static.xx.fbcdn.net\/images\/emoji.php\/v9\/tb0\/1.5\/16\/1f609.png\" alt=\"\ud83d\ude09\"> <\/p>\n\n\n\n<p>Zreszt\u0105 Kochani koniec gadania. <\/p>\n\n\n\n<p>Przylep zaprasza do ogl\u0105dania<img loading=\"lazy\" decoding=\"async\" height=\"16\" width=\"16\" src=\"https:\/\/static.xx.fbcdn.net\/images\/emoji.php\/v9\/ta5\/1.5\/16\/1f642.png\" alt=\"\ud83d\ude42\"><a href=\"https:\/\/youtu.be\/UXe6e25-ltM?si=o-S61ChGzd7minJI\" target=\"_blank\" rel=\"noreferrer noopener\">https:\/\/youtu.be\/UXe6e25-ltM?si=o-S61ChGzd7minJI<\/a><\/p>\n\n\n\n<figure class=\"wp-block-gallery has-nested-images columns-default is-cropped wp-block-gallery-1 is-layout-flex wp-block-gallery-is-layout-flex\">\n<figure class=\"wp-block-image size-large\"><img loading=\"lazy\" decoding=\"async\" width=\"769\" height=\"1024\" data-id=\"9618\" src=\"https:\/\/przylep.edu.pl\/przedszkole\/wp-content\/uploads\/2024\/02\/403401968_325271660387835_1861928058979763917_n-769x1024.jpg\" alt=\"\" class=\"wp-image-9618\" srcset=\"https:\/\/przylep.edu.pl\/przedszkole\/wp-content\/uploads\/2024\/02\/403401968_325271660387835_1861928058979763917_n-769x1024.jpg 769w, https:\/\/przylep.edu.pl\/przedszkole\/wp-content\/uploads\/2024\/02\/403401968_325271660387835_1861928058979763917_n-225x300.jpg 225w, https:\/\/przylep.edu.pl\/przedszkole\/wp-content\/uploads\/2024\/02\/403401968_325271660387835_1861928058979763917_n-768x1023.jpg 768w, https:\/\/przylep.edu.pl\/przedszkole\/wp-content\/uploads\/2024\/02\/403401968_325271660387835_1861928058979763917_n-1153x1536.jpg 1153w, https:\/\/przylep.edu.pl\/przedszkole\/wp-content\/uploads\/2024\/02\/403401968_325271660387835_1861928058979763917_n.jpg 1388w\" sizes=\"auto, (max-width: 769px) 100vw, 769px\" \/><\/figure>\n\n\n\n<figure class=\"wp-block-image size-large\"><img loading=\"lazy\" decoding=\"async\" width=\"769\" height=\"1024\" data-id=\"9619\" src=\"https:\/\/przylep.edu.pl\/przedszkole\/wp-content\/uploads\/2024\/02\/407298053_772991041306649_158039588630492303_n-769x1024.jpg\" alt=\"\" class=\"wp-image-9619\" srcset=\"https:\/\/przylep.edu.pl\/przedszkole\/wp-content\/uploads\/2024\/02\/407298053_772991041306649_158039588630492303_n-769x1024.jpg 769w, https:\/\/przylep.edu.pl\/przedszkole\/wp-content\/uploads\/2024\/02\/407298053_772991041306649_158039588630492303_n-225x300.jpg 225w, https:\/\/przylep.edu.pl\/przedszkole\/wp-content\/uploads\/2024\/02\/407298053_772991041306649_158039588630492303_n-768x1023.jpg 768w, https:\/\/przylep.edu.pl\/przedszkole\/wp-content\/uploads\/2024\/02\/407298053_772991041306649_158039588630492303_n-1153x1536.jpg 1153w, https:\/\/przylep.edu.pl\/przedszkole\/wp-content\/uploads\/2024\/02\/407298053_772991041306649_158039588630492303_n.jpg 1388w\" sizes=\"auto, (max-width: 769px) 100vw, 769px\" \/><\/figure>\n<\/figure>\n\n\n\n<figure class=\"wp-block-image size-large\"><img loading=\"lazy\" decoding=\"async\" width=\"1024\" height=\"769\" src=\"https:\/\/przylep.edu.pl\/przedszkole\/wp-content\/uploads\/2024\/02\/406913355_311653008510206_4737667253139789251_n-1024x769.jpg\" alt=\"\" class=\"wp-image-9620\" srcset=\"https:\/\/przylep.edu.pl\/przedszkole\/wp-content\/uploads\/2024\/02\/406913355_311653008510206_4737667253139789251_n-1024x769.jpg 1024w, https:\/\/przylep.edu.pl\/przedszkole\/wp-content\/uploads\/2024\/02\/406913355_311653008510206_4737667253139789251_n-300x225.jpg 300w, https:\/\/przylep.edu.pl\/przedszkole\/wp-content\/uploads\/2024\/02\/406913355_311653008510206_4737667253139789251_n-768x577.jpg 768w, https:\/\/przylep.edu.pl\/przedszkole\/wp-content\/uploads\/2024\/02\/406913355_311653008510206_4737667253139789251_n-1536x1153.jpg 1536w, https:\/\/przylep.edu.pl\/przedszkole\/wp-content\/uploads\/2024\/02\/406913355_311653008510206_4737667253139789251_n-600x450.jpg 600w, https:\/\/przylep.edu.pl\/przedszkole\/wp-content\/uploads\/2024\/02\/406913355_311653008510206_4737667253139789251_n.jpg 1849w\" sizes=\"auto, (max-width: 1024px) 100vw, 1024px\" \/><\/figure>\n\n\n\n<figure class=\"wp-block-gallery has-nested-images columns-default is-cropped wp-block-gallery-2 is-layout-flex wp-block-gallery-is-layout-flex\">\n<figure class=\"wp-block-image size-large\"><img loading=\"lazy\" decoding=\"async\" width=\"769\" height=\"1024\" data-id=\"9622\" src=\"https:\/\/przylep.edu.pl\/przedszkole\/wp-content\/uploads\/2024\/02\/407309729_1039258033963893_5395981122670283743_n-769x1024.jpg\" alt=\"\" class=\"wp-image-9622\" srcset=\"https:\/\/przylep.edu.pl\/przedszkole\/wp-content\/uploads\/2024\/02\/407309729_1039258033963893_5395981122670283743_n-769x1024.jpg 769w, https:\/\/przylep.edu.pl\/przedszkole\/wp-content\/uploads\/2024\/02\/407309729_1039258033963893_5395981122670283743_n-225x300.jpg 225w, https:\/\/przylep.edu.pl\/przedszkole\/wp-content\/uploads\/2024\/02\/407309729_1039258033963893_5395981122670283743_n-768x1023.jpg 768w, https:\/\/przylep.edu.pl\/przedszkole\/wp-content\/uploads\/2024\/02\/407309729_1039258033963893_5395981122670283743_n-1153x1536.jpg 1153w, https:\/\/przylep.edu.pl\/przedszkole\/wp-content\/uploads\/2024\/02\/407309729_1039258033963893_5395981122670283743_n.jpg 1388w\" sizes=\"auto, (max-width: 769px) 100vw, 769px\" \/><\/figure>\n\n\n\n<figure class=\"wp-block-image size-large\"><img loading=\"lazy\" decoding=\"async\" width=\"769\" height=\"1024\" data-id=\"9621\" src=\"https:\/\/przylep.edu.pl\/przedszkole\/wp-content\/uploads\/2024\/02\/412729659_1068275367559428_4803339134887752377_n-769x1024.jpg\" alt=\"\" class=\"wp-image-9621\" srcset=\"https:\/\/przylep.edu.pl\/przedszkole\/wp-content\/uploads\/2024\/02\/412729659_1068275367559428_4803339134887752377_n-769x1024.jpg 769w, https:\/\/przylep.edu.pl\/przedszkole\/wp-content\/uploads\/2024\/02\/412729659_1068275367559428_4803339134887752377_n-225x300.jpg 225w, https:\/\/przylep.edu.pl\/przedszkole\/wp-content\/uploads\/2024\/02\/412729659_1068275367559428_4803339134887752377_n-768x1023.jpg 768w, https:\/\/przylep.edu.pl\/przedszkole\/wp-content\/uploads\/2024\/02\/412729659_1068275367559428_4803339134887752377_n-1153x1536.jpg 1153w, https:\/\/przylep.edu.pl\/przedszkole\/wp-content\/uploads\/2024\/02\/412729659_1068275367559428_4803339134887752377_n.jpg 1388w\" sizes=\"auto, (max-width: 769px) 100vw, 769px\" \/><\/figure>\n<\/figure>\n\n\n\n<figure class=\"wp-block-gallery has-nested-images columns-default is-cropped wp-block-gallery-3 is-layout-flex wp-block-gallery-is-layout-flex\">\n<figure class=\"wp-block-image size-large\"><img loading=\"lazy\" decoding=\"async\" width=\"1024\" height=\"769\" data-id=\"9623\" src=\"https:\/\/przylep.edu.pl\/przedszkole\/wp-content\/uploads\/2024\/02\/412762337_279391141775093_1728890676011977407_n-1024x769.jpg\" alt=\"\" class=\"wp-image-9623\" srcset=\"https:\/\/przylep.edu.pl\/przedszkole\/wp-content\/uploads\/2024\/02\/412762337_279391141775093_1728890676011977407_n-1024x769.jpg 1024w, https:\/\/przylep.edu.pl\/przedszkole\/wp-content\/uploads\/2024\/02\/412762337_279391141775093_1728890676011977407_n-300x225.jpg 300w, https:\/\/przylep.edu.pl\/przedszkole\/wp-content\/uploads\/2024\/02\/412762337_279391141775093_1728890676011977407_n-768x577.jpg 768w, https:\/\/przylep.edu.pl\/przedszkole\/wp-content\/uploads\/2024\/02\/412762337_279391141775093_1728890676011977407_n-1536x1153.jpg 1536w, https:\/\/przylep.edu.pl\/przedszkole\/wp-content\/uploads\/2024\/02\/412762337_279391141775093_1728890676011977407_n-600x450.jpg 600w, https:\/\/przylep.edu.pl\/przedszkole\/wp-content\/uploads\/2024\/02\/412762337_279391141775093_1728890676011977407_n.jpg 1849w\" sizes=\"auto, (max-width: 1024px) 100vw, 1024px\" \/><\/figure>\n<\/figure>\n\n\n\n<figure class=\"wp-block-gallery has-nested-images columns-default is-cropped wp-block-gallery-4 is-layout-flex wp-block-gallery-is-layout-flex\">\n<figure class=\"wp-block-image size-large\"><img loading=\"lazy\" decoding=\"async\" width=\"1024\" height=\"461\" data-id=\"9626\" src=\"https:\/\/przylep.edu.pl\/przedszkole\/wp-content\/uploads\/2024\/02\/403416151_729039135954761_6688658429265355145_n-1-1024x461.jpg\" alt=\"\" class=\"wp-image-9626\" srcset=\"https:\/\/przylep.edu.pl\/przedszkole\/wp-content\/uploads\/2024\/02\/403416151_729039135954761_6688658429265355145_n-1-1024x461.jpg 1024w, https:\/\/przylep.edu.pl\/przedszkole\/wp-content\/uploads\/2024\/02\/403416151_729039135954761_6688658429265355145_n-1-300x135.jpg 300w, https:\/\/przylep.edu.pl\/przedszkole\/wp-content\/uploads\/2024\/02\/403416151_729039135954761_6688658429265355145_n-1-768x346.jpg 768w, https:\/\/przylep.edu.pl\/przedszkole\/wp-content\/uploads\/2024\/02\/403416151_729039135954761_6688658429265355145_n-1-1536x691.jpg 1536w, https:\/\/przylep.edu.pl\/przedszkole\/wp-content\/uploads\/2024\/02\/403416151_729039135954761_6688658429265355145_n-1.jpg 2000w\" sizes=\"auto, (max-width: 1024px) 100vw, 1024px\" \/><\/figure>\n<\/figure>\n","protected":false},"excerpt":{"rendered":"<p>Zaraz przed \u015bwi\u0119tami, od samego ranka, czeka\u0142a na dzieci wielka niespodzianka! od rana zamkni\u0119to sal\u0119 gimnastyczn\u0105 wzbudzaj\u0105c ciekawo\u015b\u0107 wr\u0119cz&#8230;elfiastyczn\u0105! Emocje prawie zenitu si\u0119ga\u0142y, gdy nasze Panie kolejno znika\u0142y A gdy znikn\u0105\u0142 nawet nasz Pan wuefista, to si\u0119 sytuacja sta\u0142a oczywista! Przylepscy belfrowie dzi\u015b wyluzowali: na wycieczk\u0119 do krainy Elf\u00f3w nas zabrali! Niemo\u017cliwe? W Przylepie nie [&hellip;]<\/p>\n","protected":false},"author":2,"featured_media":9617,"comment_status":"closed","ping_status":"open","sticky":false,"template":"","format":"standard","meta":{"footnotes":""},"categories":[45,41,40],"tags":[],"class_list":["post-9616","post","type-post","status-publish","format-standard","has-post-thumbnail","hentry","category-aktualnosci","category-galerie","category-strona-glowna"],"_links":{"self":[{"href":"https:\/\/przylep.edu.pl\/przedszkole\/wp-json\/wp\/v2\/posts\/9616","targetHints":{"allow":["GET"]}}],"collection":[{"href":"https:\/\/przylep.edu.pl\/przedszkole\/wp-json\/wp\/v2\/posts"}],"about":[{"href":"https:\/\/przylep.edu.pl\/przedszkole\/wp-json\/wp\/v2\/types\/post"}],"author":[{"embeddable":true,"href":"https:\/\/przylep.edu.pl\/przedszkole\/wp-json\/wp\/v2\/users\/2"}],"replies":[{"embeddable":true,"href":"https:\/\/przylep.edu.pl\/przedszkole\/wp-json\/wp\/v2\/comments?post=9616"}],"version-history":[{"count":1,"href":"https:\/\/przylep.edu.pl\/przedszkole\/wp-json\/wp\/v2\/posts\/9616\/revisions"}],"predecessor-version":[{"id":9627,"href":"https:\/\/przylep.edu.pl\/przedszkole\/wp-json\/wp\/v2\/posts\/9616\/revisions\/9627"}],"wp:featuredmedia":[{"embeddable":true,"href":"https:\/\/przylep.edu.pl\/przedszkole\/wp-json\/wp\/v2\/media\/9617"}],"wp:attachment":[{"href":"https:\/\/przylep.edu.pl\/przedszkole\/wp-json\/wp\/v2\/media?parent=9616"}],"wp:term":[{"taxonomy":"category","embeddable":true,"href":"https:\/\/przylep.edu.pl\/przedszkole\/wp-json\/wp\/v2\/categories?post=9616"},{"taxonomy":"post_tag","embeddable":true,"href":"https:\/\/przylep.edu.pl\/przedszkole\/wp-json\/wp\/v2\/tags?post=9616"}],"curies":[{"name":"wp","href":"https:\/\/api.w.org\/{rel}","templated":true}]}}