{"id":9607,"date":"2024-01-30T21:09:37","date_gmt":"2024-01-30T20:09:37","guid":{"rendered":"https:\/\/przylep.edu.pl\/przedszkole\/?p=9607"},"modified":"2024-01-31T21:28:47","modified_gmt":"2024-01-31T20:28:47","slug":"smerfny-dzien-babci-dziadka","status":"publish","type":"post","link":"https:\/\/przylep.edu.pl\/przedszkole\/2024\/01\/30\/smerfny-dzien-babci-dziadka\/","title":{"rendered":"Smerfny Dzie\u0144 Babci  i Dziadka"},"content":{"rendered":"\n<p>30 stycznia grupa limonkowa zaprosi\u0142a Swoich dziadk\u00f3w na smerfne przedstawienie. Nie zabrak\u0142o Smerfetki, Zgrywusa, czy Papy Smerfa&#8230;  Przedszkolaki \u015bpiewa\u0142y,  ta\u0144czy\u0142y w rytm smerfnych hit\u00f3w pokazuj\u0105c Dziadkom swoje ukryte talenty.  Smerfn\u0105 przygod\u0119 przedszkolaki zako\u0144czy\u0142y wsp\u00f3lnym ta\u0144cem z dziadkami. <\/p>\n\n\n\n<p>Babciu, Dziadku Sto Lat!<\/p>\n\n\n\n<figure class=\"wp-block-image size-large\"><img loading=\"lazy\" decoding=\"async\" width=\"1024\" height=\"768\" src=\"https:\/\/przylep.edu.pl\/przedszkole\/wp-content\/uploads\/2024\/01\/424571895_7130886386959648_6701113759637911118_n-1024x768.jpg\" alt=\"\" class=\"wp-image-9608\" srcset=\"https:\/\/przylep.edu.pl\/przedszkole\/wp-content\/uploads\/2024\/01\/424571895_7130886386959648_6701113759637911118_n-1024x768.jpg 1024w, https:\/\/przylep.edu.pl\/przedszkole\/wp-content\/uploads\/2024\/01\/424571895_7130886386959648_6701113759637911118_n-300x225.jpg 300w, https:\/\/przylep.edu.pl\/przedszkole\/wp-content\/uploads\/2024\/01\/424571895_7130886386959648_6701113759637911118_n-768x576.jpg 768w, https:\/\/przylep.edu.pl\/przedszkole\/wp-content\/uploads\/2024\/01\/424571895_7130886386959648_6701113759637911118_n-600x450.jpg 600w, https:\/\/przylep.edu.pl\/przedszkole\/wp-content\/uploads\/2024\/01\/424571895_7130886386959648_6701113759637911118_n.jpg 1080w\" sizes=\"auto, (max-width: 1024px) 100vw, 1024px\" \/><\/figure>\n\n\n\n<figure class=\"wp-block-image size-full\"><img loading=\"lazy\" decoding=\"async\" width=\"960\" height=\"540\" src=\"https:\/\/przylep.edu.pl\/przedszkole\/wp-content\/uploads\/2024\/01\/424591879_1230225027938516_444954340727487514_n.jpg\" alt=\"\" class=\"wp-image-9609\" srcset=\"https:\/\/przylep.edu.pl\/przedszkole\/wp-content\/uploads\/2024\/01\/424591879_1230225027938516_444954340727487514_n.jpg 960w, https:\/\/przylep.edu.pl\/przedszkole\/wp-content\/uploads\/2024\/01\/424591879_1230225027938516_444954340727487514_n-300x169.jpg 300w, https:\/\/przylep.edu.pl\/przedszkole\/wp-content\/uploads\/2024\/01\/424591879_1230225027938516_444954340727487514_n-768x432.jpg 768w\" sizes=\"auto, (max-width: 960px) 100vw, 960px\" \/><\/figure>\n\n\n\n<figure class=\"wp-block-gallery has-nested-images columns-default is-cropped wp-block-gallery-1 is-layout-flex wp-block-gallery-is-layout-flex\">\n<figure class=\"wp-block-image size-large\"><img loading=\"lazy\" decoding=\"async\" width=\"960\" height=\"720\" data-id=\"9610\" src=\"https:\/\/przylep.edu.pl\/przedszkole\/wp-content\/uploads\/2024\/01\/421906478_7351558944866746_2554973909179599196_n.jpg\" alt=\"\" class=\"wp-image-9610\" srcset=\"https:\/\/przylep.edu.pl\/przedszkole\/wp-content\/uploads\/2024\/01\/421906478_7351558944866746_2554973909179599196_n.jpg 960w, https:\/\/przylep.edu.pl\/przedszkole\/wp-content\/uploads\/2024\/01\/421906478_7351558944866746_2554973909179599196_n-300x225.jpg 300w, https:\/\/przylep.edu.pl\/przedszkole\/wp-content\/uploads\/2024\/01\/421906478_7351558944866746_2554973909179599196_n-768x576.jpg 768w, https:\/\/przylep.edu.pl\/przedszkole\/wp-content\/uploads\/2024\/01\/421906478_7351558944866746_2554973909179599196_n-600x450.jpg 600w\" sizes=\"auto, (max-width: 960px) 100vw, 960px\" \/><\/figure>\n<\/figure>\n\n\n\n<figure class=\"wp-block-image size-large\"><img loading=\"lazy\" decoding=\"async\" width=\"1024\" height=\"461\" src=\"https:\/\/przylep.edu.pl\/przedszkole\/wp-content\/uploads\/2024\/01\/424614712_7059483120765389_178946762093554311_n-1024x461.jpg\" alt=\"\" class=\"wp-image-9611\" srcset=\"https:\/\/przylep.edu.pl\/przedszkole\/wp-content\/uploads\/2024\/01\/424614712_7059483120765389_178946762093554311_n-1024x461.jpg 1024w, https:\/\/przylep.edu.pl\/przedszkole\/wp-content\/uploads\/2024\/01\/424614712_7059483120765389_178946762093554311_n-300x135.jpg 300w, https:\/\/przylep.edu.pl\/przedszkole\/wp-content\/uploads\/2024\/01\/424614712_7059483120765389_178946762093554311_n-768x346.jpg 768w, https:\/\/przylep.edu.pl\/przedszkole\/wp-content\/uploads\/2024\/01\/424614712_7059483120765389_178946762093554311_n.jpg 1422w\" sizes=\"auto, (max-width: 1024px) 100vw, 1024px\" \/><\/figure>\n","protected":false},"excerpt":{"rendered":"<p>30 stycznia grupa limonkowa zaprosi\u0142a Swoich dziadk\u00f3w na smerfne przedstawienie. Nie zabrak\u0142o Smerfetki, Zgrywusa, czy Papy Smerfa&#8230; Przedszkolaki \u015bpiewa\u0142y, ta\u0144czy\u0142y w rytm smerfnych hit\u00f3w pokazuj\u0105c Dziadkom swoje ukryte talenty. Smerfn\u0105 przygod\u0119 przedszkolaki zako\u0144czy\u0142y wsp\u00f3lnym ta\u0144cem z dziadkami. Babciu, Dziadku Sto Lat!<\/p>\n","protected":false},"author":2,"featured_media":9612,"comment_status":"closed","ping_status":"open","sticky":false,"template":"","format":"standard","meta":{"footnotes":""},"categories":[45,41,40],"tags":[],"class_list":["post-9607","post","type-post","status-publish","format-standard","has-post-thumbnail","hentry","category-aktualnosci","category-galerie","category-strona-glowna"],"_links":{"self":[{"href":"https:\/\/przylep.edu.pl\/przedszkole\/wp-json\/wp\/v2\/posts\/9607","targetHints":{"allow":["GET"]}}],"collection":[{"href":"https:\/\/przylep.edu.pl\/przedszkole\/wp-json\/wp\/v2\/posts"}],"about":[{"href":"https:\/\/przylep.edu.pl\/przedszkole\/wp-json\/wp\/v2\/types\/post"}],"author":[{"embeddable":true,"href":"https:\/\/przylep.edu.pl\/przedszkole\/wp-json\/wp\/v2\/users\/2"}],"replies":[{"embeddable":true,"href":"https:\/\/przylep.edu.pl\/przedszkole\/wp-json\/wp\/v2\/comments?post=9607"}],"version-history":[{"count":2,"href":"https:\/\/przylep.edu.pl\/przedszkole\/wp-json\/wp\/v2\/posts\/9607\/revisions"}],"predecessor-version":[{"id":9615,"href":"https:\/\/przylep.edu.pl\/przedszkole\/wp-json\/wp\/v2\/posts\/9607\/revisions\/9615"}],"wp:featuredmedia":[{"embeddable":true,"href":"https:\/\/przylep.edu.pl\/przedszkole\/wp-json\/wp\/v2\/media\/9612"}],"wp:attachment":[{"href":"https:\/\/przylep.edu.pl\/przedszkole\/wp-json\/wp\/v2\/media?parent=9607"}],"wp:term":[{"taxonomy":"category","embeddable":true,"href":"https:\/\/przylep.edu.pl\/przedszkole\/wp-json\/wp\/v2\/categories?post=9607"},{"taxonomy":"post_tag","embeddable":true,"href":"https:\/\/przylep.edu.pl\/przedszkole\/wp-json\/wp\/v2\/tags?post=9607"}],"curies":[{"name":"wp","href":"https:\/\/api.w.org\/{rel}","templated":true}]}}