{"id":9570,"date":"2023-12-01T09:45:08","date_gmt":"2023-12-01T08:45:08","guid":{"rendered":"https:\/\/przylep.edu.pl\/przedszkole\/?p=9570"},"modified":"2024-01-01T18:39:20","modified_gmt":"2024-01-01T17:39:20","slug":"zajecia-z-rodzicem-w-klasie-iii","status":"publish","type":"post","link":"https:\/\/przylep.edu.pl\/przedszkole\/2023\/12\/01\/zajecia-z-rodzicem-w-klasie-iii\/","title":{"rendered":"Zaj\u0119cia z rodzicem w klasie III"},"content":{"rendered":"\n<p>W pi\u0105tek 24 listopada by\u0142 u nas tata Daniela, \u017ceby poprowadzi\u0107 zaj\u0119cia.  Najpierw robili\u015bmy klocki z papierowych torebek i ozdabiali\u015bmy je r\u00f3\u017cnymi wzorkami. Potem ogl\u0105dali\u015bmy film o tym jak powstawa\u0142y samochody. Na koniec podzielili\u015bmy si\u0119 na grupy i robili\u015bmy to samo, tylko razem. Najbardziej podoba\u0142a mi si\u0119 praca w grupie.  <\/p>\n\n\n\n<p class=\"has-text-align-right\">Nela Werszko, uczennica klasy III<\/p>\n\n\n\n<figure class=\"wp-block-gallery has-nested-images columns-default is-cropped wp-block-gallery-1 is-layout-flex wp-block-gallery-is-layout-flex\">\n<figure class=\"wp-block-image size-large\"><img loading=\"lazy\" decoding=\"async\" width=\"1024\" height=\"768\" data-id=\"9571\" src=\"https:\/\/przylep.edu.pl\/przedszkole\/wp-content\/uploads\/2023\/12\/8dc42644-8255-4193-a49c-e339b3b8ef7c-1024x768.jpg\" alt=\"\" class=\"wp-image-9571\" srcset=\"https:\/\/przylep.edu.pl\/przedszkole\/wp-content\/uploads\/2023\/12\/8dc42644-8255-4193-a49c-e339b3b8ef7c-1024x768.jpg 1024w, https:\/\/przylep.edu.pl\/przedszkole\/wp-content\/uploads\/2023\/12\/8dc42644-8255-4193-a49c-e339b3b8ef7c-300x225.jpg 300w, https:\/\/przylep.edu.pl\/przedszkole\/wp-content\/uploads\/2023\/12\/8dc42644-8255-4193-a49c-e339b3b8ef7c-768x576.jpg 768w, https:\/\/przylep.edu.pl\/przedszkole\/wp-content\/uploads\/2023\/12\/8dc42644-8255-4193-a49c-e339b3b8ef7c-1536x1152.jpg 1536w, https:\/\/przylep.edu.pl\/przedszkole\/wp-content\/uploads\/2023\/12\/8dc42644-8255-4193-a49c-e339b3b8ef7c-600x450.jpg 600w, https:\/\/przylep.edu.pl\/przedszkole\/wp-content\/uploads\/2023\/12\/8dc42644-8255-4193-a49c-e339b3b8ef7c.jpg 2040w\" sizes=\"auto, (max-width: 1024px) 100vw, 1024px\" \/><\/figure>\n<\/figure>\n\n\n\n<p><\/p>\n\n\n\n<figure class=\"wp-block-gallery has-nested-images columns-default is-cropped wp-block-gallery-2 is-layout-flex wp-block-gallery-is-layout-flex\">\n<figure class=\"wp-block-image size-large\"><img loading=\"lazy\" decoding=\"async\" width=\"1024\" height=\"768\" data-id=\"9572\" src=\"https:\/\/przylep.edu.pl\/przedszkole\/wp-content\/uploads\/2023\/12\/19af86a0-9843-4c31-b9d2-a808f88bc1d7-1024x768.jpg\" alt=\"\" class=\"wp-image-9572\" srcset=\"https:\/\/przylep.edu.pl\/przedszkole\/wp-content\/uploads\/2023\/12\/19af86a0-9843-4c31-b9d2-a808f88bc1d7-1024x768.jpg 1024w, https:\/\/przylep.edu.pl\/przedszkole\/wp-content\/uploads\/2023\/12\/19af86a0-9843-4c31-b9d2-a808f88bc1d7-300x225.jpg 300w, https:\/\/przylep.edu.pl\/przedszkole\/wp-content\/uploads\/2023\/12\/19af86a0-9843-4c31-b9d2-a808f88bc1d7-768x576.jpg 768w, https:\/\/przylep.edu.pl\/przedszkole\/wp-content\/uploads\/2023\/12\/19af86a0-9843-4c31-b9d2-a808f88bc1d7-1536x1152.jpg 1536w, https:\/\/przylep.edu.pl\/przedszkole\/wp-content\/uploads\/2023\/12\/19af86a0-9843-4c31-b9d2-a808f88bc1d7-600x450.jpg 600w, https:\/\/przylep.edu.pl\/przedszkole\/wp-content\/uploads\/2023\/12\/19af86a0-9843-4c31-b9d2-a808f88bc1d7.jpg 2040w\" sizes=\"auto, (max-width: 1024px) 100vw, 1024px\" \/><\/figure>\n\n\n\n<figure class=\"wp-block-image size-large\"><img loading=\"lazy\" decoding=\"async\" width=\"1024\" height=\"768\" data-id=\"9573\" src=\"https:\/\/przylep.edu.pl\/przedszkole\/wp-content\/uploads\/2023\/12\/76ceec3e-8913-4c1a-911b-00670feed8bb-1024x768.jpg\" alt=\"\" class=\"wp-image-9573\" srcset=\"https:\/\/przylep.edu.pl\/przedszkole\/wp-content\/uploads\/2023\/12\/76ceec3e-8913-4c1a-911b-00670feed8bb-1024x768.jpg 1024w, https:\/\/przylep.edu.pl\/przedszkole\/wp-content\/uploads\/2023\/12\/76ceec3e-8913-4c1a-911b-00670feed8bb-300x225.jpg 300w, https:\/\/przylep.edu.pl\/przedszkole\/wp-content\/uploads\/2023\/12\/76ceec3e-8913-4c1a-911b-00670feed8bb-768x576.jpg 768w, https:\/\/przylep.edu.pl\/przedszkole\/wp-content\/uploads\/2023\/12\/76ceec3e-8913-4c1a-911b-00670feed8bb-1536x1152.jpg 1536w, https:\/\/przylep.edu.pl\/przedszkole\/wp-content\/uploads\/2023\/12\/76ceec3e-8913-4c1a-911b-00670feed8bb-600x450.jpg 600w, https:\/\/przylep.edu.pl\/przedszkole\/wp-content\/uploads\/2023\/12\/76ceec3e-8913-4c1a-911b-00670feed8bb.jpg 2040w\" sizes=\"auto, (max-width: 1024px) 100vw, 1024px\" \/><\/figure>\n<\/figure>\n\n\n\n<figure class=\"wp-block-gallery has-nested-images columns-default is-cropped wp-block-gallery-3 is-layout-flex wp-block-gallery-is-layout-flex\">\n<figure class=\"wp-block-image size-large\"><img loading=\"lazy\" decoding=\"async\" width=\"1024\" height=\"768\" data-id=\"9574\" src=\"https:\/\/przylep.edu.pl\/przedszkole\/wp-content\/uploads\/2023\/12\/48403853-b6e4-489b-8016-c273dcb7b60a-1024x768.jpg\" alt=\"\" class=\"wp-image-9574\" srcset=\"https:\/\/przylep.edu.pl\/przedszkole\/wp-content\/uploads\/2023\/12\/48403853-b6e4-489b-8016-c273dcb7b60a-1024x768.jpg 1024w, https:\/\/przylep.edu.pl\/przedszkole\/wp-content\/uploads\/2023\/12\/48403853-b6e4-489b-8016-c273dcb7b60a-300x225.jpg 300w, https:\/\/przylep.edu.pl\/przedszkole\/wp-content\/uploads\/2023\/12\/48403853-b6e4-489b-8016-c273dcb7b60a-768x576.jpg 768w, https:\/\/przylep.edu.pl\/przedszkole\/wp-content\/uploads\/2023\/12\/48403853-b6e4-489b-8016-c273dcb7b60a-1536x1152.jpg 1536w, https:\/\/przylep.edu.pl\/przedszkole\/wp-content\/uploads\/2023\/12\/48403853-b6e4-489b-8016-c273dcb7b60a-600x450.jpg 600w, https:\/\/przylep.edu.pl\/przedszkole\/wp-content\/uploads\/2023\/12\/48403853-b6e4-489b-8016-c273dcb7b60a.jpg 2040w\" sizes=\"auto, (max-width: 1024px) 100vw, 1024px\" \/><\/figure>\n<\/figure>\n\n\n\n<figure class=\"wp-block-gallery has-nested-images columns-default is-cropped wp-block-gallery-4 is-layout-flex wp-block-gallery-is-layout-flex\">\n<figure class=\"wp-block-image size-large\"><img loading=\"lazy\" decoding=\"async\" width=\"1024\" height=\"768\" data-id=\"9575\" src=\"https:\/\/przylep.edu.pl\/przedszkole\/wp-content\/uploads\/2023\/12\/ae6b1c97-9071-4b28-8440-b5196f5b5942-1024x768.jpg\" alt=\"\" class=\"wp-image-9575\" srcset=\"https:\/\/przylep.edu.pl\/przedszkole\/wp-content\/uploads\/2023\/12\/ae6b1c97-9071-4b28-8440-b5196f5b5942-1024x768.jpg 1024w, https:\/\/przylep.edu.pl\/przedszkole\/wp-content\/uploads\/2023\/12\/ae6b1c97-9071-4b28-8440-b5196f5b5942-300x225.jpg 300w, https:\/\/przylep.edu.pl\/przedszkole\/wp-content\/uploads\/2023\/12\/ae6b1c97-9071-4b28-8440-b5196f5b5942-768x576.jpg 768w, https:\/\/przylep.edu.pl\/przedszkole\/wp-content\/uploads\/2023\/12\/ae6b1c97-9071-4b28-8440-b5196f5b5942-1536x1152.jpg 1536w, https:\/\/przylep.edu.pl\/przedszkole\/wp-content\/uploads\/2023\/12\/ae6b1c97-9071-4b28-8440-b5196f5b5942-600x450.jpg 600w, https:\/\/przylep.edu.pl\/przedszkole\/wp-content\/uploads\/2023\/12\/ae6b1c97-9071-4b28-8440-b5196f5b5942.jpg 2040w\" sizes=\"auto, (max-width: 1024px) 100vw, 1024px\" \/><\/figure>\n\n\n\n<figure class=\"wp-block-image size-large\"><img loading=\"lazy\" decoding=\"async\" width=\"1024\" height=\"768\" data-id=\"9576\" src=\"https:\/\/przylep.edu.pl\/przedszkole\/wp-content\/uploads\/2023\/12\/da7734b6-f518-43db-816e-a2d5e932da62-1024x768.jpg\" alt=\"\" class=\"wp-image-9576\" srcset=\"https:\/\/przylep.edu.pl\/przedszkole\/wp-content\/uploads\/2023\/12\/da7734b6-f518-43db-816e-a2d5e932da62-1024x768.jpg 1024w, https:\/\/przylep.edu.pl\/przedszkole\/wp-content\/uploads\/2023\/12\/da7734b6-f518-43db-816e-a2d5e932da62-300x225.jpg 300w, https:\/\/przylep.edu.pl\/przedszkole\/wp-content\/uploads\/2023\/12\/da7734b6-f518-43db-816e-a2d5e932da62-768x576.jpg 768w, https:\/\/przylep.edu.pl\/przedszkole\/wp-content\/uploads\/2023\/12\/da7734b6-f518-43db-816e-a2d5e932da62-1536x1152.jpg 1536w, https:\/\/przylep.edu.pl\/przedszkole\/wp-content\/uploads\/2023\/12\/da7734b6-f518-43db-816e-a2d5e932da62-600x450.jpg 600w, https:\/\/przylep.edu.pl\/przedszkole\/wp-content\/uploads\/2023\/12\/da7734b6-f518-43db-816e-a2d5e932da62.jpg 2040w\" sizes=\"auto, (max-width: 1024px) 100vw, 1024px\" \/><\/figure>\n<\/figure>\n","protected":false},"excerpt":{"rendered":"<p>W pi\u0105tek 24 listopada by\u0142 u nas tata Daniela, \u017ceby poprowadzi\u0107 zaj\u0119cia. Najpierw robili\u015bmy klocki z papierowych torebek i ozdabiali\u015bmy je r\u00f3\u017cnymi wzorkami. Potem ogl\u0105dali\u015bmy film o tym jak powstawa\u0142y samochody. Na koniec podzielili\u015bmy si\u0119 na grupy i robili\u015bmy to samo, tylko razem. Najbardziej podoba\u0142a mi si\u0119 praca w grupie. Nela Werszko, uczennica klasy III<\/p>\n","protected":false},"author":2,"featured_media":9577,"comment_status":"closed","ping_status":"open","sticky":false,"template":"","format":"standard","meta":{"footnotes":""},"categories":[45,41,40],"tags":[],"class_list":["post-9570","post","type-post","status-publish","format-standard","has-post-thumbnail","hentry","category-aktualnosci","category-galerie","category-strona-glowna"],"_links":{"self":[{"href":"https:\/\/przylep.edu.pl\/przedszkole\/wp-json\/wp\/v2\/posts\/9570","targetHints":{"allow":["GET"]}}],"collection":[{"href":"https:\/\/przylep.edu.pl\/przedszkole\/wp-json\/wp\/v2\/posts"}],"about":[{"href":"https:\/\/przylep.edu.pl\/przedszkole\/wp-json\/wp\/v2\/types\/post"}],"author":[{"embeddable":true,"href":"https:\/\/przylep.edu.pl\/przedszkole\/wp-json\/wp\/v2\/users\/2"}],"replies":[{"embeddable":true,"href":"https:\/\/przylep.edu.pl\/przedszkole\/wp-json\/wp\/v2\/comments?post=9570"}],"version-history":[{"count":2,"href":"https:\/\/przylep.edu.pl\/przedszkole\/wp-json\/wp\/v2\/posts\/9570\/revisions"}],"predecessor-version":[{"id":9598,"href":"https:\/\/przylep.edu.pl\/przedszkole\/wp-json\/wp\/v2\/posts\/9570\/revisions\/9598"}],"wp:featuredmedia":[{"embeddable":true,"href":"https:\/\/przylep.edu.pl\/przedszkole\/wp-json\/wp\/v2\/media\/9577"}],"wp:attachment":[{"href":"https:\/\/przylep.edu.pl\/przedszkole\/wp-json\/wp\/v2\/media?parent=9570"}],"wp:term":[{"taxonomy":"category","embeddable":true,"href":"https:\/\/przylep.edu.pl\/przedszkole\/wp-json\/wp\/v2\/categories?post=9570"},{"taxonomy":"post_tag","embeddable":true,"href":"https:\/\/przylep.edu.pl\/przedszkole\/wp-json\/wp\/v2\/tags?post=9570"}],"curies":[{"name":"wp","href":"https:\/\/api.w.org\/{rel}","templated":true}]}}