{"id":9565,"date":"2023-12-06T20:45:28","date_gmt":"2023-12-06T19:45:28","guid":{"rendered":"https:\/\/przylep.edu.pl\/przedszkole\/?p=9565"},"modified":"2023-12-18T20:50:36","modified_gmt":"2023-12-18T19:50:36","slug":"warsztaty-zywieniowe-w-przedszkolu","status":"publish","type":"post","link":"https:\/\/przylep.edu.pl\/przedszkole\/2023\/12\/06\/warsztaty-zywieniowe-w-przedszkolu\/","title":{"rendered":"Warsztaty \u017cywieniowe w przedszkolu"},"content":{"rendered":"\n<p> Dnia 6.12 najstarsze grupy przedszkolne uczestniczy\u0142y w warsztatach \u017cywieniowych prowadzonych przez dietetyczk\u0119. Podczas warsztat\u00f3w om\u00f3wione zosta\u0142y zasady prawid\u0142owego \u017cywienia, przyk\u0142ady zdrowych posi\u0142k\u00f3w. Dzieci uczy\u0142y si\u0119 jak komponowa\u0107 posi\u0142ki, jakich wybor\u00f3w \u017cywieniowych dokonywa\u0107 podczas zakup\u00f3w z rodzicami, jakie przek\u0105ski wybiera\u0107.<\/p>\n\n\n\n<figure class=\"wp-block-gallery has-nested-images columns-default is-cropped wp-block-gallery-1 is-layout-flex wp-block-gallery-is-layout-flex\">\n<figure class=\"wp-block-image size-large\"><img loading=\"lazy\" decoding=\"async\" width=\"1024\" height=\"766\" data-id=\"9566\" src=\"https:\/\/przylep.edu.pl\/przedszkole\/wp-content\/uploads\/2023\/12\/385540803_3280979625529540_3188032343941325313_n-1024x766.jpg\" alt=\"\" class=\"wp-image-9566\" srcset=\"https:\/\/przylep.edu.pl\/przedszkole\/wp-content\/uploads\/2023\/12\/385540803_3280979625529540_3188032343941325313_n-1024x766.jpg 1024w, https:\/\/przylep.edu.pl\/przedszkole\/wp-content\/uploads\/2023\/12\/385540803_3280979625529540_3188032343941325313_n-300x224.jpg 300w, https:\/\/przylep.edu.pl\/przedszkole\/wp-content\/uploads\/2023\/12\/385540803_3280979625529540_3188032343941325313_n-768x574.jpg 768w, https:\/\/przylep.edu.pl\/przedszkole\/wp-content\/uploads\/2023\/12\/385540803_3280979625529540_3188032343941325313_n-1536x1149.jpg 1536w, https:\/\/przylep.edu.pl\/przedszkole\/wp-content\/uploads\/2023\/12\/385540803_3280979625529540_3188032343941325313_n-600x450.jpg 600w, https:\/\/przylep.edu.pl\/przedszkole\/wp-content\/uploads\/2023\/12\/385540803_3280979625529540_3188032343941325313_n.jpg 2000w\" sizes=\"auto, (max-width: 1024px) 100vw, 1024px\" \/><\/figure>\n<\/figure>\n\n\n\n<figure class=\"wp-block-gallery has-nested-images columns-default is-cropped wp-block-gallery-2 is-layout-flex wp-block-gallery-is-layout-flex\">\n<figure class=\"wp-block-image size-large\"><img loading=\"lazy\" decoding=\"async\" width=\"1024\" height=\"766\" data-id=\"9567\" src=\"https:\/\/przylep.edu.pl\/przedszkole\/wp-content\/uploads\/2023\/12\/385534624_3265425233754942_7467370858640300902_n-1024x766.jpg\" alt=\"\" class=\"wp-image-9567\" srcset=\"https:\/\/przylep.edu.pl\/przedszkole\/wp-content\/uploads\/2023\/12\/385534624_3265425233754942_7467370858640300902_n-1024x766.jpg 1024w, https:\/\/przylep.edu.pl\/przedszkole\/wp-content\/uploads\/2023\/12\/385534624_3265425233754942_7467370858640300902_n-300x224.jpg 300w, https:\/\/przylep.edu.pl\/przedszkole\/wp-content\/uploads\/2023\/12\/385534624_3265425233754942_7467370858640300902_n-768x574.jpg 768w, https:\/\/przylep.edu.pl\/przedszkole\/wp-content\/uploads\/2023\/12\/385534624_3265425233754942_7467370858640300902_n-1536x1149.jpg 1536w, https:\/\/przylep.edu.pl\/przedszkole\/wp-content\/uploads\/2023\/12\/385534624_3265425233754942_7467370858640300902_n-600x450.jpg 600w, https:\/\/przylep.edu.pl\/przedszkole\/wp-content\/uploads\/2023\/12\/385534624_3265425233754942_7467370858640300902_n-rotated.jpg 2000w\" sizes=\"auto, (max-width: 1024px) 100vw, 1024px\" \/><\/figure>\n<\/figure>\n","protected":false},"excerpt":{"rendered":"<p>Dnia 6.12 najstarsze grupy przedszkolne uczestniczy\u0142y w warsztatach \u017cywieniowych prowadzonych przez dietetyczk\u0119. Podczas warsztat\u00f3w om\u00f3wione zosta\u0142y zasady prawid\u0142owego \u017cywienia, przyk\u0142ady zdrowych posi\u0142k\u00f3w. Dzieci uczy\u0142y si\u0119 jak komponowa\u0107 posi\u0142ki, jakich wybor\u00f3w \u017cywieniowych dokonywa\u0107 podczas zakup\u00f3w z rodzicami, jakie przek\u0105ski wybiera\u0107.<\/p>\n","protected":false},"author":2,"featured_media":9568,"comment_status":"closed","ping_status":"open","sticky":false,"template":"","format":"standard","meta":{"footnotes":""},"categories":[45,41,40],"tags":[],"class_list":["post-9565","post","type-post","status-publish","format-standard","has-post-thumbnail","hentry","category-aktualnosci","category-galerie","category-strona-glowna"],"_links":{"self":[{"href":"https:\/\/przylep.edu.pl\/przedszkole\/wp-json\/wp\/v2\/posts\/9565","targetHints":{"allow":["GET"]}}],"collection":[{"href":"https:\/\/przylep.edu.pl\/przedszkole\/wp-json\/wp\/v2\/posts"}],"about":[{"href":"https:\/\/przylep.edu.pl\/przedszkole\/wp-json\/wp\/v2\/types\/post"}],"author":[{"embeddable":true,"href":"https:\/\/przylep.edu.pl\/przedszkole\/wp-json\/wp\/v2\/users\/2"}],"replies":[{"embeddable":true,"href":"https:\/\/przylep.edu.pl\/przedszkole\/wp-json\/wp\/v2\/comments?post=9565"}],"version-history":[{"count":1,"href":"https:\/\/przylep.edu.pl\/przedszkole\/wp-json\/wp\/v2\/posts\/9565\/revisions"}],"predecessor-version":[{"id":9569,"href":"https:\/\/przylep.edu.pl\/przedszkole\/wp-json\/wp\/v2\/posts\/9565\/revisions\/9569"}],"wp:featuredmedia":[{"embeddable":true,"href":"https:\/\/przylep.edu.pl\/przedszkole\/wp-json\/wp\/v2\/media\/9568"}],"wp:attachment":[{"href":"https:\/\/przylep.edu.pl\/przedszkole\/wp-json\/wp\/v2\/media?parent=9565"}],"wp:term":[{"taxonomy":"category","embeddable":true,"href":"https:\/\/przylep.edu.pl\/przedszkole\/wp-json\/wp\/v2\/categories?post=9565"},{"taxonomy":"post_tag","embeddable":true,"href":"https:\/\/przylep.edu.pl\/przedszkole\/wp-json\/wp\/v2\/tags?post=9565"}],"curies":[{"name":"wp","href":"https:\/\/api.w.org\/{rel}","templated":true}]}}