{"id":9549,"date":"2023-12-17T21:12:09","date_gmt":"2023-12-17T20:12:09","guid":{"rendered":"https:\/\/przylep.edu.pl\/przedszkole\/?p=9549"},"modified":"2023-12-17T21:12:12","modified_gmt":"2023-12-17T20:12:12","slug":"hej-koleda-koleda-2","status":"publish","type":"post","link":"https:\/\/przylep.edu.pl\/przedszkole\/2023\/12\/17\/hej-koleda-koleda-2\/","title":{"rendered":"Hej Kol\u0119da, kol\u0119da!"},"content":{"rendered":"\n<p>Dnia 15 grudnia w naszej plac\u00f3wce odby\u0142 si\u0119 koncert zorganizowany przez student\u00f3w Akademii Sztuki w Szczecinie. W repertuarze znalaz\u0142y si\u0119 kol\u0119dy i pastora\u0142ki, kt\u00f3re studenci wi\u0119kszo\u015bci grali na fla\u017coletach. W\u015br\u00f3d kol\u0119d znalaz\u0142y si\u0119 dwie zagrane na ukulele przez uczni\u00f3w klasy 3. W koncercie wzi\u0119li udzia\u0142 wszyscy pracownicy szko\u0142y oraz studenci US z ko\u0142a naukowego Pedagog\u00f3w M\u0142odzie\u017cy\u00a0 Young Power z opiekunk\u0105 dr Ma\u0142gorzat\u0105 Mikut, kt\u00f3rzy od lutego b\u0119d\u0105 cz\u0119stszymi go\u015b\u0107mi w naszej plac\u00f3wce. <\/p>\n\n\n\n<p>Warto dla takich chwil by\u0107 dyrektorem takiej plac\u00f3wki.<\/p>\n\n\n\n<figure class=\"wp-block-gallery has-nested-images columns-default is-cropped wp-block-gallery-1 is-layout-flex wp-block-gallery-is-layout-flex\">\n<figure class=\"wp-block-image size-large\"><img loading=\"lazy\" decoding=\"async\" width=\"1024\" height=\"1024\" data-id=\"9550\" src=\"https:\/\/przylep.edu.pl\/przedszkole\/wp-content\/uploads\/2023\/12\/PhotoEditor_20231215162314817-1024x1024.jpg\" alt=\"\" class=\"wp-image-9550\" srcset=\"https:\/\/przylep.edu.pl\/przedszkole\/wp-content\/uploads\/2023\/12\/PhotoEditor_20231215162314817-1024x1024.jpg 1024w, https:\/\/przylep.edu.pl\/przedszkole\/wp-content\/uploads\/2023\/12\/PhotoEditor_20231215162314817-300x300.jpg 300w, https:\/\/przylep.edu.pl\/przedszkole\/wp-content\/uploads\/2023\/12\/PhotoEditor_20231215162314817-150x150.jpg 150w, https:\/\/przylep.edu.pl\/przedszkole\/wp-content\/uploads\/2023\/12\/PhotoEditor_20231215162314817-768x768.jpg 768w, https:\/\/przylep.edu.pl\/przedszkole\/wp-content\/uploads\/2023\/12\/PhotoEditor_20231215162314817-1536x1536.jpg 1536w, https:\/\/przylep.edu.pl\/przedszkole\/wp-content\/uploads\/2023\/12\/PhotoEditor_20231215162314817-2048x2048.jpg 2048w, https:\/\/przylep.edu.pl\/przedszkole\/wp-content\/uploads\/2023\/12\/PhotoEditor_20231215162314817-600x600.jpg 600w\" sizes=\"auto, (max-width: 1024px) 100vw, 1024px\" \/><\/figure>\n<\/figure>\n\n\n\n<figure class=\"wp-block-gallery has-nested-images columns-default is-cropped wp-block-gallery-2 is-layout-flex wp-block-gallery-is-layout-flex\">\n<figure class=\"wp-block-image size-large\"><img loading=\"lazy\" decoding=\"async\" width=\"1024\" height=\"1024\" data-id=\"9551\" src=\"https:\/\/przylep.edu.pl\/przedszkole\/wp-content\/uploads\/2023\/12\/PhotoEditor_2023121692540297-1024x1024.jpg\" alt=\"\" class=\"wp-image-9551\" srcset=\"https:\/\/przylep.edu.pl\/przedszkole\/wp-content\/uploads\/2023\/12\/PhotoEditor_2023121692540297-1024x1024.jpg 1024w, https:\/\/przylep.edu.pl\/przedszkole\/wp-content\/uploads\/2023\/12\/PhotoEditor_2023121692540297-300x300.jpg 300w, https:\/\/przylep.edu.pl\/przedszkole\/wp-content\/uploads\/2023\/12\/PhotoEditor_2023121692540297-150x150.jpg 150w, https:\/\/przylep.edu.pl\/przedszkole\/wp-content\/uploads\/2023\/12\/PhotoEditor_2023121692540297-768x768.jpg 768w, https:\/\/przylep.edu.pl\/przedszkole\/wp-content\/uploads\/2023\/12\/PhotoEditor_2023121692540297-1536x1536.jpg 1536w, https:\/\/przylep.edu.pl\/przedszkole\/wp-content\/uploads\/2023\/12\/PhotoEditor_2023121692540297-2048x2048.jpg 2048w, https:\/\/przylep.edu.pl\/przedszkole\/wp-content\/uploads\/2023\/12\/PhotoEditor_2023121692540297-600x600.jpg 600w\" sizes=\"auto, (max-width: 1024px) 100vw, 1024px\" \/><\/figure>\n<\/figure>\n\n\n\n<figure class=\"wp-block-gallery has-nested-images columns-default is-cropped wp-block-gallery-3 is-layout-flex wp-block-gallery-is-layout-flex\">\n<figure class=\"wp-block-image size-large\"><img loading=\"lazy\" decoding=\"async\" width=\"1024\" height=\"1024\" data-id=\"9552\" src=\"https:\/\/przylep.edu.pl\/przedszkole\/wp-content\/uploads\/2023\/12\/PhotoEditor_20231215205029380-1024x1024.jpg\" alt=\"\" class=\"wp-image-9552\" srcset=\"https:\/\/przylep.edu.pl\/przedszkole\/wp-content\/uploads\/2023\/12\/PhotoEditor_20231215205029380-1024x1024.jpg 1024w, https:\/\/przylep.edu.pl\/przedszkole\/wp-content\/uploads\/2023\/12\/PhotoEditor_20231215205029380-300x300.jpg 300w, https:\/\/przylep.edu.pl\/przedszkole\/wp-content\/uploads\/2023\/12\/PhotoEditor_20231215205029380-150x150.jpg 150w, https:\/\/przylep.edu.pl\/przedszkole\/wp-content\/uploads\/2023\/12\/PhotoEditor_20231215205029380-768x768.jpg 768w, https:\/\/przylep.edu.pl\/przedszkole\/wp-content\/uploads\/2023\/12\/PhotoEditor_20231215205029380-1536x1536.jpg 1536w, https:\/\/przylep.edu.pl\/przedszkole\/wp-content\/uploads\/2023\/12\/PhotoEditor_20231215205029380-600x600.jpg 600w, https:\/\/przylep.edu.pl\/przedszkole\/wp-content\/uploads\/2023\/12\/PhotoEditor_20231215205029380.jpg 2000w\" sizes=\"auto, (max-width: 1024px) 100vw, 1024px\" \/><\/figure>\n<\/figure>\n\n\n\n<figure class=\"wp-block-gallery has-nested-images columns-default is-cropped wp-block-gallery-4 is-layout-flex wp-block-gallery-is-layout-flex\">\n<figure class=\"wp-block-image size-large\"><img loading=\"lazy\" decoding=\"async\" width=\"473\" height=\"1024\" data-id=\"9553\" src=\"https:\/\/przylep.edu.pl\/przedszkole\/wp-content\/uploads\/2023\/12\/Screenshot_20231216_064826_Facebook-473x1024.jpg\" alt=\"\" class=\"wp-image-9553\" srcset=\"https:\/\/przylep.edu.pl\/przedszkole\/wp-content\/uploads\/2023\/12\/Screenshot_20231216_064826_Facebook-473x1024.jpg 473w, https:\/\/przylep.edu.pl\/przedszkole\/wp-content\/uploads\/2023\/12\/Screenshot_20231216_064826_Facebook-138x300.jpg 138w, https:\/\/przylep.edu.pl\/przedszkole\/wp-content\/uploads\/2023\/12\/Screenshot_20231216_064826_Facebook-768x1664.jpg 768w, https:\/\/przylep.edu.pl\/przedszkole\/wp-content\/uploads\/2023\/12\/Screenshot_20231216_064826_Facebook-709x1536.jpg 709w, https:\/\/przylep.edu.pl\/przedszkole\/wp-content\/uploads\/2023\/12\/Screenshot_20231216_064826_Facebook-945x2048.jpg 945w, https:\/\/przylep.edu.pl\/przedszkole\/wp-content\/uploads\/2023\/12\/Screenshot_20231216_064826_Facebook.jpg 1080w\" sizes=\"auto, (max-width: 473px) 100vw, 473px\" \/><\/figure>\n<\/figure>\n\n\n\n<figure class=\"wp-block-gallery has-nested-images columns-default is-cropped wp-block-gallery-5 is-layout-flex wp-block-gallery-is-layout-flex\"><\/figure>\n","protected":false},"excerpt":{"rendered":"<p>Dnia 15 grudnia w naszej plac\u00f3wce odby\u0142 si\u0119 koncert zorganizowany przez student\u00f3w Akademii Sztuki w Szczecinie. W repertuarze znalaz\u0142y si\u0119 kol\u0119dy i pastora\u0142ki, kt\u00f3re studenci wi\u0119kszo\u015bci grali na fla\u017coletach. W\u015br\u00f3d kol\u0119d znalaz\u0142y si\u0119 dwie zagrane na ukulele przez uczni\u00f3w klasy 3. W koncercie wzi\u0119li udzia\u0142 wszyscy pracownicy szko\u0142y oraz studenci US z ko\u0142a naukowego Pedagog\u00f3w [&hellip;]<\/p>\n","protected":false},"author":2,"featured_media":9554,"comment_status":"closed","ping_status":"open","sticky":false,"template":"","format":"standard","meta":{"footnotes":""},"categories":[45,41,40],"tags":[],"class_list":["post-9549","post","type-post","status-publish","format-standard","has-post-thumbnail","hentry","category-aktualnosci","category-galerie","category-strona-glowna"],"_links":{"self":[{"href":"https:\/\/przylep.edu.pl\/przedszkole\/wp-json\/wp\/v2\/posts\/9549","targetHints":{"allow":["GET"]}}],"collection":[{"href":"https:\/\/przylep.edu.pl\/przedszkole\/wp-json\/wp\/v2\/posts"}],"about":[{"href":"https:\/\/przylep.edu.pl\/przedszkole\/wp-json\/wp\/v2\/types\/post"}],"author":[{"embeddable":true,"href":"https:\/\/przylep.edu.pl\/przedszkole\/wp-json\/wp\/v2\/users\/2"}],"replies":[{"embeddable":true,"href":"https:\/\/przylep.edu.pl\/przedszkole\/wp-json\/wp\/v2\/comments?post=9549"}],"version-history":[{"count":1,"href":"https:\/\/przylep.edu.pl\/przedszkole\/wp-json\/wp\/v2\/posts\/9549\/revisions"}],"predecessor-version":[{"id":9555,"href":"https:\/\/przylep.edu.pl\/przedszkole\/wp-json\/wp\/v2\/posts\/9549\/revisions\/9555"}],"wp:featuredmedia":[{"embeddable":true,"href":"https:\/\/przylep.edu.pl\/przedszkole\/wp-json\/wp\/v2\/media\/9554"}],"wp:attachment":[{"href":"https:\/\/przylep.edu.pl\/przedszkole\/wp-json\/wp\/v2\/media?parent=9549"}],"wp:term":[{"taxonomy":"category","embeddable":true,"href":"https:\/\/przylep.edu.pl\/przedszkole\/wp-json\/wp\/v2\/categories?post=9549"},{"taxonomy":"post_tag","embeddable":true,"href":"https:\/\/przylep.edu.pl\/przedszkole\/wp-json\/wp\/v2\/tags?post=9549"}],"curies":[{"name":"wp","href":"https:\/\/api.w.org\/{rel}","templated":true}]}}