{"id":9532,"date":"2023-12-04T20:30:22","date_gmt":"2023-12-04T19:30:22","guid":{"rendered":"https:\/\/przylep.edu.pl\/przedszkole\/?p=9532"},"modified":"2023-12-17T20:51:39","modified_gmt":"2023-12-17T19:51:39","slug":"sniezny-bialy-dzien","status":"publish","type":"post","link":"https:\/\/przylep.edu.pl\/przedszkole\/2023\/12\/04\/sniezny-bialy-dzien\/","title":{"rendered":"\u015anie\u017cny, bia\u0142y dzie\u0144"},"content":{"rendered":"\n<p>W przedszkolnym kalendarzu przyszed\u0142 czas na Bia\u0142y dzie\u0144, wi\u0119c dooko\u0142a Nas pojawi\u0142a si\u0119 prawdziwa zima. W tym dniu w ka\u017cdej grupie dominowa\u0142 kolor bia\u0142y. Mimo, i\u017c za oknem nie brakowa\u0142o \u015bniegu w naszych salach r\u00f3wnie\u017c zrobi\u0142o si\u0119 bia\u0142o i zimowo. Podczas tego dnia towarzyszy\u0142y nam r\u00f3\u017cne do\u015bwiadczenia, zabawy oraz prace plastyczne zwi\u0105zane z tym kolorem. Na niekt\u00f3rych czeka\u0142a niespodzianka w postaci \u201e\u015bnie\u017cnego puchu\u201d. Nie zabrak\u0142o te\u017c lepienia ba\u0142wan\u00f3w. Wszyscy \u015bwietnie si\u0119 bawili.<\/p>\n\n\n\n<figure class=\"wp-block-gallery has-nested-images columns-default is-cropped wp-block-gallery-1 is-layout-flex wp-block-gallery-is-layout-flex\">\n<figure class=\"wp-block-image size-large\"><img loading=\"lazy\" decoding=\"async\" width=\"768\" height=\"1024\" data-id=\"9533\" src=\"https:\/\/przylep.edu.pl\/przedszkole\/wp-content\/uploads\/2023\/12\/407608283_6929560800425542_1305546282323911178_n-768x1024.jpg\" alt=\"\" class=\"wp-image-9533\" srcset=\"https:\/\/przylep.edu.pl\/przedszkole\/wp-content\/uploads\/2023\/12\/407608283_6929560800425542_1305546282323911178_n-768x1024.jpg 768w, https:\/\/przylep.edu.pl\/przedszkole\/wp-content\/uploads\/2023\/12\/407608283_6929560800425542_1305546282323911178_n-225x300.jpg 225w, https:\/\/przylep.edu.pl\/przedszkole\/wp-content\/uploads\/2023\/12\/407608283_6929560800425542_1305546282323911178_n-1152x1536.jpg 1152w, https:\/\/przylep.edu.pl\/przedszkole\/wp-content\/uploads\/2023\/12\/407608283_6929560800425542_1305546282323911178_n.jpg 1536w\" sizes=\"auto, (max-width: 768px) 100vw, 768px\" \/><\/figure>\n\n\n\n<figure class=\"wp-block-image size-large\"><img loading=\"lazy\" decoding=\"async\" width=\"768\" height=\"1024\" data-id=\"9534\" src=\"https:\/\/przylep.edu.pl\/przedszkole\/wp-content\/uploads\/2023\/12\/407613834_6929563057091983_2962260616506713449_n-768x1024.jpg\" alt=\"\" class=\"wp-image-9534\" srcset=\"https:\/\/przylep.edu.pl\/przedszkole\/wp-content\/uploads\/2023\/12\/407613834_6929563057091983_2962260616506713449_n-768x1024.jpg 768w, https:\/\/przylep.edu.pl\/przedszkole\/wp-content\/uploads\/2023\/12\/407613834_6929563057091983_2962260616506713449_n-225x300.jpg 225w, https:\/\/przylep.edu.pl\/przedszkole\/wp-content\/uploads\/2023\/12\/407613834_6929563057091983_2962260616506713449_n-1152x1536.jpg 1152w, https:\/\/przylep.edu.pl\/przedszkole\/wp-content\/uploads\/2023\/12\/407613834_6929563057091983_2962260616506713449_n.jpg 1536w\" sizes=\"auto, (max-width: 768px) 100vw, 768px\" \/><\/figure>\n<\/figure>\n\n\n\n<figure class=\"wp-block-gallery has-nested-images columns-default is-cropped wp-block-gallery-2 is-layout-flex wp-block-gallery-is-layout-flex\">\n<figure class=\"wp-block-image size-large\"><img loading=\"lazy\" decoding=\"async\" width=\"576\" height=\"1024\" data-id=\"9535\" src=\"https:\/\/przylep.edu.pl\/przedszkole\/wp-content\/uploads\/2023\/12\/385520750_716733100380949_3300159494437702504_n-576x1024.jpg\" alt=\"\" class=\"wp-image-9535\" srcset=\"https:\/\/przylep.edu.pl\/przedszkole\/wp-content\/uploads\/2023\/12\/385520750_716733100380949_3300159494437702504_n-576x1024.jpg 576w, https:\/\/przylep.edu.pl\/przedszkole\/wp-content\/uploads\/2023\/12\/385520750_716733100380949_3300159494437702504_n-169x300.jpg 169w, https:\/\/przylep.edu.pl\/przedszkole\/wp-content\/uploads\/2023\/12\/385520750_716733100380949_3300159494437702504_n-768x1365.jpg 768w, https:\/\/przylep.edu.pl\/przedszkole\/wp-content\/uploads\/2023\/12\/385520750_716733100380949_3300159494437702504_n-864x1536.jpg 864w, https:\/\/przylep.edu.pl\/przedszkole\/wp-content\/uploads\/2023\/12\/385520750_716733100380949_3300159494437702504_n.jpg 1080w\" sizes=\"auto, (max-width: 576px) 100vw, 576px\" \/><\/figure>\n\n\n\n<figure class=\"wp-block-image size-large\"><img loading=\"lazy\" decoding=\"async\" width=\"768\" height=\"1024\" data-id=\"9536\" src=\"https:\/\/przylep.edu.pl\/przedszkole\/wp-content\/uploads\/2023\/12\/387499599_875966050905968_3533074275552954825_n-768x1024.jpg\" alt=\"\" class=\"wp-image-9536\" srcset=\"https:\/\/przylep.edu.pl\/przedszkole\/wp-content\/uploads\/2023\/12\/387499599_875966050905968_3533074275552954825_n-768x1024.jpg 768w, https:\/\/przylep.edu.pl\/przedszkole\/wp-content\/uploads\/2023\/12\/387499599_875966050905968_3533074275552954825_n-225x300.jpg 225w, https:\/\/przylep.edu.pl\/przedszkole\/wp-content\/uploads\/2023\/12\/387499599_875966050905968_3533074275552954825_n-1152x1536.jpg 1152w, https:\/\/przylep.edu.pl\/przedszkole\/wp-content\/uploads\/2023\/12\/387499599_875966050905968_3533074275552954825_n.jpg 1536w\" sizes=\"auto, (max-width: 768px) 100vw, 768px\" \/><\/figure>\n<\/figure>\n\n\n\n<figure class=\"wp-block-gallery has-nested-images columns-default is-cropped wp-block-gallery-3 is-layout-flex wp-block-gallery-is-layout-flex\">\n<figure class=\"wp-block-image size-large\"><img loading=\"lazy\" decoding=\"async\" width=\"577\" height=\"1024\" data-id=\"9537\" src=\"https:\/\/przylep.edu.pl\/przedszkole\/wp-content\/uploads\/2023\/12\/398407529_887859126264903_7418036754938578828_n-577x1024.jpg\" alt=\"\" class=\"wp-image-9537\" srcset=\"https:\/\/przylep.edu.pl\/przedszkole\/wp-content\/uploads\/2023\/12\/398407529_887859126264903_7418036754938578828_n-577x1024.jpg 577w, https:\/\/przylep.edu.pl\/przedszkole\/wp-content\/uploads\/2023\/12\/398407529_887859126264903_7418036754938578828_n-169x300.jpg 169w, https:\/\/przylep.edu.pl\/przedszkole\/wp-content\/uploads\/2023\/12\/398407529_887859126264903_7418036754938578828_n-768x1363.jpg 768w, https:\/\/przylep.edu.pl\/przedszkole\/wp-content\/uploads\/2023\/12\/398407529_887859126264903_7418036754938578828_n-865x1536.jpg 865w, https:\/\/przylep.edu.pl\/przedszkole\/wp-content\/uploads\/2023\/12\/398407529_887859126264903_7418036754938578828_n.jpg 977w\" sizes=\"auto, (max-width: 577px) 100vw, 577px\" \/><\/figure>\n\n\n\n<figure class=\"wp-block-image size-large\"><img loading=\"lazy\" decoding=\"async\" width=\"768\" height=\"1024\" data-id=\"9538\" src=\"https:\/\/przylep.edu.pl\/przedszkole\/wp-content\/uploads\/2023\/12\/403397970_222172120911394_261381288012267024_n-768x1024.jpg\" alt=\"\" class=\"wp-image-9538\" srcset=\"https:\/\/przylep.edu.pl\/przedszkole\/wp-content\/uploads\/2023\/12\/403397970_222172120911394_261381288012267024_n-768x1024.jpg 768w, https:\/\/przylep.edu.pl\/przedszkole\/wp-content\/uploads\/2023\/12\/403397970_222172120911394_261381288012267024_n-225x300.jpg 225w, https:\/\/przylep.edu.pl\/przedszkole\/wp-content\/uploads\/2023\/12\/403397970_222172120911394_261381288012267024_n-1152x1536.jpg 1152w, https:\/\/przylep.edu.pl\/przedszkole\/wp-content\/uploads\/2023\/12\/403397970_222172120911394_261381288012267024_n.jpg 1536w\" sizes=\"auto, (max-width: 768px) 100vw, 768px\" \/><\/figure>\n<\/figure>\n\n\n\n<figure class=\"wp-block-gallery has-nested-images columns-default is-cropped wp-block-gallery-4 is-layout-flex wp-block-gallery-is-layout-flex\">\n<figure class=\"wp-block-image size-large\"><img loading=\"lazy\" decoding=\"async\" width=\"768\" height=\"1024\" data-id=\"9541\" src=\"https:\/\/przylep.edu.pl\/przedszkole\/wp-content\/uploads\/2023\/12\/403404020_285213137850966_1029220303984745170_n-768x1024.jpg\" alt=\"\" class=\"wp-image-9541\" srcset=\"https:\/\/przylep.edu.pl\/przedszkole\/wp-content\/uploads\/2023\/12\/403404020_285213137850966_1029220303984745170_n-768x1024.jpg 768w, https:\/\/przylep.edu.pl\/przedszkole\/wp-content\/uploads\/2023\/12\/403404020_285213137850966_1029220303984745170_n-225x300.jpg 225w, https:\/\/przylep.edu.pl\/przedszkole\/wp-content\/uploads\/2023\/12\/403404020_285213137850966_1029220303984745170_n-1152x1536.jpg 1152w, https:\/\/przylep.edu.pl\/przedszkole\/wp-content\/uploads\/2023\/12\/403404020_285213137850966_1029220303984745170_n.jpg 1536w\" sizes=\"auto, (max-width: 768px) 100vw, 768px\" \/><\/figure>\n\n\n\n<figure class=\"wp-block-image size-large\"><img loading=\"lazy\" decoding=\"async\" width=\"768\" height=\"1024\" data-id=\"9539\" src=\"https:\/\/przylep.edu.pl\/przedszkole\/wp-content\/uploads\/2023\/12\/410087403_792530142680279_4704050420661156975_n-768x1024.jpg\" alt=\"\" class=\"wp-image-9539\" srcset=\"https:\/\/przylep.edu.pl\/przedszkole\/wp-content\/uploads\/2023\/12\/410087403_792530142680279_4704050420661156975_n-768x1024.jpg 768w, https:\/\/przylep.edu.pl\/przedszkole\/wp-content\/uploads\/2023\/12\/410087403_792530142680279_4704050420661156975_n-225x300.jpg 225w, https:\/\/przylep.edu.pl\/przedszkole\/wp-content\/uploads\/2023\/12\/410087403_792530142680279_4704050420661156975_n-1152x1536.jpg 1152w, https:\/\/przylep.edu.pl\/przedszkole\/wp-content\/uploads\/2023\/12\/410087403_792530142680279_4704050420661156975_n.jpg 1500w\" sizes=\"auto, (max-width: 768px) 100vw, 768px\" \/><\/figure>\n<\/figure>\n\n\n\n<figure class=\"wp-block-gallery has-nested-images columns-default is-cropped wp-block-gallery-5 is-layout-flex wp-block-gallery-is-layout-flex\">\n<figure class=\"wp-block-image size-large\"><img loading=\"lazy\" decoding=\"async\" width=\"768\" height=\"1024\" data-id=\"9542\" src=\"https:\/\/przylep.edu.pl\/przedszkole\/wp-content\/uploads\/2023\/12\/407625948_6929564650425157_6388003135479653267_n-768x1024.jpg\" alt=\"\" class=\"wp-image-9542\" srcset=\"https:\/\/przylep.edu.pl\/przedszkole\/wp-content\/uploads\/2023\/12\/407625948_6929564650425157_6388003135479653267_n-768x1024.jpg 768w, https:\/\/przylep.edu.pl\/przedszkole\/wp-content\/uploads\/2023\/12\/407625948_6929564650425157_6388003135479653267_n-225x300.jpg 225w, https:\/\/przylep.edu.pl\/przedszkole\/wp-content\/uploads\/2023\/12\/407625948_6929564650425157_6388003135479653267_n-1152x1536.jpg 1152w, https:\/\/przylep.edu.pl\/przedszkole\/wp-content\/uploads\/2023\/12\/407625948_6929564650425157_6388003135479653267_n.jpg 1536w\" sizes=\"auto, (max-width: 768px) 100vw, 768px\" \/><\/figure>\n\n\n\n<figure class=\"wp-block-image size-large\"><img loading=\"lazy\" decoding=\"async\" width=\"768\" height=\"1024\" data-id=\"9540\" src=\"https:\/\/przylep.edu.pl\/przedszkole\/wp-content\/uploads\/2023\/12\/408555311_6929555497092739_2422293745983600262_n-768x1024.jpg\" alt=\"\" class=\"wp-image-9540\" srcset=\"https:\/\/przylep.edu.pl\/przedszkole\/wp-content\/uploads\/2023\/12\/408555311_6929555497092739_2422293745983600262_n-768x1024.jpg 768w, https:\/\/przylep.edu.pl\/przedszkole\/wp-content\/uploads\/2023\/12\/408555311_6929555497092739_2422293745983600262_n-225x300.jpg 225w, https:\/\/przylep.edu.pl\/przedszkole\/wp-content\/uploads\/2023\/12\/408555311_6929555497092739_2422293745983600262_n-1152x1536.jpg 1152w, https:\/\/przylep.edu.pl\/przedszkole\/wp-content\/uploads\/2023\/12\/408555311_6929555497092739_2422293745983600262_n.jpg 1536w\" sizes=\"auto, (max-width: 768px) 100vw, 768px\" \/><\/figure>\n<\/figure>\n\n\n\n<figure class=\"wp-block-gallery has-nested-images columns-default is-cropped wp-block-gallery-6 is-layout-flex wp-block-gallery-is-layout-flex\">\n<figure class=\"wp-block-image size-large\"><img loading=\"lazy\" decoding=\"async\" width=\"1024\" height=\"768\" data-id=\"9543\" src=\"https:\/\/przylep.edu.pl\/przedszkole\/wp-content\/uploads\/2023\/12\/407221786_786059376663326_2022470631128333475_n-1024x768.jpg\" alt=\"\" class=\"wp-image-9543\" srcset=\"https:\/\/przylep.edu.pl\/przedszkole\/wp-content\/uploads\/2023\/12\/407221786_786059376663326_2022470631128333475_n-1024x768.jpg 1024w, https:\/\/przylep.edu.pl\/przedszkole\/wp-content\/uploads\/2023\/12\/407221786_786059376663326_2022470631128333475_n-300x225.jpg 300w, https:\/\/przylep.edu.pl\/przedszkole\/wp-content\/uploads\/2023\/12\/407221786_786059376663326_2022470631128333475_n-768x576.jpg 768w, https:\/\/przylep.edu.pl\/przedszkole\/wp-content\/uploads\/2023\/12\/407221786_786059376663326_2022470631128333475_n-1536x1152.jpg 1536w, https:\/\/przylep.edu.pl\/przedszkole\/wp-content\/uploads\/2023\/12\/407221786_786059376663326_2022470631128333475_n-600x450.jpg 600w, https:\/\/przylep.edu.pl\/przedszkole\/wp-content\/uploads\/2023\/12\/407221786_786059376663326_2022470631128333475_n.jpg 2000w\" sizes=\"auto, (max-width: 1024px) 100vw, 1024px\" \/><\/figure>\n<\/figure>\n\n\n\n<figure class=\"wp-block-gallery has-nested-images columns-default is-cropped wp-block-gallery-7 is-layout-flex wp-block-gallery-is-layout-flex\">\n<figure class=\"wp-block-image size-large\"><img loading=\"lazy\" decoding=\"async\" width=\"1024\" height=\"768\" data-id=\"9544\" src=\"https:\/\/przylep.edu.pl\/przedszkole\/wp-content\/uploads\/2023\/12\/406989096_777639514104333_8397359182388214589_n-1024x768.jpg\" alt=\"\" class=\"wp-image-9544\" srcset=\"https:\/\/przylep.edu.pl\/przedszkole\/wp-content\/uploads\/2023\/12\/406989096_777639514104333_8397359182388214589_n-1024x768.jpg 1024w, https:\/\/przylep.edu.pl\/przedszkole\/wp-content\/uploads\/2023\/12\/406989096_777639514104333_8397359182388214589_n-300x225.jpg 300w, https:\/\/przylep.edu.pl\/przedszkole\/wp-content\/uploads\/2023\/12\/406989096_777639514104333_8397359182388214589_n-768x576.jpg 768w, https:\/\/przylep.edu.pl\/przedszkole\/wp-content\/uploads\/2023\/12\/406989096_777639514104333_8397359182388214589_n-1536x1152.jpg 1536w, https:\/\/przylep.edu.pl\/przedszkole\/wp-content\/uploads\/2023\/12\/406989096_777639514104333_8397359182388214589_n-600x450.jpg 600w, https:\/\/przylep.edu.pl\/przedszkole\/wp-content\/uploads\/2023\/12\/406989096_777639514104333_8397359182388214589_n.jpg 2000w\" sizes=\"auto, (max-width: 1024px) 100vw, 1024px\" \/><\/figure>\n<\/figure>\n\n\n\n<figure class=\"wp-block-gallery has-nested-images columns-default is-cropped wp-block-gallery-8 is-layout-flex wp-block-gallery-is-layout-flex\">\n<figure class=\"wp-block-image size-large\"><img loading=\"lazy\" decoding=\"async\" width=\"1024\" height=\"768\" data-id=\"9545\" src=\"https:\/\/przylep.edu.pl\/przedszkole\/wp-content\/uploads\/2023\/12\/403421987_1475800953002307_1036109260703184100_n-1024x768.jpg\" alt=\"\" class=\"wp-image-9545\" srcset=\"https:\/\/przylep.edu.pl\/przedszkole\/wp-content\/uploads\/2023\/12\/403421987_1475800953002307_1036109260703184100_n-1024x768.jpg 1024w, https:\/\/przylep.edu.pl\/przedszkole\/wp-content\/uploads\/2023\/12\/403421987_1475800953002307_1036109260703184100_n-300x225.jpg 300w, https:\/\/przylep.edu.pl\/przedszkole\/wp-content\/uploads\/2023\/12\/403421987_1475800953002307_1036109260703184100_n-768x576.jpg 768w, https:\/\/przylep.edu.pl\/przedszkole\/wp-content\/uploads\/2023\/12\/403421987_1475800953002307_1036109260703184100_n-1536x1152.jpg 1536w, https:\/\/przylep.edu.pl\/przedszkole\/wp-content\/uploads\/2023\/12\/403421987_1475800953002307_1036109260703184100_n-600x450.jpg 600w, https:\/\/przylep.edu.pl\/przedszkole\/wp-content\/uploads\/2023\/12\/403421987_1475800953002307_1036109260703184100_n.jpg 2048w\" sizes=\"auto, (max-width: 1024px) 100vw, 1024px\" \/><\/figure>\n<\/figure>\n","protected":false},"excerpt":{"rendered":"<p>W przedszkolnym kalendarzu przyszed\u0142 czas na Bia\u0142y dzie\u0144, wi\u0119c dooko\u0142a Nas pojawi\u0142a si\u0119 prawdziwa zima. W tym dniu w ka\u017cdej grupie dominowa\u0142 kolor bia\u0142y. Mimo, i\u017c za oknem nie brakowa\u0142o \u015bniegu w naszych salach r\u00f3wnie\u017c zrobi\u0142o si\u0119 bia\u0142o i zimowo. Podczas tego dnia towarzyszy\u0142y nam r\u00f3\u017cne do\u015bwiadczenia, zabawy oraz prace plastyczne zwi\u0105zane z tym kolorem. [&hellip;]<\/p>\n","protected":false},"author":2,"featured_media":9546,"comment_status":"closed","ping_status":"open","sticky":false,"template":"","format":"standard","meta":{"footnotes":""},"categories":[45,41,40],"tags":[],"class_list":["post-9532","post","type-post","status-publish","format-standard","has-post-thumbnail","hentry","category-aktualnosci","category-galerie","category-strona-glowna"],"_links":{"self":[{"href":"https:\/\/przylep.edu.pl\/przedszkole\/wp-json\/wp\/v2\/posts\/9532","targetHints":{"allow":["GET"]}}],"collection":[{"href":"https:\/\/przylep.edu.pl\/przedszkole\/wp-json\/wp\/v2\/posts"}],"about":[{"href":"https:\/\/przylep.edu.pl\/przedszkole\/wp-json\/wp\/v2\/types\/post"}],"author":[{"embeddable":true,"href":"https:\/\/przylep.edu.pl\/przedszkole\/wp-json\/wp\/v2\/users\/2"}],"replies":[{"embeddable":true,"href":"https:\/\/przylep.edu.pl\/przedszkole\/wp-json\/wp\/v2\/comments?post=9532"}],"version-history":[{"count":1,"href":"https:\/\/przylep.edu.pl\/przedszkole\/wp-json\/wp\/v2\/posts\/9532\/revisions"}],"predecessor-version":[{"id":9547,"href":"https:\/\/przylep.edu.pl\/przedszkole\/wp-json\/wp\/v2\/posts\/9532\/revisions\/9547"}],"wp:featuredmedia":[{"embeddable":true,"href":"https:\/\/przylep.edu.pl\/przedszkole\/wp-json\/wp\/v2\/media\/9546"}],"wp:attachment":[{"href":"https:\/\/przylep.edu.pl\/przedszkole\/wp-json\/wp\/v2\/media?parent=9532"}],"wp:term":[{"taxonomy":"category","embeddable":true,"href":"https:\/\/przylep.edu.pl\/przedszkole\/wp-json\/wp\/v2\/categories?post=9532"},{"taxonomy":"post_tag","embeddable":true,"href":"https:\/\/przylep.edu.pl\/przedszkole\/wp-json\/wp\/v2\/tags?post=9532"}],"curies":[{"name":"wp","href":"https:\/\/api.w.org\/{rel}","templated":true}]}}