{"id":9519,"date":"2023-12-08T19:08:55","date_gmt":"2023-12-08T18:08:55","guid":{"rendered":"https:\/\/przylep.edu.pl\/przedszkole\/?p=9519"},"modified":"2023-12-17T20:00:49","modified_gmt":"2023-12-17T19:00:49","slug":"piernikowy-piatek-w-przedszkolu","status":"publish","type":"post","link":"https:\/\/przylep.edu.pl\/przedszkole\/2023\/12\/08\/piernikowy-piatek-w-przedszkolu\/","title":{"rendered":"Piernikowy pi\u0105tek w przedszkolu"},"content":{"rendered":"\n<p>Kolorowy tydzie\u0144 zako\u0144czy\u0142 si\u0119 dniem br\u0105zowym, kt\u00f3ry w tym roku obchodzili\u015bmy w naszej plac\u00f3wce 8 grudnia. Tradycyjnie w naszej plac\u00f3wce jest to dzie\u0144 najs\u0142odszy i najbardziej wyczekiwany, kiedy mo\u017cemy odda\u0107 si\u0119 przyjemno\u015bci dekorowania pierniczk\u00f3w upieczonych przez Panie Kucharki.<\/p>\n\n\n\n<p>Te aromatyczne ciastka, kt\u00f3re ju\u017c od XVIIw. sta\u0142y si\u0119 symbolem Torunia pod r\u0119kami ma\u0142ych cukiernik\u00f3w zmieni\u0142y si\u0119 w prawdziwe dzie\u0142a sztuki. A najwi\u0119ksz\u0105 rado\u015bci\u0105 by\u0142a mo\u017cliwo\u015b\u0107 podzielenia si\u0119 stworzonymi w\u0142asnor\u0119cznie pyszno\u015bciami. Aromat korzennych specja\u0142\u00f3w wype\u0142ni\u0142 mury przylepskiego gmachu..<\/p>\n\n\n\n<figure class=\"wp-block-gallery has-nested-images columns-default is-cropped wp-block-gallery-1 is-layout-flex wp-block-gallery-is-layout-flex\">\n<figure class=\"wp-block-image size-large\"><img loading=\"lazy\" decoding=\"async\" width=\"768\" height=\"1024\" data-id=\"9524\" src=\"https:\/\/przylep.edu.pl\/przedszkole\/wp-content\/uploads\/2023\/12\/403438952_878221377288454_1037833080414375005_n-768x1024.jpg\" alt=\"\" class=\"wp-image-9524\" srcset=\"https:\/\/przylep.edu.pl\/przedszkole\/wp-content\/uploads\/2023\/12\/403438952_878221377288454_1037833080414375005_n-768x1024.jpg 768w, https:\/\/przylep.edu.pl\/przedszkole\/wp-content\/uploads\/2023\/12\/403438952_878221377288454_1037833080414375005_n-225x300.jpg 225w, https:\/\/przylep.edu.pl\/przedszkole\/wp-content\/uploads\/2023\/12\/403438952_878221377288454_1037833080414375005_n-1152x1536.jpg 1152w, https:\/\/przylep.edu.pl\/przedszkole\/wp-content\/uploads\/2023\/12\/403438952_878221377288454_1037833080414375005_n.jpg 1536w\" sizes=\"auto, (max-width: 768px) 100vw, 768px\" \/><\/figure>\n\n\n\n<figure class=\"wp-block-image size-large\"><img loading=\"lazy\" decoding=\"async\" width=\"768\" height=\"1024\" data-id=\"9521\" src=\"https:\/\/przylep.edu.pl\/przedszkole\/wp-content\/uploads\/2023\/12\/406851707_6948189318562690_5930400691019641366_n-768x1024.jpg\" alt=\"\" class=\"wp-image-9521\" srcset=\"https:\/\/przylep.edu.pl\/przedszkole\/wp-content\/uploads\/2023\/12\/406851707_6948189318562690_5930400691019641366_n-768x1024.jpg 768w, https:\/\/przylep.edu.pl\/przedszkole\/wp-content\/uploads\/2023\/12\/406851707_6948189318562690_5930400691019641366_n-225x300.jpg 225w, https:\/\/przylep.edu.pl\/przedszkole\/wp-content\/uploads\/2023\/12\/406851707_6948189318562690_5930400691019641366_n-1152x1536.jpg 1152w, https:\/\/przylep.edu.pl\/przedszkole\/wp-content\/uploads\/2023\/12\/406851707_6948189318562690_5930400691019641366_n.jpg 1536w\" sizes=\"auto, (max-width: 768px) 100vw, 768px\" \/><\/figure>\n<\/figure>\n\n\n\n<figure class=\"wp-block-gallery has-nested-images columns-default is-cropped wp-block-gallery-2 is-layout-flex wp-block-gallery-is-layout-flex\">\n<figure class=\"wp-block-image size-large\"><img loading=\"lazy\" decoding=\"async\" width=\"768\" height=\"1024\" data-id=\"9525\" src=\"https:\/\/przylep.edu.pl\/przedszkole\/wp-content\/uploads\/2023\/12\/386840017_671461668437442_4186248646831888499_n-768x1024.jpg\" alt=\"\" class=\"wp-image-9525\" srcset=\"https:\/\/przylep.edu.pl\/przedszkole\/wp-content\/uploads\/2023\/12\/386840017_671461668437442_4186248646831888499_n-768x1024.jpg 768w, https:\/\/przylep.edu.pl\/przedszkole\/wp-content\/uploads\/2023\/12\/386840017_671461668437442_4186248646831888499_n-225x300.jpg 225w, https:\/\/przylep.edu.pl\/przedszkole\/wp-content\/uploads\/2023\/12\/386840017_671461668437442_4186248646831888499_n-1152x1536.jpg 1152w, https:\/\/przylep.edu.pl\/przedszkole\/wp-content\/uploads\/2023\/12\/386840017_671461668437442_4186248646831888499_n.jpg 1536w\" sizes=\"auto, (max-width: 768px) 100vw, 768px\" \/><\/figure>\n<\/figure>\n\n\n\n<figure class=\"wp-block-gallery has-nested-images columns-default is-cropped wp-block-gallery-3 is-layout-flex wp-block-gallery-is-layout-flex\">\n<figure class=\"wp-block-image size-large\"><img loading=\"lazy\" decoding=\"async\" width=\"766\" height=\"1024\" data-id=\"9522\" src=\"https:\/\/przylep.edu.pl\/przedszkole\/wp-content\/uploads\/2023\/12\/385532799_1048792646453229_9156212632489554221_n-766x1024.jpg\" alt=\"\" class=\"wp-image-9522\" srcset=\"https:\/\/przylep.edu.pl\/przedszkole\/wp-content\/uploads\/2023\/12\/385532799_1048792646453229_9156212632489554221_n-766x1024.jpg 766w, https:\/\/przylep.edu.pl\/przedszkole\/wp-content\/uploads\/2023\/12\/385532799_1048792646453229_9156212632489554221_n-224x300.jpg 224w, https:\/\/przylep.edu.pl\/przedszkole\/wp-content\/uploads\/2023\/12\/385532799_1048792646453229_9156212632489554221_n-768x1027.jpg 768w, https:\/\/przylep.edu.pl\/przedszkole\/wp-content\/uploads\/2023\/12\/385532799_1048792646453229_9156212632489554221_n-1149x1536.jpg 1149w, https:\/\/przylep.edu.pl\/przedszkole\/wp-content\/uploads\/2023\/12\/385532799_1048792646453229_9156212632489554221_n.jpg 1496w\" sizes=\"auto, (max-width: 766px) 100vw, 766px\" \/><\/figure>\n\n\n\n<figure class=\"wp-block-image size-large\"><img loading=\"lazy\" decoding=\"async\" width=\"768\" height=\"1024\" data-id=\"9523\" src=\"https:\/\/przylep.edu.pl\/przedszkole\/wp-content\/uploads\/2023\/12\/385537302_317293647796333_1910107335249928748_n-768x1024.jpg\" alt=\"\" class=\"wp-image-9523\" srcset=\"https:\/\/przylep.edu.pl\/przedszkole\/wp-content\/uploads\/2023\/12\/385537302_317293647796333_1910107335249928748_n-768x1024.jpg 768w, https:\/\/przylep.edu.pl\/przedszkole\/wp-content\/uploads\/2023\/12\/385537302_317293647796333_1910107335249928748_n-225x300.jpg 225w, https:\/\/przylep.edu.pl\/przedszkole\/wp-content\/uploads\/2023\/12\/385537302_317293647796333_1910107335249928748_n-1152x1536.jpg 1152w, https:\/\/przylep.edu.pl\/przedszkole\/wp-content\/uploads\/2023\/12\/385537302_317293647796333_1910107335249928748_n.jpg 1500w\" sizes=\"auto, (max-width: 768px) 100vw, 768px\" \/><\/figure>\n<\/figure>\n\n\n\n<figure class=\"wp-block-gallery has-nested-images columns-default is-cropped wp-block-gallery-4 is-layout-flex wp-block-gallery-is-layout-flex\">\n<figure class=\"wp-block-image size-large\"><img loading=\"lazy\" decoding=\"async\" width=\"766\" height=\"1024\" data-id=\"9526\" src=\"https:\/\/przylep.edu.pl\/przedszkole\/wp-content\/uploads\/2023\/12\/398361062_341532118488623_2959765944019084839_n-766x1024.jpg\" alt=\"\" class=\"wp-image-9526\" srcset=\"https:\/\/przylep.edu.pl\/przedszkole\/wp-content\/uploads\/2023\/12\/398361062_341532118488623_2959765944019084839_n-766x1024.jpg 766w, https:\/\/przylep.edu.pl\/przedszkole\/wp-content\/uploads\/2023\/12\/398361062_341532118488623_2959765944019084839_n-224x300.jpg 224w, https:\/\/przylep.edu.pl\/przedszkole\/wp-content\/uploads\/2023\/12\/398361062_341532118488623_2959765944019084839_n-768x1027.jpg 768w, https:\/\/przylep.edu.pl\/przedszkole\/wp-content\/uploads\/2023\/12\/398361062_341532118488623_2959765944019084839_n-1149x1536.jpg 1149w, https:\/\/przylep.edu.pl\/przedszkole\/wp-content\/uploads\/2023\/12\/398361062_341532118488623_2959765944019084839_n.jpg 1496w\" sizes=\"auto, (max-width: 766px) 100vw, 766px\" \/><\/figure>\n\n\n\n<figure class=\"wp-block-image size-large\"><img loading=\"lazy\" decoding=\"async\" width=\"768\" height=\"1024\" data-id=\"9527\" src=\"https:\/\/przylep.edu.pl\/przedszkole\/wp-content\/uploads\/2023\/12\/403401546_671705801776829_455809897758970345_n-768x1024.jpg\" alt=\"\" class=\"wp-image-9527\" srcset=\"https:\/\/przylep.edu.pl\/przedszkole\/wp-content\/uploads\/2023\/12\/403401546_671705801776829_455809897758970345_n-768x1024.jpg 768w, https:\/\/przylep.edu.pl\/przedszkole\/wp-content\/uploads\/2023\/12\/403401546_671705801776829_455809897758970345_n-225x300.jpg 225w, https:\/\/przylep.edu.pl\/przedszkole\/wp-content\/uploads\/2023\/12\/403401546_671705801776829_455809897758970345_n-1152x1536.jpg 1152w, https:\/\/przylep.edu.pl\/przedszkole\/wp-content\/uploads\/2023\/12\/403401546_671705801776829_455809897758970345_n.jpg 1536w\" sizes=\"auto, (max-width: 768px) 100vw, 768px\" \/><\/figure>\n<\/figure>\n\n\n\n<figure class=\"wp-block-gallery has-nested-images columns-default is-cropped wp-block-gallery-5 is-layout-flex wp-block-gallery-is-layout-flex\">\n<figure class=\"wp-block-image size-large\"><img loading=\"lazy\" decoding=\"async\" width=\"768\" height=\"1024\" data-id=\"9528\" src=\"https:\/\/przylep.edu.pl\/przedszkole\/wp-content\/uploads\/2023\/12\/407050437_2845791445563103_7880333927127969837_n-768x1024.jpg\" alt=\"\" class=\"wp-image-9528\" srcset=\"https:\/\/przylep.edu.pl\/przedszkole\/wp-content\/uploads\/2023\/12\/407050437_2845791445563103_7880333927127969837_n-768x1024.jpg 768w, https:\/\/przylep.edu.pl\/przedszkole\/wp-content\/uploads\/2023\/12\/407050437_2845791445563103_7880333927127969837_n-225x300.jpg 225w, https:\/\/przylep.edu.pl\/przedszkole\/wp-content\/uploads\/2023\/12\/407050437_2845791445563103_7880333927127969837_n-1152x1536.jpg 1152w, https:\/\/przylep.edu.pl\/przedszkole\/wp-content\/uploads\/2023\/12\/407050437_2845791445563103_7880333927127969837_n.jpg 1500w\" sizes=\"auto, (max-width: 768px) 100vw, 768px\" \/><\/figure>\n<\/figure>\n","protected":false},"excerpt":{"rendered":"<p>Kolorowy tydzie\u0144 zako\u0144czy\u0142 si\u0119 dniem br\u0105zowym, kt\u00f3ry w tym roku obchodzili\u015bmy w naszej plac\u00f3wce 8 grudnia. Tradycyjnie w naszej plac\u00f3wce jest to dzie\u0144 najs\u0142odszy i najbardziej wyczekiwany, kiedy mo\u017cemy odda\u0107 si\u0119 przyjemno\u015bci dekorowania pierniczk\u00f3w upieczonych przez Panie Kucharki. Te aromatyczne ciastka, kt\u00f3re ju\u017c od XVIIw. sta\u0142y si\u0119 symbolem Torunia pod r\u0119kami ma\u0142ych cukiernik\u00f3w zmieni\u0142y si\u0119 [&hellip;]<\/p>\n","protected":false},"author":2,"featured_media":9520,"comment_status":"closed","ping_status":"open","sticky":false,"template":"","format":"standard","meta":{"footnotes":""},"categories":[45,41,40],"tags":[],"class_list":["post-9519","post","type-post","status-publish","format-standard","has-post-thumbnail","hentry","category-aktualnosci","category-galerie","category-strona-glowna"],"_links":{"self":[{"href":"https:\/\/przylep.edu.pl\/przedszkole\/wp-json\/wp\/v2\/posts\/9519","targetHints":{"allow":["GET"]}}],"collection":[{"href":"https:\/\/przylep.edu.pl\/przedszkole\/wp-json\/wp\/v2\/posts"}],"about":[{"href":"https:\/\/przylep.edu.pl\/przedszkole\/wp-json\/wp\/v2\/types\/post"}],"author":[{"embeddable":true,"href":"https:\/\/przylep.edu.pl\/przedszkole\/wp-json\/wp\/v2\/users\/2"}],"replies":[{"embeddable":true,"href":"https:\/\/przylep.edu.pl\/przedszkole\/wp-json\/wp\/v2\/comments?post=9519"}],"version-history":[{"count":1,"href":"https:\/\/przylep.edu.pl\/przedszkole\/wp-json\/wp\/v2\/posts\/9519\/revisions"}],"predecessor-version":[{"id":9529,"href":"https:\/\/przylep.edu.pl\/przedszkole\/wp-json\/wp\/v2\/posts\/9519\/revisions\/9529"}],"wp:featuredmedia":[{"embeddable":true,"href":"https:\/\/przylep.edu.pl\/przedszkole\/wp-json\/wp\/v2\/media\/9520"}],"wp:attachment":[{"href":"https:\/\/przylep.edu.pl\/przedszkole\/wp-json\/wp\/v2\/media?parent=9519"}],"wp:term":[{"taxonomy":"category","embeddable":true,"href":"https:\/\/przylep.edu.pl\/przedszkole\/wp-json\/wp\/v2\/categories?post=9519"},{"taxonomy":"post_tag","embeddable":true,"href":"https:\/\/przylep.edu.pl\/przedszkole\/wp-json\/wp\/v2\/tags?post=9519"}],"curies":[{"name":"wp","href":"https:\/\/api.w.org\/{rel}","templated":true}]}}