{"id":9507,"date":"2023-12-06T18:52:10","date_gmt":"2023-12-06T17:52:10","guid":{"rendered":"https:\/\/przylep.edu.pl\/przedszkole\/?p=9507"},"modified":"2023-12-17T19:08:20","modified_gmt":"2023-12-17T18:08:20","slug":"mikolajki-w-przedszkolu","status":"publish","type":"post","link":"https:\/\/przylep.edu.pl\/przedszkole\/2023\/12\/06\/mikolajki-w-przedszkolu\/","title":{"rendered":"Miko\u0142ajki w przedszkolu"},"content":{"rendered":"\n<p>\u201e6 grudnia \u2013 jak dobrze wiecie,\u2028\u015awi\u0119ty Miko\u0142aj chodzi po \u015bwiecie.\u2028D\u017awiga sw\u00f3j worek niezmordowanie\u2028i ka\u017cde dziecko prezent dostanie.\u2028A kiedy rozda ju\u017c prezenty,\u2028wraca do Laponii u\u015bmiechni\u0119ty\u201d<\/p>\n\n\n\n<p> Kolorowy tydzie\u0144 to najbardziej wyczekiwany czas w roku przez naszych przedszkolak\u00f3w. Jednak to dzie\u0144 czerwony przepe\u0142niony jest najwi\u0119ksz\u0105 ekscytacj\u0105. W tym roku elf Chichotek przygotowa\u0142 dla grupy \u017c\u00f3\u0142tej list z zadaniami gimnastycznymi, matematycznymi, wskaz\u00f3wkami. Nasi zer\u00f3wkowicze z du\u017cym zaanga\u017cowaniem wykonywali wszystkie zadania, kt\u00f3re doprowadzi\u0142y je na met\u0119 poszukiwa\u0144 &#8211; czyli pod du\u017c\u0105 choink\u0119 na holu, pod kt\u00f3r\u0105 czeka\u0142y na nich \u015bwi\u0105teczne upominki.<\/p>\n\n\n\n<p>Do wszystkich przedszkolak\u00f3w zawita\u0142 r\u00f3wnie\u017c \u015awi\u0119ty Miko\u0142aj, kt\u00f3ry prezentami zaskoczy\u0142 wszystkie dzieci!<\/p>\n\n\n\n<figure class=\"wp-block-gallery has-nested-images columns-default is-cropped wp-block-gallery-1 is-layout-flex wp-block-gallery-is-layout-flex\">\n<figure class=\"wp-block-image size-large\"><img loading=\"lazy\" decoding=\"async\" width=\"1024\" height=\"768\" data-id=\"9509\" src=\"https:\/\/przylep.edu.pl\/przedszkole\/wp-content\/uploads\/2023\/12\/385465689_751187117048535_798750103393554061_n-1024x768.jpg\" alt=\"\" class=\"wp-image-9509\" srcset=\"https:\/\/przylep.edu.pl\/przedszkole\/wp-content\/uploads\/2023\/12\/385465689_751187117048535_798750103393554061_n-1024x768.jpg 1024w, https:\/\/przylep.edu.pl\/przedszkole\/wp-content\/uploads\/2023\/12\/385465689_751187117048535_798750103393554061_n-300x225.jpg 300w, https:\/\/przylep.edu.pl\/przedszkole\/wp-content\/uploads\/2023\/12\/385465689_751187117048535_798750103393554061_n-768x576.jpg 768w, https:\/\/przylep.edu.pl\/przedszkole\/wp-content\/uploads\/2023\/12\/385465689_751187117048535_798750103393554061_n-1536x1152.jpg 1536w, https:\/\/przylep.edu.pl\/przedszkole\/wp-content\/uploads\/2023\/12\/385465689_751187117048535_798750103393554061_n-600x450.jpg 600w, https:\/\/przylep.edu.pl\/przedszkole\/wp-content\/uploads\/2023\/12\/385465689_751187117048535_798750103393554061_n.jpg 2048w\" sizes=\"auto, (max-width: 1024px) 100vw, 1024px\" \/><\/figure>\n<\/figure>\n\n\n\n<figure class=\"wp-block-gallery has-nested-images columns-default is-cropped wp-block-gallery-2 is-layout-flex wp-block-gallery-is-layout-flex\">\n<figure class=\"wp-block-image size-large\"><img loading=\"lazy\" decoding=\"async\" width=\"1024\" height=\"768\" data-id=\"9508\" src=\"https:\/\/przylep.edu.pl\/przedszkole\/wp-content\/uploads\/2023\/12\/403407048_1393227671286780_6156773702911562477_n-1024x768.jpg\" alt=\"\" class=\"wp-image-9508\" srcset=\"https:\/\/przylep.edu.pl\/przedszkole\/wp-content\/uploads\/2023\/12\/403407048_1393227671286780_6156773702911562477_n-1024x768.jpg 1024w, https:\/\/przylep.edu.pl\/przedszkole\/wp-content\/uploads\/2023\/12\/403407048_1393227671286780_6156773702911562477_n-300x225.jpg 300w, https:\/\/przylep.edu.pl\/przedszkole\/wp-content\/uploads\/2023\/12\/403407048_1393227671286780_6156773702911562477_n-768x576.jpg 768w, https:\/\/przylep.edu.pl\/przedszkole\/wp-content\/uploads\/2023\/12\/403407048_1393227671286780_6156773702911562477_n-1536x1152.jpg 1536w, https:\/\/przylep.edu.pl\/przedszkole\/wp-content\/uploads\/2023\/12\/403407048_1393227671286780_6156773702911562477_n-600x450.jpg 600w, https:\/\/przylep.edu.pl\/przedszkole\/wp-content\/uploads\/2023\/12\/403407048_1393227671286780_6156773702911562477_n.jpg 2048w\" sizes=\"auto, (max-width: 1024px) 100vw, 1024px\" \/><\/figure>\n<\/figure>\n\n\n\n<figure class=\"wp-block-gallery has-nested-images columns-default is-cropped wp-block-gallery-3 is-layout-flex wp-block-gallery-is-layout-flex\">\n<figure class=\"wp-block-image size-large\"><img loading=\"lazy\" decoding=\"async\" width=\"1024\" height=\"768\" data-id=\"9510\" src=\"https:\/\/przylep.edu.pl\/przedszkole\/wp-content\/uploads\/2023\/12\/408841501_6930004757047813_1091798092771488266_n-1024x768.jpg\" alt=\"\" class=\"wp-image-9510\" srcset=\"https:\/\/przylep.edu.pl\/przedszkole\/wp-content\/uploads\/2023\/12\/408841501_6930004757047813_1091798092771488266_n-1024x768.jpg 1024w, https:\/\/przylep.edu.pl\/przedszkole\/wp-content\/uploads\/2023\/12\/408841501_6930004757047813_1091798092771488266_n-300x225.jpg 300w, https:\/\/przylep.edu.pl\/przedszkole\/wp-content\/uploads\/2023\/12\/408841501_6930004757047813_1091798092771488266_n-768x576.jpg 768w, https:\/\/przylep.edu.pl\/przedszkole\/wp-content\/uploads\/2023\/12\/408841501_6930004757047813_1091798092771488266_n-600x450.jpg 600w, https:\/\/przylep.edu.pl\/przedszkole\/wp-content\/uploads\/2023\/12\/408841501_6930004757047813_1091798092771488266_n.jpg 1156w\" sizes=\"auto, (max-width: 1024px) 100vw, 1024px\" \/><\/figure>\n<\/figure>\n\n\n\n<figure class=\"wp-block-gallery has-nested-images columns-default is-cropped wp-block-gallery-4 is-layout-flex wp-block-gallery-is-layout-flex\">\n<figure class=\"wp-block-image size-large\"><img loading=\"lazy\" decoding=\"async\" width=\"1024\" height=\"768\" data-id=\"9512\" src=\"https:\/\/przylep.edu.pl\/przedszkole\/wp-content\/uploads\/2023\/12\/387484425_3543034582676984_4047742333923669910_n-1024x768.jpg\" alt=\"\" class=\"wp-image-9512\" srcset=\"https:\/\/przylep.edu.pl\/przedszkole\/wp-content\/uploads\/2023\/12\/387484425_3543034582676984_4047742333923669910_n-1024x768.jpg 1024w, https:\/\/przylep.edu.pl\/przedszkole\/wp-content\/uploads\/2023\/12\/387484425_3543034582676984_4047742333923669910_n-300x225.jpg 300w, https:\/\/przylep.edu.pl\/przedszkole\/wp-content\/uploads\/2023\/12\/387484425_3543034582676984_4047742333923669910_n-768x576.jpg 768w, https:\/\/przylep.edu.pl\/przedszkole\/wp-content\/uploads\/2023\/12\/387484425_3543034582676984_4047742333923669910_n-1536x1152.jpg 1536w, https:\/\/przylep.edu.pl\/przedszkole\/wp-content\/uploads\/2023\/12\/387484425_3543034582676984_4047742333923669910_n-600x450.jpg 600w, https:\/\/przylep.edu.pl\/przedszkole\/wp-content\/uploads\/2023\/12\/387484425_3543034582676984_4047742333923669910_n.jpg 2048w\" sizes=\"auto, (max-width: 1024px) 100vw, 1024px\" \/><\/figure>\n<\/figure>\n\n\n\n<figure class=\"wp-block-gallery has-nested-images columns-default is-cropped wp-block-gallery-5 is-layout-flex wp-block-gallery-is-layout-flex\">\n<figure class=\"wp-block-image size-large\"><img loading=\"lazy\" decoding=\"async\" width=\"768\" height=\"1024\" data-id=\"9511\" src=\"https:\/\/przylep.edu.pl\/przedszkole\/wp-content\/uploads\/2023\/12\/369256325_875827570903617_7758106458714247749_n-768x1024.jpg\" alt=\"\" class=\"wp-image-9511\" srcset=\"https:\/\/przylep.edu.pl\/przedszkole\/wp-content\/uploads\/2023\/12\/369256325_875827570903617_7758106458714247749_n-768x1024.jpg 768w, https:\/\/przylep.edu.pl\/przedszkole\/wp-content\/uploads\/2023\/12\/369256325_875827570903617_7758106458714247749_n-225x300.jpg 225w, https:\/\/przylep.edu.pl\/przedszkole\/wp-content\/uploads\/2023\/12\/369256325_875827570903617_7758106458714247749_n-1152x1536.jpg 1152w, https:\/\/przylep.edu.pl\/przedszkole\/wp-content\/uploads\/2023\/12\/369256325_875827570903617_7758106458714247749_n.jpg 1500w\" sizes=\"auto, (max-width: 768px) 100vw, 768px\" \/><\/figure>\n\n\n\n<figure class=\"wp-block-image size-large\"><img loading=\"lazy\" decoding=\"async\" width=\"1024\" height=\"768\" data-id=\"9514\" src=\"https:\/\/przylep.edu.pl\/przedszkole\/wp-content\/uploads\/2023\/12\/407197677_763072692315891_7337420401639461793_n-1024x768.jpg\" alt=\"\" class=\"wp-image-9514\" srcset=\"https:\/\/przylep.edu.pl\/przedszkole\/wp-content\/uploads\/2023\/12\/407197677_763072692315891_7337420401639461793_n-1024x768.jpg 1024w, https:\/\/przylep.edu.pl\/przedszkole\/wp-content\/uploads\/2023\/12\/407197677_763072692315891_7337420401639461793_n-300x225.jpg 300w, https:\/\/przylep.edu.pl\/przedszkole\/wp-content\/uploads\/2023\/12\/407197677_763072692315891_7337420401639461793_n-768x576.jpg 768w, https:\/\/przylep.edu.pl\/przedszkole\/wp-content\/uploads\/2023\/12\/407197677_763072692315891_7337420401639461793_n-1536x1152.jpg 1536w, https:\/\/przylep.edu.pl\/przedszkole\/wp-content\/uploads\/2023\/12\/407197677_763072692315891_7337420401639461793_n-600x450.jpg 600w, https:\/\/przylep.edu.pl\/przedszkole\/wp-content\/uploads\/2023\/12\/407197677_763072692315891_7337420401639461793_n.jpg 1632w\" sizes=\"auto, (max-width: 1024px) 100vw, 1024px\" \/><\/figure>\n<\/figure>\n\n\n\n<figure class=\"wp-block-gallery has-nested-images columns-default is-cropped wp-block-gallery-6 is-layout-flex wp-block-gallery-is-layout-flex\">\n<figure class=\"wp-block-image size-large\"><img loading=\"lazy\" decoding=\"async\" width=\"768\" height=\"1024\" data-id=\"9513\" src=\"https:\/\/przylep.edu.pl\/przedszkole\/wp-content\/uploads\/2023\/12\/410235144_302566369437661_8627393773446500865_n-768x1024.jpg\" alt=\"\" class=\"wp-image-9513\" srcset=\"https:\/\/przylep.edu.pl\/przedszkole\/wp-content\/uploads\/2023\/12\/410235144_302566369437661_8627393773446500865_n-768x1024.jpg 768w, https:\/\/przylep.edu.pl\/przedszkole\/wp-content\/uploads\/2023\/12\/410235144_302566369437661_8627393773446500865_n-225x300.jpg 225w, https:\/\/przylep.edu.pl\/przedszkole\/wp-content\/uploads\/2023\/12\/410235144_302566369437661_8627393773446500865_n-1152x1536.jpg 1152w, https:\/\/przylep.edu.pl\/przedszkole\/wp-content\/uploads\/2023\/12\/410235144_302566369437661_8627393773446500865_n.jpg 1500w\" sizes=\"auto, (max-width: 768px) 100vw, 768px\" \/><\/figure>\n\n\n\n<figure class=\"wp-block-image size-large\"><img loading=\"lazy\" decoding=\"async\" width=\"768\" height=\"1024\" data-id=\"9515\" src=\"https:\/\/przylep.edu.pl\/przedszkole\/wp-content\/uploads\/2023\/12\/411058417_659778079655695_2163611127560599160_n-768x1024.jpg\" alt=\"\" class=\"wp-image-9515\" srcset=\"https:\/\/przylep.edu.pl\/przedszkole\/wp-content\/uploads\/2023\/12\/411058417_659778079655695_2163611127560599160_n-768x1024.jpg 768w, https:\/\/przylep.edu.pl\/przedszkole\/wp-content\/uploads\/2023\/12\/411058417_659778079655695_2163611127560599160_n-225x300.jpg 225w, https:\/\/przylep.edu.pl\/przedszkole\/wp-content\/uploads\/2023\/12\/411058417_659778079655695_2163611127560599160_n-1152x1536.jpg 1152w, https:\/\/przylep.edu.pl\/przedszkole\/wp-content\/uploads\/2023\/12\/411058417_659778079655695_2163611127560599160_n.jpg 1536w\" sizes=\"auto, (max-width: 768px) 100vw, 768px\" \/><\/figure>\n<\/figure>\n","protected":false},"excerpt":{"rendered":"<p>\u201e6 grudnia \u2013 jak dobrze wiecie,\u2028\u015awi\u0119ty Miko\u0142aj chodzi po \u015bwiecie.\u2028D\u017awiga sw\u00f3j worek niezmordowanie\u2028i ka\u017cde dziecko prezent dostanie.\u2028A kiedy rozda ju\u017c prezenty,\u2028wraca do Laponii u\u015bmiechni\u0119ty\u201d Kolorowy tydzie\u0144 to najbardziej wyczekiwany czas w roku przez naszych przedszkolak\u00f3w. Jednak to dzie\u0144 czerwony przepe\u0142niony jest najwi\u0119ksz\u0105 ekscytacj\u0105. W tym roku elf Chichotek przygotowa\u0142 dla grupy \u017c\u00f3\u0142tej list z zadaniami [&hellip;]<\/p>\n","protected":false},"author":2,"featured_media":9516,"comment_status":"closed","ping_status":"open","sticky":false,"template":"","format":"standard","meta":{"footnotes":""},"categories":[45,41,40],"tags":[],"class_list":["post-9507","post","type-post","status-publish","format-standard","has-post-thumbnail","hentry","category-aktualnosci","category-galerie","category-strona-glowna"],"_links":{"self":[{"href":"https:\/\/przylep.edu.pl\/przedszkole\/wp-json\/wp\/v2\/posts\/9507","targetHints":{"allow":["GET"]}}],"collection":[{"href":"https:\/\/przylep.edu.pl\/przedszkole\/wp-json\/wp\/v2\/posts"}],"about":[{"href":"https:\/\/przylep.edu.pl\/przedszkole\/wp-json\/wp\/v2\/types\/post"}],"author":[{"embeddable":true,"href":"https:\/\/przylep.edu.pl\/przedszkole\/wp-json\/wp\/v2\/users\/2"}],"replies":[{"embeddable":true,"href":"https:\/\/przylep.edu.pl\/przedszkole\/wp-json\/wp\/v2\/comments?post=9507"}],"version-history":[{"count":1,"href":"https:\/\/przylep.edu.pl\/przedszkole\/wp-json\/wp\/v2\/posts\/9507\/revisions"}],"predecessor-version":[{"id":9517,"href":"https:\/\/przylep.edu.pl\/przedszkole\/wp-json\/wp\/v2\/posts\/9507\/revisions\/9517"}],"wp:featuredmedia":[{"embeddable":true,"href":"https:\/\/przylep.edu.pl\/przedszkole\/wp-json\/wp\/v2\/media\/9516"}],"wp:attachment":[{"href":"https:\/\/przylep.edu.pl\/przedszkole\/wp-json\/wp\/v2\/media?parent=9507"}],"wp:term":[{"taxonomy":"category","embeddable":true,"href":"https:\/\/przylep.edu.pl\/przedszkole\/wp-json\/wp\/v2\/categories?post=9507"},{"taxonomy":"post_tag","embeddable":true,"href":"https:\/\/przylep.edu.pl\/przedszkole\/wp-json\/wp\/v2\/tags?post=9507"}],"curies":[{"name":"wp","href":"https:\/\/api.w.org\/{rel}","templated":true}]}}