{"id":9491,"date":"2023-12-01T21:39:46","date_gmt":"2023-12-01T20:39:46","guid":{"rendered":"https:\/\/przylep.edu.pl\/przedszkole\/?p=9491"},"modified":"2023-12-10T21:42:49","modified_gmt":"2023-12-10T20:42:49","slug":"przedszkolaki-w-muzeum-techniki-i-komunikacji","status":"publish","type":"post","link":"https:\/\/przylep.edu.pl\/przedszkole\/2023\/12\/01\/przedszkolaki-w-muzeum-techniki-i-komunikacji\/","title":{"rendered":"Przedszkolaki w Muzeum Techniki i Komunikacji"},"content":{"rendered":"\n<p>30 listopada grupa niebieska wraz z grup\u0105 srebrn\u0105 i limonkow\u0105 wybra\u0142y si\u0119 do Muzeum Techniki i Komunikacji. Dzieci z zer\u00f3wki uda\u0142y si\u0119 z przewodnikiem do Mechanicznego ZOO, gdzie na w\u0142asnej sk\u00f3rze mog\u0142y przekona\u0107 si\u0119, \u017ce niekt\u00f3re eksponaty techniki i motoryzacji swoimi nazwami oraz pewnymi cechami nawi\u0105zuj\u0105 do r\u00f3\u017cnych gatunk\u00f3w zwierz\u0105t. Wyobra\u017ania zadzia\u0142a\u0142a \u2013 dzieci w\u015br\u00f3d zabytk\u00f3w odnalaz\u0142y mi\u0119dzy innymi komara, soko\u0142a czy \u017cuka. Z kolei grupy limonkowa oraz srebrna mog\u0142y podziwia\u0107 mikrosamoch\u00f3d Smyk, przekona\u0107 si\u0119 jak wa\u017cne jest zapinanie pas\u00f3w, a tak\u017ce jak warunki pogodowe wp\u0142ywaj\u0105 na drog\u0119 hamowania. W Motoeksperymentarium dzieci mog\u0142y tak\u017ce sprawdzi\u0107 sw\u00f3j refleks, a tak\u017ce spr\u00f3bowa\u0107 swoich si\u0142 na torze formule 1. Zabawy nie by\u0142o ko\u0144ca. Ju\u017c nie mo\u017cemy si\u0119 doczeka\u0107 kiedy ponownie wybierzemy si\u0119 do Muzeum Techniki i Komunikacji w Szczecinie na kolejne ciekawe zaj\u0119cia i warsztaty.<\/p>\n\n\n\n<figure class=\"wp-block-gallery has-nested-images columns-default is-cropped wp-block-gallery-1 is-layout-flex wp-block-gallery-is-layout-flex\">\n<figure class=\"wp-block-image size-large\"><img loading=\"lazy\" decoding=\"async\" width=\"1024\" height=\"577\" data-id=\"9492\" src=\"https:\/\/przylep.edu.pl\/przedszkole\/wp-content\/uploads\/2023\/12\/399932038_377199211390754_9206032615681272149_n-1024x577.jpg\" alt=\"\" class=\"wp-image-9492\" srcset=\"https:\/\/przylep.edu.pl\/przedszkole\/wp-content\/uploads\/2023\/12\/399932038_377199211390754_9206032615681272149_n-1024x577.jpg 1024w, https:\/\/przylep.edu.pl\/przedszkole\/wp-content\/uploads\/2023\/12\/399932038_377199211390754_9206032615681272149_n-300x169.jpg 300w, https:\/\/przylep.edu.pl\/przedszkole\/wp-content\/uploads\/2023\/12\/399932038_377199211390754_9206032615681272149_n-768x433.jpg 768w, https:\/\/przylep.edu.pl\/przedszkole\/wp-content\/uploads\/2023\/12\/399932038_377199211390754_9206032615681272149_n-1536x865.jpg 1536w, https:\/\/przylep.edu.pl\/przedszkole\/wp-content\/uploads\/2023\/12\/399932038_377199211390754_9206032615681272149_n.jpg 1734w\" sizes=\"auto, (max-width: 1024px) 100vw, 1024px\" \/><\/figure>\n<\/figure>\n\n\n\n<figure class=\"wp-block-gallery has-nested-images columns-default is-cropped wp-block-gallery-2 is-layout-flex wp-block-gallery-is-layout-flex\">\n<figure class=\"wp-block-image size-large\"><img loading=\"lazy\" decoding=\"async\" width=\"1024\" height=\"577\" data-id=\"9493\" src=\"https:\/\/przylep.edu.pl\/przedszkole\/wp-content\/uploads\/2023\/12\/369801828_1319478448727852_4190315795939389551_n-1024x577.jpg\" alt=\"\" class=\"wp-image-9493\" srcset=\"https:\/\/przylep.edu.pl\/przedszkole\/wp-content\/uploads\/2023\/12\/369801828_1319478448727852_4190315795939389551_n-1024x577.jpg 1024w, https:\/\/przylep.edu.pl\/przedszkole\/wp-content\/uploads\/2023\/12\/369801828_1319478448727852_4190315795939389551_n-300x169.jpg 300w, https:\/\/przylep.edu.pl\/przedszkole\/wp-content\/uploads\/2023\/12\/369801828_1319478448727852_4190315795939389551_n-768x432.jpg 768w, https:\/\/przylep.edu.pl\/przedszkole\/wp-content\/uploads\/2023\/12\/369801828_1319478448727852_4190315795939389551_n-1536x865.jpg 1536w, https:\/\/przylep.edu.pl\/przedszkole\/wp-content\/uploads\/2023\/12\/369801828_1319478448727852_4190315795939389551_n.jpg 2000w\" sizes=\"auto, (max-width: 1024px) 100vw, 1024px\" \/><\/figure>\n\n\n\n<figure class=\"wp-block-image size-large\"><img loading=\"lazy\" decoding=\"async\" width=\"1024\" height=\"577\" data-id=\"9494\" src=\"https:\/\/przylep.edu.pl\/przedszkole\/wp-content\/uploads\/2023\/12\/371326965_331916622929895_2190237652004376110_n-1024x577.jpg\" alt=\"\" class=\"wp-image-9494\" srcset=\"https:\/\/przylep.edu.pl\/przedszkole\/wp-content\/uploads\/2023\/12\/371326965_331916622929895_2190237652004376110_n-1024x577.jpg 1024w, https:\/\/przylep.edu.pl\/przedszkole\/wp-content\/uploads\/2023\/12\/371326965_331916622929895_2190237652004376110_n-300x169.jpg 300w, https:\/\/przylep.edu.pl\/przedszkole\/wp-content\/uploads\/2023\/12\/371326965_331916622929895_2190237652004376110_n-768x432.jpg 768w, https:\/\/przylep.edu.pl\/przedszkole\/wp-content\/uploads\/2023\/12\/371326965_331916622929895_2190237652004376110_n-1536x865.jpg 1536w, https:\/\/przylep.edu.pl\/przedszkole\/wp-content\/uploads\/2023\/12\/371326965_331916622929895_2190237652004376110_n.jpg 2000w\" sizes=\"auto, (max-width: 1024px) 100vw, 1024px\" \/><\/figure>\n<\/figure>\n\n\n\n<figure class=\"wp-block-gallery has-nested-images columns-default is-cropped wp-block-gallery-3 is-layout-flex wp-block-gallery-is-layout-flex\">\n<figure class=\"wp-block-image size-large\"><img loading=\"lazy\" decoding=\"async\" width=\"577\" height=\"1024\" data-id=\"9495\" src=\"https:\/\/przylep.edu.pl\/przedszkole\/wp-content\/uploads\/2023\/12\/370233695_318776667617026_4487972764282157929_n-577x1024.jpg\" alt=\"\" class=\"wp-image-9495\" srcset=\"https:\/\/przylep.edu.pl\/przedszkole\/wp-content\/uploads\/2023\/12\/370233695_318776667617026_4487972764282157929_n-577x1024.jpg 577w, https:\/\/przylep.edu.pl\/przedszkole\/wp-content\/uploads\/2023\/12\/370233695_318776667617026_4487972764282157929_n-169x300.jpg 169w, https:\/\/przylep.edu.pl\/przedszkole\/wp-content\/uploads\/2023\/12\/370233695_318776667617026_4487972764282157929_n-768x1364.jpg 768w, https:\/\/przylep.edu.pl\/przedszkole\/wp-content\/uploads\/2023\/12\/370233695_318776667617026_4487972764282157929_n-865x1536.jpg 865w, https:\/\/przylep.edu.pl\/przedszkole\/wp-content\/uploads\/2023\/12\/370233695_318776667617026_4487972764282157929_n.jpg 1126w\" sizes=\"auto, (max-width: 577px) 100vw, 577px\" \/><\/figure>\n<\/figure>\n\n\n\n<figure class=\"wp-block-gallery has-nested-images columns-default is-cropped wp-block-gallery-4 is-layout-flex wp-block-gallery-is-layout-flex\">\n<figure class=\"wp-block-image size-large\"><img loading=\"lazy\" decoding=\"async\" width=\"768\" height=\"1024\" data-id=\"9496\" src=\"https:\/\/przylep.edu.pl\/przedszkole\/wp-content\/uploads\/2023\/12\/403405542_920857439385824_4764338001299991822_n-768x1024.jpg\" alt=\"\" class=\"wp-image-9496\" srcset=\"https:\/\/przylep.edu.pl\/przedszkole\/wp-content\/uploads\/2023\/12\/403405542_920857439385824_4764338001299991822_n-768x1024.jpg 768w, https:\/\/przylep.edu.pl\/przedszkole\/wp-content\/uploads\/2023\/12\/403405542_920857439385824_4764338001299991822_n-225x300.jpg 225w, https:\/\/przylep.edu.pl\/przedszkole\/wp-content\/uploads\/2023\/12\/403405542_920857439385824_4764338001299991822_n-1152x1536.jpg 1152w, https:\/\/przylep.edu.pl\/przedszkole\/wp-content\/uploads\/2023\/12\/403405542_920857439385824_4764338001299991822_n.jpg 1536w\" sizes=\"auto, (max-width: 768px) 100vw, 768px\" \/><\/figure>\n\n\n\n<figure class=\"wp-block-image size-large\"><img loading=\"lazy\" decoding=\"async\" width=\"768\" height=\"1024\" data-id=\"9497\" src=\"https:\/\/przylep.edu.pl\/przedszkole\/wp-content\/uploads\/2023\/12\/403410892_376063761759167_8783530927964465809_n-768x1024.jpg\" alt=\"\" class=\"wp-image-9497\" srcset=\"https:\/\/przylep.edu.pl\/przedszkole\/wp-content\/uploads\/2023\/12\/403410892_376063761759167_8783530927964465809_n-768x1024.jpg 768w, https:\/\/przylep.edu.pl\/przedszkole\/wp-content\/uploads\/2023\/12\/403410892_376063761759167_8783530927964465809_n-225x300.jpg 225w, https:\/\/przylep.edu.pl\/przedszkole\/wp-content\/uploads\/2023\/12\/403410892_376063761759167_8783530927964465809_n-1152x1536.jpg 1152w, https:\/\/przylep.edu.pl\/przedszkole\/wp-content\/uploads\/2023\/12\/403410892_376063761759167_8783530927964465809_n.jpg 1536w\" sizes=\"auto, (max-width: 768px) 100vw, 768px\" \/><\/figure>\n<\/figure>\n\n\n\n<figure class=\"wp-block-gallery has-nested-images columns-default is-cropped wp-block-gallery-5 is-layout-flex wp-block-gallery-is-layout-flex\">\n<figure class=\"wp-block-image size-large\"><img loading=\"lazy\" decoding=\"async\" width=\"768\" height=\"1024\" data-id=\"9498\" src=\"https:\/\/przylep.edu.pl\/przedszkole\/wp-content\/uploads\/2023\/12\/403419893_677866457543151_7683855400469767606_n-768x1024.jpg\" alt=\"\" class=\"wp-image-9498\" srcset=\"https:\/\/przylep.edu.pl\/przedszkole\/wp-content\/uploads\/2023\/12\/403419893_677866457543151_7683855400469767606_n-768x1024.jpg 768w, https:\/\/przylep.edu.pl\/przedszkole\/wp-content\/uploads\/2023\/12\/403419893_677866457543151_7683855400469767606_n-225x300.jpg 225w, https:\/\/przylep.edu.pl\/przedszkole\/wp-content\/uploads\/2023\/12\/403419893_677866457543151_7683855400469767606_n-1152x1536.jpg 1152w, https:\/\/przylep.edu.pl\/przedszkole\/wp-content\/uploads\/2023\/12\/403419893_677866457543151_7683855400469767606_n.jpg 1536w\" sizes=\"auto, (max-width: 768px) 100vw, 768px\" \/><\/figure>\n<\/figure>\n","protected":false},"excerpt":{"rendered":"<p>30 listopada grupa niebieska wraz z grup\u0105 srebrn\u0105 i limonkow\u0105 wybra\u0142y si\u0119 do Muzeum Techniki i Komunikacji. Dzieci z zer\u00f3wki uda\u0142y si\u0119 z przewodnikiem do Mechanicznego ZOO, gdzie na w\u0142asnej sk\u00f3rze mog\u0142y przekona\u0107 si\u0119, \u017ce niekt\u00f3re eksponaty techniki i motoryzacji swoimi nazwami oraz pewnymi cechami nawi\u0105zuj\u0105 do r\u00f3\u017cnych gatunk\u00f3w zwierz\u0105t. Wyobra\u017ania zadzia\u0142a\u0142a \u2013 dzieci w\u015br\u00f3d [&hellip;]<\/p>\n","protected":false},"author":2,"featured_media":9499,"comment_status":"closed","ping_status":"open","sticky":false,"template":"","format":"standard","meta":{"footnotes":""},"categories":[45,41,40],"tags":[],"class_list":["post-9491","post","type-post","status-publish","format-standard","has-post-thumbnail","hentry","category-aktualnosci","category-galerie","category-strona-glowna"],"_links":{"self":[{"href":"https:\/\/przylep.edu.pl\/przedszkole\/wp-json\/wp\/v2\/posts\/9491","targetHints":{"allow":["GET"]}}],"collection":[{"href":"https:\/\/przylep.edu.pl\/przedszkole\/wp-json\/wp\/v2\/posts"}],"about":[{"href":"https:\/\/przylep.edu.pl\/przedszkole\/wp-json\/wp\/v2\/types\/post"}],"author":[{"embeddable":true,"href":"https:\/\/przylep.edu.pl\/przedszkole\/wp-json\/wp\/v2\/users\/2"}],"replies":[{"embeddable":true,"href":"https:\/\/przylep.edu.pl\/przedszkole\/wp-json\/wp\/v2\/comments?post=9491"}],"version-history":[{"count":1,"href":"https:\/\/przylep.edu.pl\/przedszkole\/wp-json\/wp\/v2\/posts\/9491\/revisions"}],"predecessor-version":[{"id":9500,"href":"https:\/\/przylep.edu.pl\/przedszkole\/wp-json\/wp\/v2\/posts\/9491\/revisions\/9500"}],"wp:featuredmedia":[{"embeddable":true,"href":"https:\/\/przylep.edu.pl\/przedszkole\/wp-json\/wp\/v2\/media\/9499"}],"wp:attachment":[{"href":"https:\/\/przylep.edu.pl\/przedszkole\/wp-json\/wp\/v2\/media?parent=9491"}],"wp:term":[{"taxonomy":"category","embeddable":true,"href":"https:\/\/przylep.edu.pl\/przedszkole\/wp-json\/wp\/v2\/categories?post=9491"},{"taxonomy":"post_tag","embeddable":true,"href":"https:\/\/przylep.edu.pl\/przedszkole\/wp-json\/wp\/v2\/tags?post=9491"}],"curies":[{"name":"wp","href":"https:\/\/api.w.org\/{rel}","templated":true}]}}