{"id":9481,"date":"2023-12-07T21:24:50","date_gmt":"2023-12-07T20:24:50","guid":{"rendered":"https:\/\/przylep.edu.pl\/przedszkole\/?p=9481"},"modified":"2023-12-10T21:37:44","modified_gmt":"2023-12-10T20:37:44","slug":"dzien-zolty-czyli-dzien-gwiazdki","status":"publish","type":"post","link":"https:\/\/przylep.edu.pl\/przedszkole\/2023\/12\/07\/dzien-zolty-czyli-dzien-gwiazdki\/","title":{"rendered":"Dzie\u0144 \u017b\u00f3\u0142ty czyli Dzie\u0144 Gwiazdki"},"content":{"rendered":"\n<p>Zgodnie z tradycj\u0105 podczas kolorowego tygodnia najbardziej &#8222;roz\u015bwietlonym&#8221; dniem w Zespole Szkolno-Przedszkolnym by\u0142 dzie\u0144 \u017c\u00f3\u0142ty, czyli Dzie\u0144 Gwiazdki. 7 grudnia w naszej plac\u00f3wce podpieczni, uczniowie i nauczyciele ubrani w \u017c\u00f3\u0142te stroje zebrali si\u0119 w pi\u0119knie przystrojonym holu. Tego dnia jak co roku na uroczystym zapaleniu \u015bwiate\u0142ek nie zabrak\u0142o Pani W\u00f3jt. Przy wsp\u00f3lnym od\u015bpiewaniu piosenki &#8222;\u015awie\u0107 gwiazdeczko ma\u0142a \u015bwie\u0107&#8221; zapalone zosta\u0142y \u015bwiate\u0142ka, a nasz\u0105 szko\u0142\u0119 wype\u0142ni\u0142 magiczny, \u015bwi\u0105teczny blask.<\/p>\n\n\n\n<figure class=\"wp-block-gallery has-nested-images columns-default is-cropped wp-block-gallery-1 is-layout-flex wp-block-gallery-is-layout-flex\">\n<figure class=\"wp-block-image size-large\"><img loading=\"lazy\" decoding=\"async\" width=\"1024\" height=\"439\" data-id=\"9482\" src=\"https:\/\/przylep.edu.pl\/przedszkole\/wp-content\/uploads\/2023\/12\/407114031_2024126797980043_3006083051743133816_n-1024x439.jpg\" alt=\"\" class=\"wp-image-9482\" srcset=\"https:\/\/przylep.edu.pl\/przedszkole\/wp-content\/uploads\/2023\/12\/407114031_2024126797980043_3006083051743133816_n-1024x439.jpg 1024w, https:\/\/przylep.edu.pl\/przedszkole\/wp-content\/uploads\/2023\/12\/407114031_2024126797980043_3006083051743133816_n-300x128.jpg 300w, https:\/\/przylep.edu.pl\/przedszkole\/wp-content\/uploads\/2023\/12\/407114031_2024126797980043_3006083051743133816_n-768x329.jpg 768w, https:\/\/przylep.edu.pl\/przedszkole\/wp-content\/uploads\/2023\/12\/407114031_2024126797980043_3006083051743133816_n-1536x658.jpg 1536w, https:\/\/przylep.edu.pl\/przedszkole\/wp-content\/uploads\/2023\/12\/407114031_2024126797980043_3006083051743133816_n.jpg 2048w\" sizes=\"auto, (max-width: 1024px) 100vw, 1024px\" \/><\/figure>\n<\/figure>\n\n\n\n<figure class=\"wp-block-gallery has-nested-images columns-default is-cropped wp-block-gallery-2 is-layout-flex wp-block-gallery-is-layout-flex\">\n<figure class=\"wp-block-image size-large\"><img loading=\"lazy\" decoding=\"async\" width=\"1024\" height=\"1024\" data-id=\"9483\" src=\"https:\/\/przylep.edu.pl\/przedszkole\/wp-content\/uploads\/2023\/12\/406804122_340203428628072_3575357384827890577_n-1024x1024.jpg\" alt=\"\" class=\"wp-image-9483\" srcset=\"https:\/\/przylep.edu.pl\/przedszkole\/wp-content\/uploads\/2023\/12\/406804122_340203428628072_3575357384827890577_n-1024x1024.jpg 1024w, https:\/\/przylep.edu.pl\/przedszkole\/wp-content\/uploads\/2023\/12\/406804122_340203428628072_3575357384827890577_n-300x300.jpg 300w, https:\/\/przylep.edu.pl\/przedszkole\/wp-content\/uploads\/2023\/12\/406804122_340203428628072_3575357384827890577_n-150x150.jpg 150w, https:\/\/przylep.edu.pl\/przedszkole\/wp-content\/uploads\/2023\/12\/406804122_340203428628072_3575357384827890577_n-768x768.jpg 768w, https:\/\/przylep.edu.pl\/przedszkole\/wp-content\/uploads\/2023\/12\/406804122_340203428628072_3575357384827890577_n-1536x1536.jpg 1536w, https:\/\/przylep.edu.pl\/przedszkole\/wp-content\/uploads\/2023\/12\/406804122_340203428628072_3575357384827890577_n-600x600.jpg 600w, https:\/\/przylep.edu.pl\/przedszkole\/wp-content\/uploads\/2023\/12\/406804122_340203428628072_3575357384827890577_n.jpg 2048w\" sizes=\"auto, (max-width: 1024px) 100vw, 1024px\" \/><\/figure>\n<\/figure>\n\n\n\n<figure class=\"wp-block-gallery has-nested-images columns-default is-cropped wp-block-gallery-3 is-layout-flex wp-block-gallery-is-layout-flex\">\n<figure class=\"wp-block-image size-large\"><img loading=\"lazy\" decoding=\"async\" width=\"768\" height=\"1024\" data-id=\"9485\" src=\"https:\/\/przylep.edu.pl\/przedszkole\/wp-content\/uploads\/2023\/12\/408502886_6936584466389842_2214460457945272824_n-768x1024.jpg\" alt=\"\" class=\"wp-image-9485\" srcset=\"https:\/\/przylep.edu.pl\/przedszkole\/wp-content\/uploads\/2023\/12\/408502886_6936584466389842_2214460457945272824_n-768x1024.jpg 768w, https:\/\/przylep.edu.pl\/przedszkole\/wp-content\/uploads\/2023\/12\/408502886_6936584466389842_2214460457945272824_n-225x300.jpg 225w, https:\/\/przylep.edu.pl\/przedszkole\/wp-content\/uploads\/2023\/12\/408502886_6936584466389842_2214460457945272824_n-1152x1536.jpg 1152w, https:\/\/przylep.edu.pl\/przedszkole\/wp-content\/uploads\/2023\/12\/408502886_6936584466389842_2214460457945272824_n.jpg 1536w\" sizes=\"auto, (max-width: 768px) 100vw, 768px\" \/><\/figure>\n<\/figure>\n\n\n\n<figure class=\"wp-block-gallery has-nested-images columns-default is-cropped wp-block-gallery-4 is-layout-flex wp-block-gallery-is-layout-flex\">\n<figure class=\"wp-block-image size-large\"><img loading=\"lazy\" decoding=\"async\" width=\"960\" height=\"720\" data-id=\"9486\" src=\"https:\/\/przylep.edu.pl\/przedszkole\/wp-content\/uploads\/2023\/12\/408670485_6936582333056722_625271021901645018_n.jpg\" alt=\"\" class=\"wp-image-9486\" srcset=\"https:\/\/przylep.edu.pl\/przedszkole\/wp-content\/uploads\/2023\/12\/408670485_6936582333056722_625271021901645018_n.jpg 960w, https:\/\/przylep.edu.pl\/przedszkole\/wp-content\/uploads\/2023\/12\/408670485_6936582333056722_625271021901645018_n-300x225.jpg 300w, https:\/\/przylep.edu.pl\/przedszkole\/wp-content\/uploads\/2023\/12\/408670485_6936582333056722_625271021901645018_n-768x576.jpg 768w, https:\/\/przylep.edu.pl\/przedszkole\/wp-content\/uploads\/2023\/12\/408670485_6936582333056722_625271021901645018_n-600x450.jpg 600w\" sizes=\"auto, (max-width: 960px) 100vw, 960px\" \/><\/figure>\n<\/figure>\n\n\n\n<figure class=\"wp-block-gallery has-nested-images columns-default is-cropped wp-block-gallery-5 is-layout-flex wp-block-gallery-is-layout-flex\">\n<figure class=\"wp-block-image size-large\"><img loading=\"lazy\" decoding=\"async\" width=\"768\" height=\"1024\" data-id=\"9487\" src=\"https:\/\/przylep.edu.pl\/przedszkole\/wp-content\/uploads\/2023\/12\/408491072_6936586446389644_518239602785987871_n-768x1024.jpg\" alt=\"\" class=\"wp-image-9487\" srcset=\"https:\/\/przylep.edu.pl\/przedszkole\/wp-content\/uploads\/2023\/12\/408491072_6936586446389644_518239602785987871_n-768x1024.jpg 768w, https:\/\/przylep.edu.pl\/przedszkole\/wp-content\/uploads\/2023\/12\/408491072_6936586446389644_518239602785987871_n-225x300.jpg 225w, https:\/\/przylep.edu.pl\/przedszkole\/wp-content\/uploads\/2023\/12\/408491072_6936586446389644_518239602785987871_n-1152x1536.jpg 1152w, https:\/\/przylep.edu.pl\/przedszkole\/wp-content\/uploads\/2023\/12\/408491072_6936586446389644_518239602785987871_n.jpg 1536w\" sizes=\"auto, (max-width: 768px) 100vw, 768px\" \/><\/figure>\n\n\n\n<figure class=\"wp-block-image size-large\"><img loading=\"lazy\" decoding=\"async\" width=\"768\" height=\"1024\" data-id=\"9488\" src=\"https:\/\/przylep.edu.pl\/przedszkole\/wp-content\/uploads\/2023\/12\/408497604_6936584949723127_219456429262901678_n-768x1024.jpg\" alt=\"\" class=\"wp-image-9488\" srcset=\"https:\/\/przylep.edu.pl\/przedszkole\/wp-content\/uploads\/2023\/12\/408497604_6936584949723127_219456429262901678_n-768x1024.jpg 768w, https:\/\/przylep.edu.pl\/przedszkole\/wp-content\/uploads\/2023\/12\/408497604_6936584949723127_219456429262901678_n-225x300.jpg 225w, https:\/\/przylep.edu.pl\/przedszkole\/wp-content\/uploads\/2023\/12\/408497604_6936584949723127_219456429262901678_n-1152x1536.jpg 1152w, https:\/\/przylep.edu.pl\/przedszkole\/wp-content\/uploads\/2023\/12\/408497604_6936584949723127_219456429262901678_n.jpg 1536w\" sizes=\"auto, (max-width: 768px) 100vw, 768px\" \/><\/figure>\n<\/figure>\n","protected":false},"excerpt":{"rendered":"<p>Zgodnie z tradycj\u0105 podczas kolorowego tygodnia najbardziej &#8222;roz\u015bwietlonym&#8221; dniem w Zespole Szkolno-Przedszkolnym by\u0142 dzie\u0144 \u017c\u00f3\u0142ty, czyli Dzie\u0144 Gwiazdki. 7 grudnia w naszej plac\u00f3wce podpieczni, uczniowie i nauczyciele ubrani w \u017c\u00f3\u0142te stroje zebrali si\u0119 w pi\u0119knie przystrojonym holu. Tego dnia jak co roku na uroczystym zapaleniu \u015bwiate\u0142ek nie zabrak\u0142o Pani W\u00f3jt. Przy wsp\u00f3lnym od\u015bpiewaniu piosenki &#8222;\u015awie\u0107 [&hellip;]<\/p>\n","protected":false},"author":2,"featured_media":9489,"comment_status":"closed","ping_status":"open","sticky":false,"template":"","format":"standard","meta":{"footnotes":""},"categories":[45,41,40],"tags":[],"class_list":["post-9481","post","type-post","status-publish","format-standard","has-post-thumbnail","hentry","category-aktualnosci","category-galerie","category-strona-glowna"],"_links":{"self":[{"href":"https:\/\/przylep.edu.pl\/przedszkole\/wp-json\/wp\/v2\/posts\/9481","targetHints":{"allow":["GET"]}}],"collection":[{"href":"https:\/\/przylep.edu.pl\/przedszkole\/wp-json\/wp\/v2\/posts"}],"about":[{"href":"https:\/\/przylep.edu.pl\/przedszkole\/wp-json\/wp\/v2\/types\/post"}],"author":[{"embeddable":true,"href":"https:\/\/przylep.edu.pl\/przedszkole\/wp-json\/wp\/v2\/users\/2"}],"replies":[{"embeddable":true,"href":"https:\/\/przylep.edu.pl\/przedszkole\/wp-json\/wp\/v2\/comments?post=9481"}],"version-history":[{"count":1,"href":"https:\/\/przylep.edu.pl\/przedszkole\/wp-json\/wp\/v2\/posts\/9481\/revisions"}],"predecessor-version":[{"id":9490,"href":"https:\/\/przylep.edu.pl\/przedszkole\/wp-json\/wp\/v2\/posts\/9481\/revisions\/9490"}],"wp:featuredmedia":[{"embeddable":true,"href":"https:\/\/przylep.edu.pl\/przedszkole\/wp-json\/wp\/v2\/media\/9489"}],"wp:attachment":[{"href":"https:\/\/przylep.edu.pl\/przedszkole\/wp-json\/wp\/v2\/media?parent=9481"}],"wp:term":[{"taxonomy":"category","embeddable":true,"href":"https:\/\/przylep.edu.pl\/przedszkole\/wp-json\/wp\/v2\/categories?post=9481"},{"taxonomy":"post_tag","embeddable":true,"href":"https:\/\/przylep.edu.pl\/przedszkole\/wp-json\/wp\/v2\/tags?post=9481"}],"curies":[{"name":"wp","href":"https:\/\/api.w.org\/{rel}","templated":true}]}}