{"id":9465,"date":"2023-12-04T20:26:58","date_gmt":"2023-12-04T19:26:58","guid":{"rendered":"https:\/\/przylep.edu.pl\/przedszkole\/?p=9465"},"modified":"2023-12-04T20:27:00","modified_gmt":"2023-12-04T19:27:00","slug":"zaczarowany-swiat-magii-i-wrozb-czyli-andrzejki-w-naszej-szkole","status":"publish","type":"post","link":"https:\/\/przylep.edu.pl\/przedszkole\/2023\/12\/04\/zaczarowany-swiat-magii-i-wrozb-czyli-andrzejki-w-naszej-szkole\/","title":{"rendered":"Zaczarowany \u015bwiat magii i wr\u00f3\u017cb czyli Andrzejki w naszej szkole"},"content":{"rendered":"\n<p>Czwartek 30 listopada w naszej szkole przebieg\u0142 pod has\u0142em wr\u00f3\u017cb i zabaw andrzejkowych. Juz od samego rana \u015bwietlica szkolna zmieni\u0142a si\u0119 w miejsce czar\u00f3w i magii. Ka\u017cdy uczestnik andrzejkowych wr\u00f3\u017cb z niecierpliwo\u015bci\u0105 przek\u0142uwa\u0142 papierowe serce, aby odczyta\u0107 imi\u0119 przysz\u0142ej sympatii, losowa\u0142 magiczne bileciki z nazwami zawod\u00f3w przysz\u0142o\u015bci, czy poznawa\u0142 znaczenie swojego ulubionego koloru. Katalog wr\u00f3\u017cb by\u0142 bogaty, a ka\u017cdy wywr\u00f3\u017cy\u0142 sobie co\u015b magicznego.<\/p>\n\n\n\n<figure class=\"wp-block-gallery has-nested-images columns-default is-cropped wp-block-gallery-1 is-layout-flex wp-block-gallery-is-layout-flex\">\n<figure class=\"wp-block-image size-large\"><img loading=\"lazy\" decoding=\"async\" width=\"1014\" height=\"1024\" data-id=\"9466\" src=\"https:\/\/przylep.edu.pl\/przedszkole\/wp-content\/uploads\/2023\/12\/405139942_860691799087817_3184168297911035652_n-1014x1024.jpg\" alt=\"\" class=\"wp-image-9466\" srcset=\"https:\/\/przylep.edu.pl\/przedszkole\/wp-content\/uploads\/2023\/12\/405139942_860691799087817_3184168297911035652_n-1014x1024.jpg 1014w, https:\/\/przylep.edu.pl\/przedszkole\/wp-content\/uploads\/2023\/12\/405139942_860691799087817_3184168297911035652_n-297x300.jpg 297w, https:\/\/przylep.edu.pl\/przedszkole\/wp-content\/uploads\/2023\/12\/405139942_860691799087817_3184168297911035652_n-150x150.jpg 150w, https:\/\/przylep.edu.pl\/przedszkole\/wp-content\/uploads\/2023\/12\/405139942_860691799087817_3184168297911035652_n-768x775.jpg 768w, https:\/\/przylep.edu.pl\/przedszkole\/wp-content\/uploads\/2023\/12\/405139942_860691799087817_3184168297911035652_n.jpg 1154w\" sizes=\"auto, (max-width: 1014px) 100vw, 1014px\" \/><\/figure>\n<\/figure>\n\n\n\n<figure class=\"wp-block-gallery has-nested-images columns-default is-cropped wp-block-gallery-2 is-layout-flex wp-block-gallery-is-layout-flex\">\n<figure class=\"wp-block-image size-large\"><img loading=\"lazy\" decoding=\"async\" width=\"1024\" height=\"1024\" data-id=\"9467\" src=\"https:\/\/przylep.edu.pl\/przedszkole\/wp-content\/uploads\/2023\/12\/405611694_338994708759750_5129209262594583409_n-1024x1024.jpg\" alt=\"\" class=\"wp-image-9467\" srcset=\"https:\/\/przylep.edu.pl\/przedszkole\/wp-content\/uploads\/2023\/12\/405611694_338994708759750_5129209262594583409_n-1024x1024.jpg 1024w, https:\/\/przylep.edu.pl\/przedszkole\/wp-content\/uploads\/2023\/12\/405611694_338994708759750_5129209262594583409_n-300x300.jpg 300w, https:\/\/przylep.edu.pl\/przedszkole\/wp-content\/uploads\/2023\/12\/405611694_338994708759750_5129209262594583409_n-150x150.jpg 150w, https:\/\/przylep.edu.pl\/przedszkole\/wp-content\/uploads\/2023\/12\/405611694_338994708759750_5129209262594583409_n-768x768.jpg 768w, https:\/\/przylep.edu.pl\/przedszkole\/wp-content\/uploads\/2023\/12\/405611694_338994708759750_5129209262594583409_n-1536x1536.jpg 1536w, https:\/\/przylep.edu.pl\/przedszkole\/wp-content\/uploads\/2023\/12\/405611694_338994708759750_5129209262594583409_n-600x600.jpg 600w, https:\/\/przylep.edu.pl\/przedszkole\/wp-content\/uploads\/2023\/12\/405611694_338994708759750_5129209262594583409_n.jpg 2048w\" sizes=\"auto, (max-width: 1024px) 100vw, 1024px\" \/><\/figure>\n<\/figure>\n\n\n\n<figure class=\"wp-block-gallery has-nested-images columns-default is-cropped wp-block-gallery-3 is-layout-flex wp-block-gallery-is-layout-flex\">\n<figure class=\"wp-block-image size-large\"><img loading=\"lazy\" decoding=\"async\" width=\"777\" height=\"1024\" data-id=\"9468\" src=\"https:\/\/przylep.edu.pl\/przedszkole\/wp-content\/uploads\/2023\/12\/406064000_192814050492557_8386122018743382297_n-777x1024.jpg\" alt=\"\" class=\"wp-image-9468\" srcset=\"https:\/\/przylep.edu.pl\/przedszkole\/wp-content\/uploads\/2023\/12\/406064000_192814050492557_8386122018743382297_n-777x1024.jpg 777w, https:\/\/przylep.edu.pl\/przedszkole\/wp-content\/uploads\/2023\/12\/406064000_192814050492557_8386122018743382297_n-227x300.jpg 227w, https:\/\/przylep.edu.pl\/przedszkole\/wp-content\/uploads\/2023\/12\/406064000_192814050492557_8386122018743382297_n-768x1013.jpg 768w, https:\/\/przylep.edu.pl\/przedszkole\/wp-content\/uploads\/2023\/12\/406064000_192814050492557_8386122018743382297_n-1165x1536.jpg 1165w, https:\/\/przylep.edu.pl\/przedszkole\/wp-content\/uploads\/2023\/12\/406064000_192814050492557_8386122018743382297_n.jpg 1553w\" sizes=\"auto, (max-width: 777px) 100vw, 777px\" \/><\/figure>\n<\/figure>\n","protected":false},"excerpt":{"rendered":"<p>Czwartek 30 listopada w naszej szkole przebieg\u0142 pod has\u0142em wr\u00f3\u017cb i zabaw andrzejkowych. Juz od samego rana \u015bwietlica szkolna zmieni\u0142a si\u0119 w miejsce czar\u00f3w i magii. Ka\u017cdy uczestnik andrzejkowych wr\u00f3\u017cb z niecierpliwo\u015bci\u0105 przek\u0142uwa\u0142 papierowe serce, aby odczyta\u0107 imi\u0119 przysz\u0142ej sympatii, losowa\u0142 magiczne bileciki z nazwami zawod\u00f3w przysz\u0142o\u015bci, czy poznawa\u0142 znaczenie swojego ulubionego koloru. Katalog wr\u00f3\u017cb [&hellip;]<\/p>\n","protected":false},"author":2,"featured_media":9469,"comment_status":"closed","ping_status":"open","sticky":false,"template":"","format":"standard","meta":{"footnotes":""},"categories":[45,41,40],"tags":[],"class_list":["post-9465","post","type-post","status-publish","format-standard","has-post-thumbnail","hentry","category-aktualnosci","category-galerie","category-strona-glowna"],"_links":{"self":[{"href":"https:\/\/przylep.edu.pl\/przedszkole\/wp-json\/wp\/v2\/posts\/9465","targetHints":{"allow":["GET"]}}],"collection":[{"href":"https:\/\/przylep.edu.pl\/przedszkole\/wp-json\/wp\/v2\/posts"}],"about":[{"href":"https:\/\/przylep.edu.pl\/przedszkole\/wp-json\/wp\/v2\/types\/post"}],"author":[{"embeddable":true,"href":"https:\/\/przylep.edu.pl\/przedszkole\/wp-json\/wp\/v2\/users\/2"}],"replies":[{"embeddable":true,"href":"https:\/\/przylep.edu.pl\/przedszkole\/wp-json\/wp\/v2\/comments?post=9465"}],"version-history":[{"count":1,"href":"https:\/\/przylep.edu.pl\/przedszkole\/wp-json\/wp\/v2\/posts\/9465\/revisions"}],"predecessor-version":[{"id":9470,"href":"https:\/\/przylep.edu.pl\/przedszkole\/wp-json\/wp\/v2\/posts\/9465\/revisions\/9470"}],"wp:featuredmedia":[{"embeddable":true,"href":"https:\/\/przylep.edu.pl\/przedszkole\/wp-json\/wp\/v2\/media\/9469"}],"wp:attachment":[{"href":"https:\/\/przylep.edu.pl\/przedszkole\/wp-json\/wp\/v2\/media?parent=9465"}],"wp:term":[{"taxonomy":"category","embeddable":true,"href":"https:\/\/przylep.edu.pl\/przedszkole\/wp-json\/wp\/v2\/categories?post=9465"},{"taxonomy":"post_tag","embeddable":true,"href":"https:\/\/przylep.edu.pl\/przedszkole\/wp-json\/wp\/v2\/tags?post=9465"}],"curies":[{"name":"wp","href":"https:\/\/api.w.org\/{rel}","templated":true}]}}