{"id":9449,"date":"2023-11-23T20:27:20","date_gmt":"2023-11-23T19:27:20","guid":{"rendered":"https:\/\/przylep.edu.pl\/przedszkole\/?p=9449"},"modified":"2023-12-03T20:29:55","modified_gmt":"2023-12-03T19:29:55","slug":"zerowki-w-planetarium","status":"publish","type":"post","link":"https:\/\/przylep.edu.pl\/przedszkole\/2023\/11\/23\/zerowki-w-planetarium\/","title":{"rendered":"Zer\u00f3wki w Planetarium"},"content":{"rendered":"\n<p>Dzieci z grupy niebieskiej i \u017c\u00f3\u0142tej, 22 listopada wybra\u0142y si\u0119 do planetarium, kt\u00f3re mie\u015bci si\u0119 w Morskim Centrum Nauki w Szczecinie. Zer\u00f3wkowicze mieli okazj\u0119 obejrze\u0107 niezwyk\u0142y pokaz pt. Magiczny globus, dzi\u0119ki kt\u00f3remu utrwalili swoj\u0105 wiedz\u0119 na temat zmieniaj\u0105cych si\u0119 p\u00f3r roku na Ziemi. Dowiedzieli si\u0119 oni tak\u017ce, co mog\u0142oby si\u0119 sta\u0107, gdyby na \u015bwiecie nie by\u0142o zimy, czy te\u017c lata. By\u0142a to bardzo pouczaj\u0105ca lekcja, mo\u017cna by rzec, \u017ce z g\u0142ow\u0105 w chmurach. Ju\u017c nie mo\u017cemy si\u0119 doczeka\u0107 kolejnego wyjazdu, by pozna\u0107 kolejne tajemnice Ziemi i kosmosu.<\/p>\n\n\n\n<figure class=\"wp-block-gallery has-nested-images columns-default is-cropped wp-block-gallery-1 is-layout-flex wp-block-gallery-is-layout-flex\">\n<figure class=\"wp-block-image size-large\"><img loading=\"lazy\" decoding=\"async\" width=\"1024\" height=\"768\" data-id=\"9450\" src=\"https:\/\/przylep.edu.pl\/przedszkole\/wp-content\/uploads\/2023\/12\/370199668_3493316060997404_4917004828162037006_n-1024x768.jpg\" alt=\"\" class=\"wp-image-9450\" srcset=\"https:\/\/przylep.edu.pl\/przedszkole\/wp-content\/uploads\/2023\/12\/370199668_3493316060997404_4917004828162037006_n-1024x768.jpg 1024w, https:\/\/przylep.edu.pl\/przedszkole\/wp-content\/uploads\/2023\/12\/370199668_3493316060997404_4917004828162037006_n-300x225.jpg 300w, https:\/\/przylep.edu.pl\/przedszkole\/wp-content\/uploads\/2023\/12\/370199668_3493316060997404_4917004828162037006_n-768x576.jpg 768w, https:\/\/przylep.edu.pl\/przedszkole\/wp-content\/uploads\/2023\/12\/370199668_3493316060997404_4917004828162037006_n-1536x1152.jpg 1536w, https:\/\/przylep.edu.pl\/przedszkole\/wp-content\/uploads\/2023\/12\/370199668_3493316060997404_4917004828162037006_n-600x450.jpg 600w, https:\/\/przylep.edu.pl\/przedszkole\/wp-content\/uploads\/2023\/12\/370199668_3493316060997404_4917004828162037006_n.jpg 2048w\" sizes=\"auto, (max-width: 1024px) 100vw, 1024px\" \/><\/figure>\n<\/figure>\n\n\n\n<figure class=\"wp-block-gallery has-nested-images columns-default is-cropped wp-block-gallery-2 is-layout-flex wp-block-gallery-is-layout-flex\">\n<figure class=\"wp-block-image size-large\"><img loading=\"lazy\" decoding=\"async\" width=\"1024\" height=\"615\" data-id=\"9451\" src=\"https:\/\/przylep.edu.pl\/przedszkole\/wp-content\/uploads\/2023\/12\/370226084_308989222093778_1232244101254049596_n-1024x615.jpg\" alt=\"\" class=\"wp-image-9451\" srcset=\"https:\/\/przylep.edu.pl\/przedszkole\/wp-content\/uploads\/2023\/12\/370226084_308989222093778_1232244101254049596_n-1024x615.jpg 1024w, https:\/\/przylep.edu.pl\/przedszkole\/wp-content\/uploads\/2023\/12\/370226084_308989222093778_1232244101254049596_n-300x180.jpg 300w, https:\/\/przylep.edu.pl\/przedszkole\/wp-content\/uploads\/2023\/12\/370226084_308989222093778_1232244101254049596_n-768x461.jpg 768w, https:\/\/przylep.edu.pl\/przedszkole\/wp-content\/uploads\/2023\/12\/370226084_308989222093778_1232244101254049596_n-1536x923.jpg 1536w, https:\/\/przylep.edu.pl\/przedszkole\/wp-content\/uploads\/2023\/12\/370226084_308989222093778_1232244101254049596_n.jpg 2004w\" sizes=\"auto, (max-width: 1024px) 100vw, 1024px\" \/><\/figure>\n\n\n\n<figure class=\"wp-block-image size-large\"><img loading=\"lazy\" decoding=\"async\" width=\"1024\" height=\"768\" data-id=\"9452\" src=\"https:\/\/przylep.edu.pl\/przedszkole\/wp-content\/uploads\/2023\/12\/399864894_363626836139333_8678676096670579878_n-1024x768.jpg\" alt=\"\" class=\"wp-image-9452\" srcset=\"https:\/\/przylep.edu.pl\/przedszkole\/wp-content\/uploads\/2023\/12\/399864894_363626836139333_8678676096670579878_n-1024x768.jpg 1024w, https:\/\/przylep.edu.pl\/przedszkole\/wp-content\/uploads\/2023\/12\/399864894_363626836139333_8678676096670579878_n-300x225.jpg 300w, https:\/\/przylep.edu.pl\/przedszkole\/wp-content\/uploads\/2023\/12\/399864894_363626836139333_8678676096670579878_n-768x576.jpg 768w, https:\/\/przylep.edu.pl\/przedszkole\/wp-content\/uploads\/2023\/12\/399864894_363626836139333_8678676096670579878_n-1536x1152.jpg 1536w, https:\/\/przylep.edu.pl\/przedszkole\/wp-content\/uploads\/2023\/12\/399864894_363626836139333_8678676096670579878_n-600x450.jpg 600w, https:\/\/przylep.edu.pl\/przedszkole\/wp-content\/uploads\/2023\/12\/399864894_363626836139333_8678676096670579878_n.jpg 2048w\" sizes=\"auto, (max-width: 1024px) 100vw, 1024px\" \/><\/figure>\n<\/figure>\n\n\n\n<figure class=\"wp-block-gallery has-nested-images columns-default is-cropped wp-block-gallery-3 is-layout-flex wp-block-gallery-is-layout-flex\">\n<figure class=\"wp-block-image size-large\"><img loading=\"lazy\" decoding=\"async\" width=\"1024\" height=\"577\" data-id=\"9453\" src=\"https:\/\/przylep.edu.pl\/przedszkole\/wp-content\/uploads\/2023\/12\/398269892_338892655504872_2193889981823584822_n-1024x577.jpg\" alt=\"\" class=\"wp-image-9453\" srcset=\"https:\/\/przylep.edu.pl\/przedszkole\/wp-content\/uploads\/2023\/12\/398269892_338892655504872_2193889981823584822_n-1024x577.jpg 1024w, https:\/\/przylep.edu.pl\/przedszkole\/wp-content\/uploads\/2023\/12\/398269892_338892655504872_2193889981823584822_n-300x169.jpg 300w, https:\/\/przylep.edu.pl\/przedszkole\/wp-content\/uploads\/2023\/12\/398269892_338892655504872_2193889981823584822_n-768x433.jpg 768w, https:\/\/przylep.edu.pl\/przedszkole\/wp-content\/uploads\/2023\/12\/398269892_338892655504872_2193889981823584822_n-1536x865.jpg 1536w, https:\/\/przylep.edu.pl\/przedszkole\/wp-content\/uploads\/2023\/12\/398269892_338892655504872_2193889981823584822_n.jpg 1734w\" sizes=\"auto, (max-width: 1024px) 100vw, 1024px\" \/><\/figure>\n\n\n\n<figure class=\"wp-block-image size-large\"><img loading=\"lazy\" decoding=\"async\" width=\"1024\" height=\"768\" data-id=\"9454\" src=\"https:\/\/przylep.edu.pl\/przedszkole\/wp-content\/uploads\/2023\/12\/398404174_1292605024743695_8872520613363447004_n-1024x768.jpg\" alt=\"\" class=\"wp-image-9454\" srcset=\"https:\/\/przylep.edu.pl\/przedszkole\/wp-content\/uploads\/2023\/12\/398404174_1292605024743695_8872520613363447004_n-1024x768.jpg 1024w, https:\/\/przylep.edu.pl\/przedszkole\/wp-content\/uploads\/2023\/12\/398404174_1292605024743695_8872520613363447004_n-300x225.jpg 300w, https:\/\/przylep.edu.pl\/przedszkole\/wp-content\/uploads\/2023\/12\/398404174_1292605024743695_8872520613363447004_n-768x576.jpg 768w, https:\/\/przylep.edu.pl\/przedszkole\/wp-content\/uploads\/2023\/12\/398404174_1292605024743695_8872520613363447004_n-1536x1152.jpg 1536w, https:\/\/przylep.edu.pl\/przedszkole\/wp-content\/uploads\/2023\/12\/398404174_1292605024743695_8872520613363447004_n-600x450.jpg 600w, https:\/\/przylep.edu.pl\/przedszkole\/wp-content\/uploads\/2023\/12\/398404174_1292605024743695_8872520613363447004_n.jpg 2016w\" sizes=\"auto, (max-width: 1024px) 100vw, 1024px\" \/><\/figure>\n<\/figure>\n","protected":false},"excerpt":{"rendered":"<p>Dzieci z grupy niebieskiej i \u017c\u00f3\u0142tej, 22 listopada wybra\u0142y si\u0119 do planetarium, kt\u00f3re mie\u015bci si\u0119 w Morskim Centrum Nauki w Szczecinie. Zer\u00f3wkowicze mieli okazj\u0119 obejrze\u0107 niezwyk\u0142y pokaz pt. Magiczny globus, dzi\u0119ki kt\u00f3remu utrwalili swoj\u0105 wiedz\u0119 na temat zmieniaj\u0105cych si\u0119 p\u00f3r roku na Ziemi. Dowiedzieli si\u0119 oni tak\u017ce, co mog\u0142oby si\u0119 sta\u0107, gdyby na \u015bwiecie nie [&hellip;]<\/p>\n","protected":false},"author":2,"featured_media":9455,"comment_status":"closed","ping_status":"open","sticky":false,"template":"","format":"standard","meta":{"footnotes":""},"categories":[45,41,40],"tags":[],"class_list":["post-9449","post","type-post","status-publish","format-standard","has-post-thumbnail","hentry","category-aktualnosci","category-galerie","category-strona-glowna"],"_links":{"self":[{"href":"https:\/\/przylep.edu.pl\/przedszkole\/wp-json\/wp\/v2\/posts\/9449","targetHints":{"allow":["GET"]}}],"collection":[{"href":"https:\/\/przylep.edu.pl\/przedszkole\/wp-json\/wp\/v2\/posts"}],"about":[{"href":"https:\/\/przylep.edu.pl\/przedszkole\/wp-json\/wp\/v2\/types\/post"}],"author":[{"embeddable":true,"href":"https:\/\/przylep.edu.pl\/przedszkole\/wp-json\/wp\/v2\/users\/2"}],"replies":[{"embeddable":true,"href":"https:\/\/przylep.edu.pl\/przedszkole\/wp-json\/wp\/v2\/comments?post=9449"}],"version-history":[{"count":1,"href":"https:\/\/przylep.edu.pl\/przedszkole\/wp-json\/wp\/v2\/posts\/9449\/revisions"}],"predecessor-version":[{"id":9456,"href":"https:\/\/przylep.edu.pl\/przedszkole\/wp-json\/wp\/v2\/posts\/9449\/revisions\/9456"}],"wp:featuredmedia":[{"embeddable":true,"href":"https:\/\/przylep.edu.pl\/przedszkole\/wp-json\/wp\/v2\/media\/9455"}],"wp:attachment":[{"href":"https:\/\/przylep.edu.pl\/przedszkole\/wp-json\/wp\/v2\/media?parent=9449"}],"wp:term":[{"taxonomy":"category","embeddable":true,"href":"https:\/\/przylep.edu.pl\/przedszkole\/wp-json\/wp\/v2\/categories?post=9449"},{"taxonomy":"post_tag","embeddable":true,"href":"https:\/\/przylep.edu.pl\/przedszkole\/wp-json\/wp\/v2\/tags?post=9449"}],"curies":[{"name":"wp","href":"https:\/\/api.w.org\/{rel}","templated":true}]}}