{"id":9439,"date":"2023-11-14T19:02:40","date_gmt":"2023-11-14T18:02:40","guid":{"rendered":"https:\/\/przylep.edu.pl\/przedszkole\/?p=9439"},"modified":"2023-11-26T19:11:52","modified_gmt":"2023-11-26T18:11:52","slug":"dzien-jeza-w-przedszkolu","status":"publish","type":"post","link":"https:\/\/przylep.edu.pl\/przedszkole\/2023\/11\/14\/dzien-jeza-w-przedszkolu\/","title":{"rendered":"Dzie\u0144 Je\u017ca w przedszkolu"},"content":{"rendered":"\n<p>&#8222;Kr\u00f3tkie n\u00f3\u017cki, d\u0142ugi ryjek, ostre kolce cia\u0142o kryj\u0105. Ach, c\u00f3\u017c to za gro\u017any zwierz?&#8221;- H.Zdzitowiecka &#8222;Je\u017c&#8221; <\/p>\n\n\n\n<p>13 listopada dzieci z naszego przedszkola obchodzi\u0142y Dzie\u0144 Je\u017ca. By\u0142a to doskona\u0142a okazja by u\u015bwiadomi\u0107 najm\u0142odszym jak\u0105 rol\u0119 w \u015brodowisku naturalnym pe\u0142ni\u0105 je\u017ce i przypomnie\u0107 o tym, \u017ce s\u0105 one chronione. Nasze przedszkolaki pozna\u0142y przygody je\u017ca Kolczatka i dowiedzia\u0142y si\u0119 w jaki spos\u00f3b te kolczaste ssaki przygotowuj\u0105 si\u0119 do zimy. Dzieci pozna\u0142y styl \u017cycia, sposoby od\u017cywiania i to jak mo\u017cna chroni\u0107 je\u017ce. Na koniec dnia ka\u017cda z grup wykaza\u0142a si\u0119 du\u017c\u0105 kreatywno\u015bci\u0105 tworz\u0105c rozmaite prace plastyczne przedstawiaj\u0105ce sympatyczne je\u017ce.<\/p>\n\n\n\n<figure class=\"wp-block-gallery has-nested-images columns-default is-cropped wp-block-gallery-1 is-layout-flex wp-block-gallery-is-layout-flex\">\n<figure class=\"wp-block-image size-large\"><img loading=\"lazy\" decoding=\"async\" width=\"1024\" height=\"768\" data-id=\"9440\" src=\"https:\/\/przylep.edu.pl\/przedszkole\/wp-content\/uploads\/2023\/11\/368637569_681365667428432_3391924747566946207_n-1024x768.jpg\" alt=\"\" class=\"wp-image-9440\" srcset=\"https:\/\/przylep.edu.pl\/przedszkole\/wp-content\/uploads\/2023\/11\/368637569_681365667428432_3391924747566946207_n-1024x768.jpg 1024w, https:\/\/przylep.edu.pl\/przedszkole\/wp-content\/uploads\/2023\/11\/368637569_681365667428432_3391924747566946207_n-300x225.jpg 300w, https:\/\/przylep.edu.pl\/przedszkole\/wp-content\/uploads\/2023\/11\/368637569_681365667428432_3391924747566946207_n-768x576.jpg 768w, https:\/\/przylep.edu.pl\/przedszkole\/wp-content\/uploads\/2023\/11\/368637569_681365667428432_3391924747566946207_n-1536x1152.jpg 1536w, https:\/\/przylep.edu.pl\/przedszkole\/wp-content\/uploads\/2023\/11\/368637569_681365667428432_3391924747566946207_n-600x450.jpg 600w, https:\/\/przylep.edu.pl\/przedszkole\/wp-content\/uploads\/2023\/11\/368637569_681365667428432_3391924747566946207_n.jpg 2000w\" sizes=\"auto, (max-width: 1024px) 100vw, 1024px\" \/><\/figure>\n<\/figure>\n\n\n\n<figure class=\"wp-block-gallery has-nested-images columns-default is-cropped wp-block-gallery-2 is-layout-flex wp-block-gallery-is-layout-flex\">\n<figure class=\"wp-block-image size-large\"><img loading=\"lazy\" decoding=\"async\" width=\"766\" height=\"1024\" data-id=\"9441\" src=\"https:\/\/przylep.edu.pl\/przedszkole\/wp-content\/uploads\/2023\/11\/398313233_2347305738794575_8422484224175747077_n-766x1024.jpg\" alt=\"\" class=\"wp-image-9441\" srcset=\"https:\/\/przylep.edu.pl\/przedszkole\/wp-content\/uploads\/2023\/11\/398313233_2347305738794575_8422484224175747077_n-766x1024.jpg 766w, https:\/\/przylep.edu.pl\/przedszkole\/wp-content\/uploads\/2023\/11\/398313233_2347305738794575_8422484224175747077_n-224x300.jpg 224w, https:\/\/przylep.edu.pl\/przedszkole\/wp-content\/uploads\/2023\/11\/398313233_2347305738794575_8422484224175747077_n-768x1027.jpg 768w, https:\/\/przylep.edu.pl\/przedszkole\/wp-content\/uploads\/2023\/11\/398313233_2347305738794575_8422484224175747077_n-1149x1536.jpg 1149w, https:\/\/przylep.edu.pl\/przedszkole\/wp-content\/uploads\/2023\/11\/398313233_2347305738794575_8422484224175747077_n.jpg 1496w\" sizes=\"auto, (max-width: 766px) 100vw, 766px\" \/><\/figure>\n\n\n\n<figure class=\"wp-block-image size-large\"><img loading=\"lazy\" decoding=\"async\" width=\"766\" height=\"1024\" data-id=\"9442\" src=\"https:\/\/przylep.edu.pl\/przedszkole\/wp-content\/uploads\/2023\/11\/398344899_1995239214194087_4669266694175179402_n-766x1024.jpg\" alt=\"\" class=\"wp-image-9442\" srcset=\"https:\/\/przylep.edu.pl\/przedszkole\/wp-content\/uploads\/2023\/11\/398344899_1995239214194087_4669266694175179402_n-766x1024.jpg 766w, https:\/\/przylep.edu.pl\/przedszkole\/wp-content\/uploads\/2023\/11\/398344899_1995239214194087_4669266694175179402_n-224x300.jpg 224w, https:\/\/przylep.edu.pl\/przedszkole\/wp-content\/uploads\/2023\/11\/398344899_1995239214194087_4669266694175179402_n-768x1027.jpg 768w, https:\/\/przylep.edu.pl\/przedszkole\/wp-content\/uploads\/2023\/11\/398344899_1995239214194087_4669266694175179402_n-1149x1536.jpg 1149w, https:\/\/przylep.edu.pl\/przedszkole\/wp-content\/uploads\/2023\/11\/398344899_1995239214194087_4669266694175179402_n.jpg 1496w\" sizes=\"auto, (max-width: 766px) 100vw, 766px\" \/><\/figure>\n<\/figure>\n\n\n\n<figure class=\"wp-block-gallery has-nested-images columns-default is-cropped wp-block-gallery-3 is-layout-flex wp-block-gallery-is-layout-flex\">\n<figure class=\"wp-block-image size-large\"><img loading=\"lazy\" decoding=\"async\" width=\"1024\" height=\"768\" data-id=\"9444\" src=\"https:\/\/przylep.edu.pl\/przedszkole\/wp-content\/uploads\/2023\/11\/400151294_359809909760600_1411150240480805290_n-1024x768.jpg\" alt=\"\" class=\"wp-image-9444\" srcset=\"https:\/\/przylep.edu.pl\/przedszkole\/wp-content\/uploads\/2023\/11\/400151294_359809909760600_1411150240480805290_n-1024x768.jpg 1024w, https:\/\/przylep.edu.pl\/przedszkole\/wp-content\/uploads\/2023\/11\/400151294_359809909760600_1411150240480805290_n-300x225.jpg 300w, https:\/\/przylep.edu.pl\/przedszkole\/wp-content\/uploads\/2023\/11\/400151294_359809909760600_1411150240480805290_n-768x576.jpg 768w, https:\/\/przylep.edu.pl\/przedszkole\/wp-content\/uploads\/2023\/11\/400151294_359809909760600_1411150240480805290_n-1536x1152.jpg 1536w, https:\/\/przylep.edu.pl\/przedszkole\/wp-content\/uploads\/2023\/11\/400151294_359809909760600_1411150240480805290_n-600x450.jpg 600w, https:\/\/przylep.edu.pl\/przedszkole\/wp-content\/uploads\/2023\/11\/400151294_359809909760600_1411150240480805290_n.jpg 2000w\" sizes=\"auto, (max-width: 1024px) 100vw, 1024px\" \/><\/figure>\n<\/figure>\n\n\n\n<figure class=\"wp-block-gallery has-nested-images columns-default is-cropped wp-block-gallery-4 is-layout-flex wp-block-gallery-is-layout-flex\">\n<figure class=\"wp-block-image size-large\"><img loading=\"lazy\" decoding=\"async\" width=\"768\" height=\"1024\" data-id=\"9445\" src=\"https:\/\/przylep.edu.pl\/przedszkole\/wp-content\/uploads\/2023\/11\/400113626_3038080879662545_2994642823504288218_n-\u2014-kopia-768x1024.jpg\" alt=\"\" class=\"wp-image-9445\" srcset=\"https:\/\/przylep.edu.pl\/przedszkole\/wp-content\/uploads\/2023\/11\/400113626_3038080879662545_2994642823504288218_n-\u2014-kopia-768x1024.jpg 768w, https:\/\/przylep.edu.pl\/przedszkole\/wp-content\/uploads\/2023\/11\/400113626_3038080879662545_2994642823504288218_n-\u2014-kopia-225x300.jpg 225w, https:\/\/przylep.edu.pl\/przedszkole\/wp-content\/uploads\/2023\/11\/400113626_3038080879662545_2994642823504288218_n-\u2014-kopia-1152x1536.jpg 1152w, https:\/\/przylep.edu.pl\/przedszkole\/wp-content\/uploads\/2023\/11\/400113626_3038080879662545_2994642823504288218_n-\u2014-kopia.jpg 1500w\" sizes=\"auto, (max-width: 768px) 100vw, 768px\" \/><\/figure>\n<\/figure>\n","protected":false},"excerpt":{"rendered":"<p>&#8222;Kr\u00f3tkie n\u00f3\u017cki, d\u0142ugi ryjek, ostre kolce cia\u0142o kryj\u0105. Ach, c\u00f3\u017c to za gro\u017any zwierz?&#8221;- H.Zdzitowiecka &#8222;Je\u017c&#8221; 13 listopada dzieci z naszego przedszkola obchodzi\u0142y Dzie\u0144 Je\u017ca. By\u0142a to doskona\u0142a okazja by u\u015bwiadomi\u0107 najm\u0142odszym jak\u0105 rol\u0119 w \u015brodowisku naturalnym pe\u0142ni\u0105 je\u017ce i przypomnie\u0107 o tym, \u017ce s\u0105 one chronione. Nasze przedszkolaki pozna\u0142y przygody je\u017ca Kolczatka i dowiedzia\u0142y [&hellip;]<\/p>\n","protected":false},"author":2,"featured_media":9443,"comment_status":"closed","ping_status":"open","sticky":false,"template":"","format":"standard","meta":{"footnotes":""},"categories":[45,41,40],"tags":[],"class_list":["post-9439","post","type-post","status-publish","format-standard","has-post-thumbnail","hentry","category-aktualnosci","category-galerie","category-strona-glowna"],"_links":{"self":[{"href":"https:\/\/przylep.edu.pl\/przedszkole\/wp-json\/wp\/v2\/posts\/9439","targetHints":{"allow":["GET"]}}],"collection":[{"href":"https:\/\/przylep.edu.pl\/przedszkole\/wp-json\/wp\/v2\/posts"}],"about":[{"href":"https:\/\/przylep.edu.pl\/przedszkole\/wp-json\/wp\/v2\/types\/post"}],"author":[{"embeddable":true,"href":"https:\/\/przylep.edu.pl\/przedszkole\/wp-json\/wp\/v2\/users\/2"}],"replies":[{"embeddable":true,"href":"https:\/\/przylep.edu.pl\/przedszkole\/wp-json\/wp\/v2\/comments?post=9439"}],"version-history":[{"count":1,"href":"https:\/\/przylep.edu.pl\/przedszkole\/wp-json\/wp\/v2\/posts\/9439\/revisions"}],"predecessor-version":[{"id":9446,"href":"https:\/\/przylep.edu.pl\/przedszkole\/wp-json\/wp\/v2\/posts\/9439\/revisions\/9446"}],"wp:featuredmedia":[{"embeddable":true,"href":"https:\/\/przylep.edu.pl\/przedszkole\/wp-json\/wp\/v2\/media\/9443"}],"wp:attachment":[{"href":"https:\/\/przylep.edu.pl\/przedszkole\/wp-json\/wp\/v2\/media?parent=9439"}],"wp:term":[{"taxonomy":"category","embeddable":true,"href":"https:\/\/przylep.edu.pl\/przedszkole\/wp-json\/wp\/v2\/categories?post=9439"},{"taxonomy":"post_tag","embeddable":true,"href":"https:\/\/przylep.edu.pl\/przedszkole\/wp-json\/wp\/v2\/tags?post=9439"}],"curies":[{"name":"wp","href":"https:\/\/api.w.org\/{rel}","templated":true}]}}