{"id":9432,"date":"2023-11-16T18:56:34","date_gmt":"2023-11-16T17:56:34","guid":{"rendered":"https:\/\/przylep.edu.pl\/przedszkole\/?p=9432"},"modified":"2023-11-26T19:02:35","modified_gmt":"2023-11-26T18:02:35","slug":"warsztaty-muzealne-w-muzeum-historii-szczecina","status":"publish","type":"post","link":"https:\/\/przylep.edu.pl\/przedszkole\/2023\/11\/16\/warsztaty-muzealne-w-muzeum-historii-szczecina\/","title":{"rendered":"Warsztaty Muzealne w Muzeum Historii Szczecina"},"content":{"rendered":"\n<p>15 listopada klasa II b bra\u0142a udzia\u0142 w warsztatach muzealnych pt. \u201eBy\u0142o sobie dziecko\u2026.Historia dzieci\u0144stwa&#8221;. Podczas zaj\u0119\u0107 uczniowie poznali \u2013 opisan\u0105 s\u0142owem i obrazem \u2013 dzieci\u0119c\u0105 codzienno\u015b\u0107, tak dawniej, jak i dzi\u015b przejawiaj\u0105c\u0105 si\u0119 w najr\u00f3\u017cniejszych grach i zabawach. W cz\u0119\u015bci plastycznej wykonali jedn\u0105 z poznanych zabawek optycznych \u2013 taumatrop, czyli \u201ecud, kt\u00f3ry si\u0119 obraca\u201d.<br>Wszyscy wr\u00f3cili bardzo zadowolenie i wzbogaceni i nowe wiadomo\u015bci z historii Szczecina<\/p>\n\n\n\n<figure class=\"wp-block-gallery has-nested-images columns-default is-cropped wp-block-gallery-1 is-layout-flex wp-block-gallery-is-layout-flex\">\n<figure class=\"wp-block-image size-large\"><img loading=\"lazy\" decoding=\"async\" width=\"1024\" height=\"461\" data-id=\"9433\" src=\"https:\/\/przylep.edu.pl\/przedszkole\/wp-content\/uploads\/2023\/11\/20231115_092854-1024x461.jpg\" alt=\"\" class=\"wp-image-9433\" srcset=\"https:\/\/przylep.edu.pl\/przedszkole\/wp-content\/uploads\/2023\/11\/20231115_092854-1024x461.jpg 1024w, https:\/\/przylep.edu.pl\/przedszkole\/wp-content\/uploads\/2023\/11\/20231115_092854-300x135.jpg 300w, https:\/\/przylep.edu.pl\/przedszkole\/wp-content\/uploads\/2023\/11\/20231115_092854-768x346.jpg 768w, https:\/\/przylep.edu.pl\/przedszkole\/wp-content\/uploads\/2023\/11\/20231115_092854-1536x691.jpg 1536w, https:\/\/przylep.edu.pl\/przedszkole\/wp-content\/uploads\/2023\/11\/20231115_092854-2048x922.jpg 2048w\" sizes=\"auto, (max-width: 1024px) 100vw, 1024px\" \/><\/figure>\n<\/figure>\n\n\n\n<figure class=\"wp-block-gallery has-nested-images columns-default is-cropped wp-block-gallery-2 is-layout-flex wp-block-gallery-is-layout-flex\">\n<figure class=\"wp-block-image size-large\"><img loading=\"lazy\" decoding=\"async\" width=\"461\" height=\"1024\" data-id=\"9435\" src=\"https:\/\/przylep.edu.pl\/przedszkole\/wp-content\/uploads\/2023\/11\/20231115_095000-461x1024.jpg\" alt=\"\" class=\"wp-image-9435\" srcset=\"https:\/\/przylep.edu.pl\/przedszkole\/wp-content\/uploads\/2023\/11\/20231115_095000-461x1024.jpg 461w, https:\/\/przylep.edu.pl\/przedszkole\/wp-content\/uploads\/2023\/11\/20231115_095000-135x300.jpg 135w, https:\/\/przylep.edu.pl\/przedszkole\/wp-content\/uploads\/2023\/11\/20231115_095000-768x1707.jpg 768w, https:\/\/przylep.edu.pl\/przedszkole\/wp-content\/uploads\/2023\/11\/20231115_095000-691x1536.jpg 691w, https:\/\/przylep.edu.pl\/przedszkole\/wp-content\/uploads\/2023\/11\/20231115_095000-922x2048.jpg 922w, https:\/\/przylep.edu.pl\/przedszkole\/wp-content\/uploads\/2023\/11\/20231115_095000-rotated.jpg 1152w\" sizes=\"auto, (max-width: 461px) 100vw, 461px\" \/><\/figure>\n\n\n\n<figure class=\"wp-block-image size-large\"><img loading=\"lazy\" decoding=\"async\" width=\"461\" height=\"1024\" data-id=\"9434\" src=\"https:\/\/przylep.edu.pl\/przedszkole\/wp-content\/uploads\/2023\/11\/20231115_095931-461x1024.jpg\" alt=\"\" class=\"wp-image-9434\" srcset=\"https:\/\/przylep.edu.pl\/przedszkole\/wp-content\/uploads\/2023\/11\/20231115_095931-461x1024.jpg 461w, https:\/\/przylep.edu.pl\/przedszkole\/wp-content\/uploads\/2023\/11\/20231115_095931-135x300.jpg 135w, https:\/\/przylep.edu.pl\/przedszkole\/wp-content\/uploads\/2023\/11\/20231115_095931-768x1707.jpg 768w, https:\/\/przylep.edu.pl\/przedszkole\/wp-content\/uploads\/2023\/11\/20231115_095931-691x1536.jpg 691w, https:\/\/przylep.edu.pl\/przedszkole\/wp-content\/uploads\/2023\/11\/20231115_095931-922x2048.jpg 922w, https:\/\/przylep.edu.pl\/przedszkole\/wp-content\/uploads\/2023\/11\/20231115_095931-rotated.jpg 1152w\" sizes=\"auto, (max-width: 461px) 100vw, 461px\" \/><\/figure>\n<\/figure>\n\n\n\n<figure class=\"wp-block-gallery has-nested-images columns-default is-cropped wp-block-gallery-3 is-layout-flex wp-block-gallery-is-layout-flex\">\n<figure class=\"wp-block-image size-large\"><img loading=\"lazy\" decoding=\"async\" width=\"461\" height=\"1024\" data-id=\"9436\" src=\"https:\/\/przylep.edu.pl\/przedszkole\/wp-content\/uploads\/2023\/11\/20231115_101229-461x1024.jpg\" alt=\"\" class=\"wp-image-9436\" srcset=\"https:\/\/przylep.edu.pl\/przedszkole\/wp-content\/uploads\/2023\/11\/20231115_101229-461x1024.jpg 461w, https:\/\/przylep.edu.pl\/przedszkole\/wp-content\/uploads\/2023\/11\/20231115_101229-135x300.jpg 135w, https:\/\/przylep.edu.pl\/przedszkole\/wp-content\/uploads\/2023\/11\/20231115_101229-768x1707.jpg 768w, https:\/\/przylep.edu.pl\/przedszkole\/wp-content\/uploads\/2023\/11\/20231115_101229-691x1536.jpg 691w, https:\/\/przylep.edu.pl\/przedszkole\/wp-content\/uploads\/2023\/11\/20231115_101229-922x2048.jpg 922w, https:\/\/przylep.edu.pl\/przedszkole\/wp-content\/uploads\/2023\/11\/20231115_101229-scaled.jpg 1152w\" sizes=\"auto, (max-width: 461px) 100vw, 461px\" \/><\/figure>\n<\/figure>\n","protected":false},"excerpt":{"rendered":"<p>15 listopada klasa II b bra\u0142a udzia\u0142 w warsztatach muzealnych pt. \u201eBy\u0142o sobie dziecko\u2026.Historia dzieci\u0144stwa&#8221;. Podczas zaj\u0119\u0107 uczniowie poznali \u2013 opisan\u0105 s\u0142owem i obrazem \u2013 dzieci\u0119c\u0105 codzienno\u015b\u0107, tak dawniej, jak i dzi\u015b przejawiaj\u0105c\u0105 si\u0119 w najr\u00f3\u017cniejszych grach i zabawach. W cz\u0119\u015bci plastycznej wykonali jedn\u0105 z poznanych zabawek optycznych \u2013 taumatrop, czyli \u201ecud, kt\u00f3ry si\u0119 obraca\u201d.Wszyscy [&hellip;]<\/p>\n","protected":false},"author":2,"featured_media":9437,"comment_status":"closed","ping_status":"open","sticky":false,"template":"","format":"standard","meta":{"footnotes":""},"categories":[45,41,40],"tags":[],"class_list":["post-9432","post","type-post","status-publish","format-standard","has-post-thumbnail","hentry","category-aktualnosci","category-galerie","category-strona-glowna"],"_links":{"self":[{"href":"https:\/\/przylep.edu.pl\/przedszkole\/wp-json\/wp\/v2\/posts\/9432","targetHints":{"allow":["GET"]}}],"collection":[{"href":"https:\/\/przylep.edu.pl\/przedszkole\/wp-json\/wp\/v2\/posts"}],"about":[{"href":"https:\/\/przylep.edu.pl\/przedszkole\/wp-json\/wp\/v2\/types\/post"}],"author":[{"embeddable":true,"href":"https:\/\/przylep.edu.pl\/przedszkole\/wp-json\/wp\/v2\/users\/2"}],"replies":[{"embeddable":true,"href":"https:\/\/przylep.edu.pl\/przedszkole\/wp-json\/wp\/v2\/comments?post=9432"}],"version-history":[{"count":1,"href":"https:\/\/przylep.edu.pl\/przedszkole\/wp-json\/wp\/v2\/posts\/9432\/revisions"}],"predecessor-version":[{"id":9438,"href":"https:\/\/przylep.edu.pl\/przedszkole\/wp-json\/wp\/v2\/posts\/9432\/revisions\/9438"}],"wp:featuredmedia":[{"embeddable":true,"href":"https:\/\/przylep.edu.pl\/przedszkole\/wp-json\/wp\/v2\/media\/9437"}],"wp:attachment":[{"href":"https:\/\/przylep.edu.pl\/przedszkole\/wp-json\/wp\/v2\/media?parent=9432"}],"wp:term":[{"taxonomy":"category","embeddable":true,"href":"https:\/\/przylep.edu.pl\/przedszkole\/wp-json\/wp\/v2\/categories?post=9432"},{"taxonomy":"post_tag","embeddable":true,"href":"https:\/\/przylep.edu.pl\/przedszkole\/wp-json\/wp\/v2\/tags?post=9432"}],"curies":[{"name":"wp","href":"https:\/\/api.w.org\/{rel}","templated":true}]}}