{"id":9425,"date":"2023-11-16T18:38:58","date_gmt":"2023-11-16T17:38:58","guid":{"rendered":"https:\/\/przylep.edu.pl\/przedszkole\/?p=9425"},"modified":"2023-11-26T18:49:39","modified_gmt":"2023-11-26T17:49:39","slug":"szkolna-wycieczka-do-muzeum-narodowego","status":"publish","type":"post","link":"https:\/\/przylep.edu.pl\/przedszkole\/2023\/11\/16\/szkolna-wycieczka-do-muzeum-narodowego\/","title":{"rendered":"Szkolna wycieczka do Muzeum Narodowego"},"content":{"rendered":"\n<p>15 listopada klasa Ia i Ib wybra\u0142y si\u0119 na wycieczk\u0119 do MUZEUM NARODOWEGO. Uczniowie mieli okazj\u0119 pozna\u0107 wystaw\u0119 przedstawiaj\u0105c\u0105 codzienne \u017cycie na afryka\u0144skiej sawannie, z dala od wielkich miast i ruchliwych dr\u00f3g,kt\u00f3re toczy si\u0119 pomi\u0119dzy przestrzeni\u0105 prywatn\u0105 a publiczn\u0105. Po wspania\u0142ej lekcji,udali\u015bmy si\u0119 na warsztaty plastyczne,na kt\u00f3rych ka\u017cdy wykona\u0142 swoj\u0105 mask\u0119. Sko\u0144czone prace otrzyma\u0142y wyr\u00f3\u017cnienie i mogli\u015bmy je zabra\u0107 do szko\u0142y. Mamy nadziej\u0119, \u017ce taka lekcja i smak herbaty zostanie na d\u0142ugo w pami\u0119ci dzieci.<\/p>\n\n\n\n<figure class=\"wp-block-gallery has-nested-images columns-default is-cropped wp-block-gallery-1 is-layout-flex wp-block-gallery-is-layout-flex\">\n<figure class=\"wp-block-image size-large\"><img loading=\"lazy\" decoding=\"async\" width=\"768\" height=\"1024\" data-id=\"9426\" src=\"https:\/\/przylep.edu.pl\/przedszkole\/wp-content\/uploads\/2023\/11\/371402660_6855101884605545_7002696855225473663_n-768x1024.jpg\" alt=\"\" class=\"wp-image-9426\" srcset=\"https:\/\/przylep.edu.pl\/przedszkole\/wp-content\/uploads\/2023\/11\/371402660_6855101884605545_7002696855225473663_n-768x1024.jpg 768w, https:\/\/przylep.edu.pl\/przedszkole\/wp-content\/uploads\/2023\/11\/371402660_6855101884605545_7002696855225473663_n-225x300.jpg 225w, https:\/\/przylep.edu.pl\/przedszkole\/wp-content\/uploads\/2023\/11\/371402660_6855101884605545_7002696855225473663_n-1152x1536.jpg 1152w, https:\/\/przylep.edu.pl\/przedszkole\/wp-content\/uploads\/2023\/11\/371402660_6855101884605545_7002696855225473663_n.jpg 1536w\" sizes=\"auto, (max-width: 768px) 100vw, 768px\" \/><\/figure>\n\n\n\n<figure class=\"wp-block-image size-large\"><img loading=\"lazy\" decoding=\"async\" width=\"768\" height=\"1024\" data-id=\"9427\" src=\"https:\/\/przylep.edu.pl\/przedszkole\/wp-content\/uploads\/2023\/11\/375203874_2483573718490232_1873063562763116160_n-768x1024.jpg\" alt=\"\" class=\"wp-image-9427\" srcset=\"https:\/\/przylep.edu.pl\/przedszkole\/wp-content\/uploads\/2023\/11\/375203874_2483573718490232_1873063562763116160_n-768x1024.jpg 768w, https:\/\/przylep.edu.pl\/przedszkole\/wp-content\/uploads\/2023\/11\/375203874_2483573718490232_1873063562763116160_n-225x300.jpg 225w, https:\/\/przylep.edu.pl\/przedszkole\/wp-content\/uploads\/2023\/11\/375203874_2483573718490232_1873063562763116160_n-1152x1536.jpg 1152w, https:\/\/przylep.edu.pl\/przedszkole\/wp-content\/uploads\/2023\/11\/375203874_2483573718490232_1873063562763116160_n.jpg 1536w\" sizes=\"auto, (max-width: 768px) 100vw, 768px\" \/><\/figure>\n<\/figure>\n\n\n\n<figure class=\"wp-block-image size-large\"><img loading=\"lazy\" decoding=\"async\" width=\"1024\" height=\"768\" src=\"https:\/\/przylep.edu.pl\/przedszkole\/wp-content\/uploads\/2023\/11\/370270181_1999676560416491_2968684599056853097_n-1024x768.jpg\" alt=\"\" class=\"wp-image-9428\" srcset=\"https:\/\/przylep.edu.pl\/przedszkole\/wp-content\/uploads\/2023\/11\/370270181_1999676560416491_2968684599056853097_n-1024x768.jpg 1024w, https:\/\/przylep.edu.pl\/przedszkole\/wp-content\/uploads\/2023\/11\/370270181_1999676560416491_2968684599056853097_n-300x225.jpg 300w, https:\/\/przylep.edu.pl\/przedszkole\/wp-content\/uploads\/2023\/11\/370270181_1999676560416491_2968684599056853097_n-768x576.jpg 768w, https:\/\/przylep.edu.pl\/przedszkole\/wp-content\/uploads\/2023\/11\/370270181_1999676560416491_2968684599056853097_n-1536x1152.jpg 1536w, https:\/\/przylep.edu.pl\/przedszkole\/wp-content\/uploads\/2023\/11\/370270181_1999676560416491_2968684599056853097_n-600x450.jpg 600w, https:\/\/przylep.edu.pl\/przedszkole\/wp-content\/uploads\/2023\/11\/370270181_1999676560416491_2968684599056853097_n.jpg 2048w\" sizes=\"auto, (max-width: 1024px) 100vw, 1024px\" \/><\/figure>\n\n\n\n<figure class=\"wp-block-gallery has-nested-images columns-default is-cropped wp-block-gallery-2 is-layout-flex wp-block-gallery-is-layout-flex\">\n<figure class=\"wp-block-image size-large\"><img loading=\"lazy\" decoding=\"async\" width=\"1024\" height=\"768\" data-id=\"9429\" src=\"https:\/\/przylep.edu.pl\/przedszkole\/wp-content\/uploads\/2023\/11\/377292554_1000725984500099_1760545201666235255_n-1024x768.jpg\" alt=\"\" class=\"wp-image-9429\" srcset=\"https:\/\/przylep.edu.pl\/przedszkole\/wp-content\/uploads\/2023\/11\/377292554_1000725984500099_1760545201666235255_n-1024x768.jpg 1024w, https:\/\/przylep.edu.pl\/przedszkole\/wp-content\/uploads\/2023\/11\/377292554_1000725984500099_1760545201666235255_n-300x225.jpg 300w, https:\/\/przylep.edu.pl\/przedszkole\/wp-content\/uploads\/2023\/11\/377292554_1000725984500099_1760545201666235255_n-768x576.jpg 768w, https:\/\/przylep.edu.pl\/przedszkole\/wp-content\/uploads\/2023\/11\/377292554_1000725984500099_1760545201666235255_n-1536x1152.jpg 1536w, https:\/\/przylep.edu.pl\/przedszkole\/wp-content\/uploads\/2023\/11\/377292554_1000725984500099_1760545201666235255_n-600x450.jpg 600w, https:\/\/przylep.edu.pl\/przedszkole\/wp-content\/uploads\/2023\/11\/377292554_1000725984500099_1760545201666235255_n.jpg 2048w\" sizes=\"auto, (max-width: 1024px) 100vw, 1024px\" \/><\/figure>\n<\/figure>\n","protected":false},"excerpt":{"rendered":"<p>15 listopada klasa Ia i Ib wybra\u0142y si\u0119 na wycieczk\u0119 do MUZEUM NARODOWEGO. Uczniowie mieli okazj\u0119 pozna\u0107 wystaw\u0119 przedstawiaj\u0105c\u0105 codzienne \u017cycie na afryka\u0144skiej sawannie, z dala od wielkich miast i ruchliwych dr\u00f3g,kt\u00f3re toczy si\u0119 pomi\u0119dzy przestrzeni\u0105 prywatn\u0105 a publiczn\u0105. Po wspania\u0142ej lekcji,udali\u015bmy si\u0119 na warsztaty plastyczne,na kt\u00f3rych ka\u017cdy wykona\u0142 swoj\u0105 mask\u0119. Sko\u0144czone prace otrzyma\u0142y wyr\u00f3\u017cnienie [&hellip;]<\/p>\n","protected":false},"author":2,"featured_media":9430,"comment_status":"closed","ping_status":"open","sticky":false,"template":"","format":"standard","meta":{"footnotes":""},"categories":[45,41,40],"tags":[],"class_list":["post-9425","post","type-post","status-publish","format-standard","has-post-thumbnail","hentry","category-aktualnosci","category-galerie","category-strona-glowna"],"_links":{"self":[{"href":"https:\/\/przylep.edu.pl\/przedszkole\/wp-json\/wp\/v2\/posts\/9425","targetHints":{"allow":["GET"]}}],"collection":[{"href":"https:\/\/przylep.edu.pl\/przedszkole\/wp-json\/wp\/v2\/posts"}],"about":[{"href":"https:\/\/przylep.edu.pl\/przedszkole\/wp-json\/wp\/v2\/types\/post"}],"author":[{"embeddable":true,"href":"https:\/\/przylep.edu.pl\/przedszkole\/wp-json\/wp\/v2\/users\/2"}],"replies":[{"embeddable":true,"href":"https:\/\/przylep.edu.pl\/przedszkole\/wp-json\/wp\/v2\/comments?post=9425"}],"version-history":[{"count":1,"href":"https:\/\/przylep.edu.pl\/przedszkole\/wp-json\/wp\/v2\/posts\/9425\/revisions"}],"predecessor-version":[{"id":9431,"href":"https:\/\/przylep.edu.pl\/przedszkole\/wp-json\/wp\/v2\/posts\/9425\/revisions\/9431"}],"wp:featuredmedia":[{"embeddable":true,"href":"https:\/\/przylep.edu.pl\/przedszkole\/wp-json\/wp\/v2\/media\/9430"}],"wp:attachment":[{"href":"https:\/\/przylep.edu.pl\/przedszkole\/wp-json\/wp\/v2\/media?parent=9425"}],"wp:term":[{"taxonomy":"category","embeddable":true,"href":"https:\/\/przylep.edu.pl\/przedszkole\/wp-json\/wp\/v2\/categories?post=9425"},{"taxonomy":"post_tag","embeddable":true,"href":"https:\/\/przylep.edu.pl\/przedszkole\/wp-json\/wp\/v2\/tags?post=9425"}],"curies":[{"name":"wp","href":"https:\/\/api.w.org\/{rel}","templated":true}]}}