{"id":9392,"date":"2023-11-05T08:57:09","date_gmt":"2023-11-05T07:57:09","guid":{"rendered":"https:\/\/przylep.edu.pl\/przedszkole\/?p=9392"},"modified":"2023-11-05T08:57:10","modified_gmt":"2023-11-05T07:57:10","slug":"dyniowe-smakolyki","status":"publish","type":"post","link":"https:\/\/przylep.edu.pl\/przedszkole\/2023\/11\/05\/dyniowe-smakolyki\/","title":{"rendered":"Dyniowe smako\u0142yki"},"content":{"rendered":"\n<p>W pi\u0105tek 27.10. 2023r. z okazji Dnia Dyni w sto\u0142\u00f3wce naszej plac\u00f3wki zgromadzili\u015bmy przepyszne wypieki i przetwory przygotowane przez rodzic\u00f3w dla swoich pociech. Ilo\u015b\u0107, r\u00f3\u017cnorodno\u015b\u0107, wygl\u0105d i smak rarytas\u00f3w przer\u00f3s\u0142 nasze naj\u015bmielsze oczekiwania. Wszystko bardzo smakowa\u0142o co potwierdza\u0142y kolejki po dok\u0142adki. Tego dnia mo\u017cna by\u0142o r\u00f3wnie\u017c sfotografowa\u0107 si\u0119 w dyniowej fotobudce. Nad ca\u0142o\u015bci\u0105 czuwa\u0142a P. Monika Kowalska z pomoc\u0105 P.Uli, P.Ilony, P.Magdy i P.Agaty. Wielkie podzi\u0119kowania dla rodzic\u00f3w, kt\u00f3rzy jak zawsze stan\u0119li na wysoko\u015bci zadania, Radzie Rodzic\u00f3w za zakupienie naczy\u0144, oraz wszystkim pracownikom naszej plac\u00f3wki zaanga\u017cowanym w organizacj\u0119 tego wydarzenia.<\/p>\n\n\n\n<figure class=\"wp-block-gallery has-nested-images columns-default is-cropped wp-block-gallery-1 is-layout-flex wp-block-gallery-is-layout-flex\">\n<figure class=\"wp-block-image size-large\"><img loading=\"lazy\" decoding=\"async\" width=\"1024\" height=\"768\" data-id=\"9393\" src=\"https:\/\/przylep.edu.pl\/przedszkole\/wp-content\/uploads\/2023\/11\/395517725_1716668458814772_3532499704993443809_n-1024x768.jpg\" alt=\"\" class=\"wp-image-9393\" srcset=\"https:\/\/przylep.edu.pl\/przedszkole\/wp-content\/uploads\/2023\/11\/395517725_1716668458814772_3532499704993443809_n-1024x768.jpg 1024w, https:\/\/przylep.edu.pl\/przedszkole\/wp-content\/uploads\/2023\/11\/395517725_1716668458814772_3532499704993443809_n-300x225.jpg 300w, https:\/\/przylep.edu.pl\/przedszkole\/wp-content\/uploads\/2023\/11\/395517725_1716668458814772_3532499704993443809_n-768x576.jpg 768w, https:\/\/przylep.edu.pl\/przedszkole\/wp-content\/uploads\/2023\/11\/395517725_1716668458814772_3532499704993443809_n-1536x1152.jpg 1536w, https:\/\/przylep.edu.pl\/przedszkole\/wp-content\/uploads\/2023\/11\/395517725_1716668458814772_3532499704993443809_n-600x450.jpg 600w, https:\/\/przylep.edu.pl\/przedszkole\/wp-content\/uploads\/2023\/11\/395517725_1716668458814772_3532499704993443809_n.jpg 2048w\" sizes=\"auto, (max-width: 1024px) 100vw, 1024px\" \/><\/figure>\n<\/figure>\n\n\n\n<figure class=\"wp-block-gallery has-nested-images columns-default is-cropped wp-block-gallery-2 is-layout-flex wp-block-gallery-is-layout-flex\">\n<figure class=\"wp-block-image size-large\"><img loading=\"lazy\" decoding=\"async\" width=\"768\" height=\"1024\" data-id=\"9395\" src=\"https:\/\/przylep.edu.pl\/przedszkole\/wp-content\/uploads\/2023\/11\/363517646_364737605978571_2413902809501332347_n-768x1024.jpg\" alt=\"\" class=\"wp-image-9395\" srcset=\"https:\/\/przylep.edu.pl\/przedszkole\/wp-content\/uploads\/2023\/11\/363517646_364737605978571_2413902809501332347_n-768x1024.jpg 768w, https:\/\/przylep.edu.pl\/przedszkole\/wp-content\/uploads\/2023\/11\/363517646_364737605978571_2413902809501332347_n-225x300.jpg 225w, https:\/\/przylep.edu.pl\/przedszkole\/wp-content\/uploads\/2023\/11\/363517646_364737605978571_2413902809501332347_n.jpg 828w\" sizes=\"auto, (max-width: 768px) 100vw, 768px\" \/><\/figure>\n\n\n\n<figure class=\"wp-block-image size-large\"><img loading=\"lazy\" decoding=\"async\" width=\"768\" height=\"1024\" data-id=\"9396\" src=\"https:\/\/przylep.edu.pl\/przedszkole\/wp-content\/uploads\/2023\/11\/370059548_686827500046048_1105972508489290095_n-768x1024.jpg\" alt=\"\" class=\"wp-image-9396\" srcset=\"https:\/\/przylep.edu.pl\/przedszkole\/wp-content\/uploads\/2023\/11\/370059548_686827500046048_1105972508489290095_n-768x1024.jpg 768w, https:\/\/przylep.edu.pl\/przedszkole\/wp-content\/uploads\/2023\/11\/370059548_686827500046048_1105972508489290095_n-225x300.jpg 225w, https:\/\/przylep.edu.pl\/przedszkole\/wp-content\/uploads\/2023\/11\/370059548_686827500046048_1105972508489290095_n-1152x1536.jpg 1152w, https:\/\/przylep.edu.pl\/przedszkole\/wp-content\/uploads\/2023\/11\/370059548_686827500046048_1105972508489290095_n.jpg 1536w\" sizes=\"auto, (max-width: 768px) 100vw, 768px\" \/><\/figure>\n<\/figure>\n\n\n\n<figure class=\"wp-block-gallery has-nested-images columns-default is-cropped wp-block-gallery-3 is-layout-flex wp-block-gallery-is-layout-flex\">\n<figure class=\"wp-block-image size-large\"><img loading=\"lazy\" decoding=\"async\" width=\"1024\" height=\"768\" data-id=\"9397\" src=\"https:\/\/przylep.edu.pl\/przedszkole\/wp-content\/uploads\/2023\/11\/368409896_6886051351447924_5238993147713788246_n-1024x768.jpg\" alt=\"\" class=\"wp-image-9397\" srcset=\"https:\/\/przylep.edu.pl\/przedszkole\/wp-content\/uploads\/2023\/11\/368409896_6886051351447924_5238993147713788246_n-1024x768.jpg 1024w, https:\/\/przylep.edu.pl\/przedszkole\/wp-content\/uploads\/2023\/11\/368409896_6886051351447924_5238993147713788246_n-300x225.jpg 300w, https:\/\/przylep.edu.pl\/przedszkole\/wp-content\/uploads\/2023\/11\/368409896_6886051351447924_5238993147713788246_n-768x576.jpg 768w, https:\/\/przylep.edu.pl\/przedszkole\/wp-content\/uploads\/2023\/11\/368409896_6886051351447924_5238993147713788246_n-1536x1152.jpg 1536w, https:\/\/przylep.edu.pl\/przedszkole\/wp-content\/uploads\/2023\/11\/368409896_6886051351447924_5238993147713788246_n-600x450.jpg 600w, https:\/\/przylep.edu.pl\/przedszkole\/wp-content\/uploads\/2023\/11\/368409896_6886051351447924_5238993147713788246_n.jpg 2048w\" sizes=\"auto, (max-width: 1024px) 100vw, 1024px\" \/><\/figure>\n<\/figure>\n\n\n\n<figure class=\"wp-block-gallery has-nested-images columns-default is-cropped wp-block-gallery-4 is-layout-flex wp-block-gallery-is-layout-flex\">\n<figure class=\"wp-block-image size-large\"><img loading=\"lazy\" decoding=\"async\" width=\"768\" height=\"1024\" data-id=\"9399\" src=\"https:\/\/przylep.edu.pl\/przedszkole\/wp-content\/uploads\/2023\/11\/370195057_335464609066248_5513370077639882611_n-768x1024.jpg\" alt=\"\" class=\"wp-image-9399\" srcset=\"https:\/\/przylep.edu.pl\/przedszkole\/wp-content\/uploads\/2023\/11\/370195057_335464609066248_5513370077639882611_n-768x1024.jpg 768w, https:\/\/przylep.edu.pl\/przedszkole\/wp-content\/uploads\/2023\/11\/370195057_335464609066248_5513370077639882611_n-225x300.jpg 225w, https:\/\/przylep.edu.pl\/przedszkole\/wp-content\/uploads\/2023\/11\/370195057_335464609066248_5513370077639882611_n-1152x1536.jpg 1152w, https:\/\/przylep.edu.pl\/przedszkole\/wp-content\/uploads\/2023\/11\/370195057_335464609066248_5513370077639882611_n.jpg 1536w\" sizes=\"auto, (max-width: 768px) 100vw, 768px\" \/><\/figure>\n\n\n\n<figure class=\"wp-block-image size-large\"><img loading=\"lazy\" decoding=\"async\" width=\"768\" height=\"1024\" data-id=\"9398\" src=\"https:\/\/przylep.edu.pl\/przedszkole\/wp-content\/uploads\/2023\/11\/370254642_870520674424972_6719457415627780972_n-768x1024.jpg\" alt=\"\" class=\"wp-image-9398\" srcset=\"https:\/\/przylep.edu.pl\/przedszkole\/wp-content\/uploads\/2023\/11\/370254642_870520674424972_6719457415627780972_n-768x1024.jpg 768w, https:\/\/przylep.edu.pl\/przedszkole\/wp-content\/uploads\/2023\/11\/370254642_870520674424972_6719457415627780972_n-225x300.jpg 225w, https:\/\/przylep.edu.pl\/przedszkole\/wp-content\/uploads\/2023\/11\/370254642_870520674424972_6719457415627780972_n.jpg 828w\" sizes=\"auto, (max-width: 768px) 100vw, 768px\" \/><\/figure>\n<\/figure>\n\n\n\n<figure class=\"wp-block-gallery has-nested-images columns-default is-cropped wp-block-gallery-5 is-layout-flex wp-block-gallery-is-layout-flex\">\n<figure class=\"wp-block-image size-large\"><img loading=\"lazy\" decoding=\"async\" width=\"768\" height=\"1024\" data-id=\"9401\" src=\"https:\/\/przylep.edu.pl\/przedszkole\/wp-content\/uploads\/2023\/11\/370293581_1716812488728569_7425408302639141785_n-768x1024.jpg\" alt=\"\" class=\"wp-image-9401\" srcset=\"https:\/\/przylep.edu.pl\/przedszkole\/wp-content\/uploads\/2023\/11\/370293581_1716812488728569_7425408302639141785_n-768x1024.jpg 768w, https:\/\/przylep.edu.pl\/przedszkole\/wp-content\/uploads\/2023\/11\/370293581_1716812488728569_7425408302639141785_n-225x300.jpg 225w, https:\/\/przylep.edu.pl\/przedszkole\/wp-content\/uploads\/2023\/11\/370293581_1716812488728569_7425408302639141785_n-1152x1536.jpg 1152w, https:\/\/przylep.edu.pl\/przedszkole\/wp-content\/uploads\/2023\/11\/370293581_1716812488728569_7425408302639141785_n.jpg 1536w\" sizes=\"auto, (max-width: 768px) 100vw, 768px\" \/><\/figure>\n\n\n\n<figure class=\"wp-block-image size-large\"><img loading=\"lazy\" decoding=\"async\" width=\"766\" height=\"1024\" data-id=\"9400\" src=\"https:\/\/przylep.edu.pl\/przedszkole\/wp-content\/uploads\/2023\/11\/370303738_1017931019325209_7667030693007319375_n-766x1024.jpg\" alt=\"\" class=\"wp-image-9400\" srcset=\"https:\/\/przylep.edu.pl\/przedszkole\/wp-content\/uploads\/2023\/11\/370303738_1017931019325209_7667030693007319375_n-766x1024.jpg 766w, https:\/\/przylep.edu.pl\/przedszkole\/wp-content\/uploads\/2023\/11\/370303738_1017931019325209_7667030693007319375_n-224x300.jpg 224w, https:\/\/przylep.edu.pl\/przedszkole\/wp-content\/uploads\/2023\/11\/370303738_1017931019325209_7667030693007319375_n-768x1027.jpg 768w, https:\/\/przylep.edu.pl\/przedszkole\/wp-content\/uploads\/2023\/11\/370303738_1017931019325209_7667030693007319375_n-1149x1536.jpg 1149w, https:\/\/przylep.edu.pl\/przedszkole\/wp-content\/uploads\/2023\/11\/370303738_1017931019325209_7667030693007319375_n.jpg 1496w\" sizes=\"auto, (max-width: 766px) 100vw, 766px\" \/><\/figure>\n<\/figure>\n\n\n\n<figure class=\"wp-block-gallery has-nested-images columns-default is-cropped wp-block-gallery-6 is-layout-flex wp-block-gallery-is-layout-flex\">\n<figure class=\"wp-block-image size-large\"><img loading=\"lazy\" decoding=\"async\" width=\"766\" height=\"1024\" data-id=\"9402\" src=\"https:\/\/przylep.edu.pl\/przedszkole\/wp-content\/uploads\/2023\/11\/373490911_843432870795013_2898071193785957125_n-766x1024.jpg\" alt=\"\" class=\"wp-image-9402\" srcset=\"https:\/\/przylep.edu.pl\/przedszkole\/wp-content\/uploads\/2023\/11\/373490911_843432870795013_2898071193785957125_n-766x1024.jpg 766w, https:\/\/przylep.edu.pl\/przedszkole\/wp-content\/uploads\/2023\/11\/373490911_843432870795013_2898071193785957125_n-224x300.jpg 224w, https:\/\/przylep.edu.pl\/przedszkole\/wp-content\/uploads\/2023\/11\/373490911_843432870795013_2898071193785957125_n-768x1027.jpg 768w, https:\/\/przylep.edu.pl\/przedszkole\/wp-content\/uploads\/2023\/11\/373490911_843432870795013_2898071193785957125_n-1149x1536.jpg 1149w, https:\/\/przylep.edu.pl\/przedszkole\/wp-content\/uploads\/2023\/11\/373490911_843432870795013_2898071193785957125_n.jpg 1496w\" sizes=\"auto, (max-width: 766px) 100vw, 766px\" \/><\/figure>\n<\/figure>\n\n\n\n<figure class=\"wp-block-gallery has-nested-images columns-default is-cropped wp-block-gallery-7 is-layout-flex wp-block-gallery-is-layout-flex\">\n<figure class=\"wp-block-image size-large\"><img loading=\"lazy\" decoding=\"async\" width=\"768\" height=\"1024\" data-id=\"9404\" src=\"https:\/\/przylep.edu.pl\/przedszkole\/wp-content\/uploads\/2023\/11\/387637884_3235593396741248_6659237449221559899_n-768x1024.jpg\" alt=\"\" class=\"wp-image-9404\" srcset=\"https:\/\/przylep.edu.pl\/przedszkole\/wp-content\/uploads\/2023\/11\/387637884_3235593396741248_6659237449221559899_n-768x1024.jpg 768w, https:\/\/przylep.edu.pl\/przedszkole\/wp-content\/uploads\/2023\/11\/387637884_3235593396741248_6659237449221559899_n-225x300.jpg 225w, https:\/\/przylep.edu.pl\/przedszkole\/wp-content\/uploads\/2023\/11\/387637884_3235593396741248_6659237449221559899_n-1152x1536.jpg 1152w, https:\/\/przylep.edu.pl\/przedszkole\/wp-content\/uploads\/2023\/11\/387637884_3235593396741248_6659237449221559899_n.jpg 1536w\" sizes=\"auto, (max-width: 768px) 100vw, 768px\" \/><\/figure>\n\n\n\n<figure class=\"wp-block-image size-large\"><img loading=\"lazy\" decoding=\"async\" width=\"768\" height=\"1024\" data-id=\"9403\" src=\"https:\/\/przylep.edu.pl\/przedszkole\/wp-content\/uploads\/2023\/11\/394317786_1467069727482293_563130802236760979_n-768x1024.jpg\" alt=\"\" class=\"wp-image-9403\" srcset=\"https:\/\/przylep.edu.pl\/przedszkole\/wp-content\/uploads\/2023\/11\/394317786_1467069727482293_563130802236760979_n-768x1024.jpg 768w, https:\/\/przylep.edu.pl\/przedszkole\/wp-content\/uploads\/2023\/11\/394317786_1467069727482293_563130802236760979_n-225x300.jpg 225w, https:\/\/przylep.edu.pl\/przedszkole\/wp-content\/uploads\/2023\/11\/394317786_1467069727482293_563130802236760979_n.jpg 828w\" sizes=\"auto, (max-width: 768px) 100vw, 768px\" \/><\/figure>\n<\/figure>\n\n\n\n<figure class=\"wp-block-gallery has-nested-images columns-default is-cropped wp-block-gallery-8 is-layout-flex wp-block-gallery-is-layout-flex\">\n<figure class=\"wp-block-image size-large\"><img loading=\"lazy\" decoding=\"async\" width=\"768\" height=\"1024\" data-id=\"9406\" src=\"https:\/\/przylep.edu.pl\/przedszkole\/wp-content\/uploads\/2023\/11\/394386048_885978595849569_8473910368175257873_n-768x1024.jpg\" alt=\"\" class=\"wp-image-9406\" srcset=\"https:\/\/przylep.edu.pl\/przedszkole\/wp-content\/uploads\/2023\/11\/394386048_885978595849569_8473910368175257873_n-768x1024.jpg 768w, https:\/\/przylep.edu.pl\/przedszkole\/wp-content\/uploads\/2023\/11\/394386048_885978595849569_8473910368175257873_n-225x300.jpg 225w, https:\/\/przylep.edu.pl\/przedszkole\/wp-content\/uploads\/2023\/11\/394386048_885978595849569_8473910368175257873_n-1152x1536.jpg 1152w, https:\/\/przylep.edu.pl\/przedszkole\/wp-content\/uploads\/2023\/11\/394386048_885978595849569_8473910368175257873_n.jpg 1536w\" sizes=\"auto, (max-width: 768px) 100vw, 768px\" \/><\/figure>\n\n\n\n<figure class=\"wp-block-image size-large\"><img loading=\"lazy\" decoding=\"async\" width=\"768\" height=\"1024\" data-id=\"9405\" src=\"https:\/\/przylep.edu.pl\/przedszkole\/wp-content\/uploads\/2023\/11\/395025566_1366334760905989_4589375115900355040_n-768x1024.jpg\" alt=\"\" class=\"wp-image-9405\" srcset=\"https:\/\/przylep.edu.pl\/przedszkole\/wp-content\/uploads\/2023\/11\/395025566_1366334760905989_4589375115900355040_n-768x1024.jpg 768w, https:\/\/przylep.edu.pl\/przedszkole\/wp-content\/uploads\/2023\/11\/395025566_1366334760905989_4589375115900355040_n-225x300.jpg 225w, https:\/\/przylep.edu.pl\/przedszkole\/wp-content\/uploads\/2023\/11\/395025566_1366334760905989_4589375115900355040_n-1152x1536.jpg 1152w, https:\/\/przylep.edu.pl\/przedszkole\/wp-content\/uploads\/2023\/11\/395025566_1366334760905989_4589375115900355040_n.jpg 1536w\" sizes=\"auto, (max-width: 768px) 100vw, 768px\" \/><\/figure>\n<\/figure>\n\n\n\n<figure class=\"wp-block-gallery has-nested-images columns-default is-cropped wp-block-gallery-9 is-layout-flex wp-block-gallery-is-layout-flex\">\n<figure class=\"wp-block-image size-large\"><img loading=\"lazy\" decoding=\"async\" width=\"768\" height=\"1024\" data-id=\"9408\" src=\"https:\/\/przylep.edu.pl\/przedszkole\/wp-content\/uploads\/2023\/11\/395133190_643911074521767_350599643675830961_n-768x1024.jpg\" alt=\"\" class=\"wp-image-9408\" srcset=\"https:\/\/przylep.edu.pl\/przedszkole\/wp-content\/uploads\/2023\/11\/395133190_643911074521767_350599643675830961_n-768x1024.jpg 768w, https:\/\/przylep.edu.pl\/przedszkole\/wp-content\/uploads\/2023\/11\/395133190_643911074521767_350599643675830961_n-225x300.jpg 225w, https:\/\/przylep.edu.pl\/przedszkole\/wp-content\/uploads\/2023\/11\/395133190_643911074521767_350599643675830961_n-1152x1536.jpg 1152w, https:\/\/przylep.edu.pl\/przedszkole\/wp-content\/uploads\/2023\/11\/395133190_643911074521767_350599643675830961_n.jpg 1536w\" sizes=\"auto, (max-width: 768px) 100vw, 768px\" \/><\/figure>\n\n\n\n<figure class=\"wp-block-image size-large\"><img loading=\"lazy\" decoding=\"async\" width=\"768\" height=\"1024\" data-id=\"9407\" src=\"https:\/\/przylep.edu.pl\/przedszkole\/wp-content\/uploads\/2023\/11\/395629761_849538117176545_2862674266441417669_n-768x1024.jpg\" alt=\"\" class=\"wp-image-9407\" srcset=\"https:\/\/przylep.edu.pl\/przedszkole\/wp-content\/uploads\/2023\/11\/395629761_849538117176545_2862674266441417669_n-768x1024.jpg 768w, https:\/\/przylep.edu.pl\/przedszkole\/wp-content\/uploads\/2023\/11\/395629761_849538117176545_2862674266441417669_n-225x300.jpg 225w, https:\/\/przylep.edu.pl\/przedszkole\/wp-content\/uploads\/2023\/11\/395629761_849538117176545_2862674266441417669_n-1152x1536.jpg 1152w, https:\/\/przylep.edu.pl\/przedszkole\/wp-content\/uploads\/2023\/11\/395629761_849538117176545_2862674266441417669_n.jpg 1500w\" sizes=\"auto, (max-width: 768px) 100vw, 768px\" \/><\/figure>\n<\/figure>\n\n\n\n<figure class=\"wp-block-gallery has-nested-images columns-default is-cropped wp-block-gallery-10 is-layout-flex wp-block-gallery-is-layout-flex\">\n<figure class=\"wp-block-image size-large\"><img loading=\"lazy\" decoding=\"async\" width=\"768\" height=\"1024\" data-id=\"9409\" src=\"https:\/\/przylep.edu.pl\/przedszkole\/wp-content\/uploads\/2023\/11\/395635119_889926862546943_6058572573593304292_n-768x1024.jpg\" alt=\"\" class=\"wp-image-9409\" srcset=\"https:\/\/przylep.edu.pl\/przedszkole\/wp-content\/uploads\/2023\/11\/395635119_889926862546943_6058572573593304292_n-768x1024.jpg 768w, https:\/\/przylep.edu.pl\/przedszkole\/wp-content\/uploads\/2023\/11\/395635119_889926862546943_6058572573593304292_n-225x300.jpg 225w, https:\/\/przylep.edu.pl\/przedszkole\/wp-content\/uploads\/2023\/11\/395635119_889926862546943_6058572573593304292_n-1152x1536.jpg 1152w, https:\/\/przylep.edu.pl\/przedszkole\/wp-content\/uploads\/2023\/11\/395635119_889926862546943_6058572573593304292_n.jpg 1500w\" sizes=\"auto, (max-width: 768px) 100vw, 768px\" \/><\/figure>\n\n\n\n<figure class=\"wp-block-image size-large\"><img loading=\"lazy\" decoding=\"async\" width=\"768\" height=\"1024\" data-id=\"9410\" src=\"https:\/\/przylep.edu.pl\/przedszkole\/wp-content\/uploads\/2023\/11\/396081322_711069464279427_2127737629627657018_n-768x1024.jpg\" alt=\"\" class=\"wp-image-9410\" srcset=\"https:\/\/przylep.edu.pl\/przedszkole\/wp-content\/uploads\/2023\/11\/396081322_711069464279427_2127737629627657018_n-768x1024.jpg 768w, https:\/\/przylep.edu.pl\/przedszkole\/wp-content\/uploads\/2023\/11\/396081322_711069464279427_2127737629627657018_n-225x300.jpg 225w, https:\/\/przylep.edu.pl\/przedszkole\/wp-content\/uploads\/2023\/11\/396081322_711069464279427_2127737629627657018_n-1152x1536.jpg 1152w, https:\/\/przylep.edu.pl\/przedszkole\/wp-content\/uploads\/2023\/11\/396081322_711069464279427_2127737629627657018_n.jpg 1536w\" sizes=\"auto, (max-width: 768px) 100vw, 768px\" \/><\/figure>\n<\/figure>\n","protected":false},"excerpt":{"rendered":"<p>W pi\u0105tek 27.10. 2023r. z okazji Dnia Dyni w sto\u0142\u00f3wce naszej plac\u00f3wki zgromadzili\u015bmy przepyszne wypieki i przetwory przygotowane przez rodzic\u00f3w dla swoich pociech. Ilo\u015b\u0107, r\u00f3\u017cnorodno\u015b\u0107, wygl\u0105d i smak rarytas\u00f3w przer\u00f3s\u0142 nasze naj\u015bmielsze oczekiwania. Wszystko bardzo smakowa\u0142o co potwierdza\u0142y kolejki po dok\u0142adki. Tego dnia mo\u017cna by\u0142o r\u00f3wnie\u017c sfotografowa\u0107 si\u0119 w dyniowej fotobudce. Nad ca\u0142o\u015bci\u0105 czuwa\u0142a P. [&hellip;]<\/p>\n","protected":false},"author":2,"featured_media":9394,"comment_status":"closed","ping_status":"open","sticky":false,"template":"","format":"standard","meta":{"footnotes":""},"categories":[45,41,40],"tags":[],"class_list":["post-9392","post","type-post","status-publish","format-standard","has-post-thumbnail","hentry","category-aktualnosci","category-galerie","category-strona-glowna"],"_links":{"self":[{"href":"https:\/\/przylep.edu.pl\/przedszkole\/wp-json\/wp\/v2\/posts\/9392","targetHints":{"allow":["GET"]}}],"collection":[{"href":"https:\/\/przylep.edu.pl\/przedszkole\/wp-json\/wp\/v2\/posts"}],"about":[{"href":"https:\/\/przylep.edu.pl\/przedszkole\/wp-json\/wp\/v2\/types\/post"}],"author":[{"embeddable":true,"href":"https:\/\/przylep.edu.pl\/przedszkole\/wp-json\/wp\/v2\/users\/2"}],"replies":[{"embeddable":true,"href":"https:\/\/przylep.edu.pl\/przedszkole\/wp-json\/wp\/v2\/comments?post=9392"}],"version-history":[{"count":1,"href":"https:\/\/przylep.edu.pl\/przedszkole\/wp-json\/wp\/v2\/posts\/9392\/revisions"}],"predecessor-version":[{"id":9411,"href":"https:\/\/przylep.edu.pl\/przedszkole\/wp-json\/wp\/v2\/posts\/9392\/revisions\/9411"}],"wp:featuredmedia":[{"embeddable":true,"href":"https:\/\/przylep.edu.pl\/przedszkole\/wp-json\/wp\/v2\/media\/9394"}],"wp:attachment":[{"href":"https:\/\/przylep.edu.pl\/przedszkole\/wp-json\/wp\/v2\/media?parent=9392"}],"wp:term":[{"taxonomy":"category","embeddable":true,"href":"https:\/\/przylep.edu.pl\/przedszkole\/wp-json\/wp\/v2\/categories?post=9392"},{"taxonomy":"post_tag","embeddable":true,"href":"https:\/\/przylep.edu.pl\/przedszkole\/wp-json\/wp\/v2\/tags?post=9392"}],"curies":[{"name":"wp","href":"https:\/\/api.w.org\/{rel}","templated":true}]}}