{"id":9382,"date":"2023-11-05T08:43:51","date_gmt":"2023-11-05T07:43:51","guid":{"rendered":"https:\/\/przylep.edu.pl\/przedszkole\/?p=9382"},"modified":"2023-11-05T08:43:52","modified_gmt":"2023-11-05T07:43:52","slug":"poznajemy-zawod-prawnika","status":"publish","type":"post","link":"https:\/\/przylep.edu.pl\/przedszkole\/2023\/11\/05\/poznajemy-zawod-prawnika\/","title":{"rendered":"Poznajemy zaw\u00f3d prawnika"},"content":{"rendered":"\n<p>26.10.2023<\/p>\n\n\n\n<p>Dzisiaj przyjecha\u0142a mama Antka, by opowiedzie\u0107 o zawodzie prawnika. Najpierw poznali\u015bmy jakie zowody wyst\u0119puj\u0105 w s\u0105dzie. Potem zobaczyli\u015bmy tog\u0119, czyli str\u00f3j prawnika. P\u00f3\u017aniej mogli\u015bmy zobaczy\u0107 i za\u0142o\u017cy\u0107 plecak wojskowy. Bardzo mi si\u0119 podoba\u0142y te zaj\u0119cia. <\/p>\n\n\n\n<p>Natalia P\u0142usa-uczennica klasy III<\/p>\n\n\n\n<figure class=\"wp-block-gallery has-nested-images columns-default is-cropped wp-block-gallery-1 is-layout-flex wp-block-gallery-is-layout-flex\">\n<figure class=\"wp-block-image size-large\"><img loading=\"lazy\" decoding=\"async\" width=\"1024\" height=\"768\" data-id=\"9383\" src=\"https:\/\/przylep.edu.pl\/przedszkole\/wp-content\/uploads\/2023\/11\/370220420_707745321300654_2957533673640100793_n-1024x768.jpg\" alt=\"\" class=\"wp-image-9383\" srcset=\"https:\/\/przylep.edu.pl\/przedszkole\/wp-content\/uploads\/2023\/11\/370220420_707745321300654_2957533673640100793_n-1024x768.jpg 1024w, https:\/\/przylep.edu.pl\/przedszkole\/wp-content\/uploads\/2023\/11\/370220420_707745321300654_2957533673640100793_n-300x225.jpg 300w, https:\/\/przylep.edu.pl\/przedszkole\/wp-content\/uploads\/2023\/11\/370220420_707745321300654_2957533673640100793_n-768x576.jpg 768w, https:\/\/przylep.edu.pl\/przedszkole\/wp-content\/uploads\/2023\/11\/370220420_707745321300654_2957533673640100793_n-1536x1152.jpg 1536w, https:\/\/przylep.edu.pl\/przedszkole\/wp-content\/uploads\/2023\/11\/370220420_707745321300654_2957533673640100793_n-600x450.jpg 600w, https:\/\/przylep.edu.pl\/przedszkole\/wp-content\/uploads\/2023\/11\/370220420_707745321300654_2957533673640100793_n.jpg 2040w\" sizes=\"auto, (max-width: 1024px) 100vw, 1024px\" \/><\/figure>\n<\/figure>\n\n\n\n<figure class=\"wp-block-gallery has-nested-images columns-default is-cropped wp-block-gallery-2 is-layout-flex wp-block-gallery-is-layout-flex\">\n<figure class=\"wp-block-image size-large\"><img loading=\"lazy\" decoding=\"async\" width=\"768\" height=\"1024\" data-id=\"9385\" src=\"https:\/\/przylep.edu.pl\/przedszkole\/wp-content\/uploads\/2023\/11\/368555610_1372339930299634_5173731154550591348_n-768x1024.jpg\" alt=\"\" class=\"wp-image-9385\" srcset=\"https:\/\/przylep.edu.pl\/przedszkole\/wp-content\/uploads\/2023\/11\/368555610_1372339930299634_5173731154550591348_n-768x1024.jpg 768w, https:\/\/przylep.edu.pl\/przedszkole\/wp-content\/uploads\/2023\/11\/368555610_1372339930299634_5173731154550591348_n-225x300.jpg 225w, https:\/\/przylep.edu.pl\/przedszkole\/wp-content\/uploads\/2023\/11\/368555610_1372339930299634_5173731154550591348_n-1152x1536.jpg 1152w, https:\/\/przylep.edu.pl\/przedszkole\/wp-content\/uploads\/2023\/11\/368555610_1372339930299634_5173731154550591348_n.jpg 1530w\" sizes=\"auto, (max-width: 768px) 100vw, 768px\" \/><\/figure>\n\n\n\n<figure class=\"wp-block-image size-large\"><img loading=\"lazy\" decoding=\"async\" width=\"768\" height=\"1024\" data-id=\"9384\" src=\"https:\/\/przylep.edu.pl\/przedszkole\/wp-content\/uploads\/2023\/11\/369578738_693902862672255_858757515888340539_n-768x1024.jpg\" alt=\"\" class=\"wp-image-9384\" srcset=\"https:\/\/przylep.edu.pl\/przedszkole\/wp-content\/uploads\/2023\/11\/369578738_693902862672255_858757515888340539_n-768x1024.jpg 768w, https:\/\/przylep.edu.pl\/przedszkole\/wp-content\/uploads\/2023\/11\/369578738_693902862672255_858757515888340539_n-225x300.jpg 225w, https:\/\/przylep.edu.pl\/przedszkole\/wp-content\/uploads\/2023\/11\/369578738_693902862672255_858757515888340539_n-1152x1536.jpg 1152w, https:\/\/przylep.edu.pl\/przedszkole\/wp-content\/uploads\/2023\/11\/369578738_693902862672255_858757515888340539_n.jpg 1530w\" sizes=\"auto, (max-width: 768px) 100vw, 768px\" \/><\/figure>\n<\/figure>\n\n\n\n<figure class=\"wp-block-gallery has-nested-images columns-default is-cropped wp-block-gallery-3 is-layout-flex wp-block-gallery-is-layout-flex\">\n<figure class=\"wp-block-image size-large\"><img loading=\"lazy\" decoding=\"async\" width=\"768\" height=\"1024\" data-id=\"9387\" src=\"https:\/\/przylep.edu.pl\/przedszkole\/wp-content\/uploads\/2023\/11\/371500401_322574407171588_2354620171535176406_n-768x1024.jpg\" alt=\"\" class=\"wp-image-9387\" srcset=\"https:\/\/przylep.edu.pl\/przedszkole\/wp-content\/uploads\/2023\/11\/371500401_322574407171588_2354620171535176406_n-768x1024.jpg 768w, https:\/\/przylep.edu.pl\/przedszkole\/wp-content\/uploads\/2023\/11\/371500401_322574407171588_2354620171535176406_n-225x300.jpg 225w, https:\/\/przylep.edu.pl\/przedszkole\/wp-content\/uploads\/2023\/11\/371500401_322574407171588_2354620171535176406_n-1152x1536.jpg 1152w, https:\/\/przylep.edu.pl\/przedszkole\/wp-content\/uploads\/2023\/11\/371500401_322574407171588_2354620171535176406_n.jpg 1530w\" sizes=\"auto, (max-width: 768px) 100vw, 768px\" \/><\/figure>\n\n\n\n<figure class=\"wp-block-image size-large\"><img loading=\"lazy\" decoding=\"async\" width=\"768\" height=\"1024\" data-id=\"9386\" src=\"https:\/\/przylep.edu.pl\/przedszkole\/wp-content\/uploads\/2023\/11\/371505682_336911235691239_8275107831848216110_n-768x1024.jpg\" alt=\"\" class=\"wp-image-9386\" srcset=\"https:\/\/przylep.edu.pl\/przedszkole\/wp-content\/uploads\/2023\/11\/371505682_336911235691239_8275107831848216110_n-768x1024.jpg 768w, https:\/\/przylep.edu.pl\/przedszkole\/wp-content\/uploads\/2023\/11\/371505682_336911235691239_8275107831848216110_n-225x300.jpg 225w, https:\/\/przylep.edu.pl\/przedszkole\/wp-content\/uploads\/2023\/11\/371505682_336911235691239_8275107831848216110_n-1152x1536.jpg 1152w, https:\/\/przylep.edu.pl\/przedszkole\/wp-content\/uploads\/2023\/11\/371505682_336911235691239_8275107831848216110_n.jpg 1530w\" sizes=\"auto, (max-width: 768px) 100vw, 768px\" \/><\/figure>\n<\/figure>\n\n\n\n<figure class=\"wp-block-gallery has-nested-images columns-default is-cropped wp-block-gallery-4 is-layout-flex wp-block-gallery-is-layout-flex\">\n<figure class=\"wp-block-image size-large\"><img loading=\"lazy\" decoding=\"async\" width=\"1024\" height=\"768\" data-id=\"9388\" src=\"https:\/\/przylep.edu.pl\/przedszkole\/wp-content\/uploads\/2023\/11\/370221083_1804397503326570_3435343025399024490_n-1024x768.jpg\" alt=\"\" class=\"wp-image-9388\" srcset=\"https:\/\/przylep.edu.pl\/przedszkole\/wp-content\/uploads\/2023\/11\/370221083_1804397503326570_3435343025399024490_n-1024x768.jpg 1024w, https:\/\/przylep.edu.pl\/przedszkole\/wp-content\/uploads\/2023\/11\/370221083_1804397503326570_3435343025399024490_n-300x225.jpg 300w, https:\/\/przylep.edu.pl\/przedszkole\/wp-content\/uploads\/2023\/11\/370221083_1804397503326570_3435343025399024490_n-768x576.jpg 768w, https:\/\/przylep.edu.pl\/przedszkole\/wp-content\/uploads\/2023\/11\/370221083_1804397503326570_3435343025399024490_n-1536x1152.jpg 1536w, https:\/\/przylep.edu.pl\/przedszkole\/wp-content\/uploads\/2023\/11\/370221083_1804397503326570_3435343025399024490_n-600x450.jpg 600w, https:\/\/przylep.edu.pl\/przedszkole\/wp-content\/uploads\/2023\/11\/370221083_1804397503326570_3435343025399024490_n.jpg 2040w\" sizes=\"auto, (max-width: 1024px) 100vw, 1024px\" \/><\/figure>\n\n\n\n<figure class=\"wp-block-image size-large\"><img loading=\"lazy\" decoding=\"async\" width=\"1024\" height=\"768\" data-id=\"9389\" src=\"https:\/\/przylep.edu.pl\/przedszkole\/wp-content\/uploads\/2023\/11\/370268606_688081853299129_4296239565922022904_n-1024x768.jpg\" alt=\"\" class=\"wp-image-9389\" srcset=\"https:\/\/przylep.edu.pl\/przedszkole\/wp-content\/uploads\/2023\/11\/370268606_688081853299129_4296239565922022904_n-1024x768.jpg 1024w, https:\/\/przylep.edu.pl\/przedszkole\/wp-content\/uploads\/2023\/11\/370268606_688081853299129_4296239565922022904_n-300x225.jpg 300w, https:\/\/przylep.edu.pl\/przedszkole\/wp-content\/uploads\/2023\/11\/370268606_688081853299129_4296239565922022904_n-768x576.jpg 768w, https:\/\/przylep.edu.pl\/przedszkole\/wp-content\/uploads\/2023\/11\/370268606_688081853299129_4296239565922022904_n-1536x1152.jpg 1536w, https:\/\/przylep.edu.pl\/przedszkole\/wp-content\/uploads\/2023\/11\/370268606_688081853299129_4296239565922022904_n-600x450.jpg 600w, https:\/\/przylep.edu.pl\/przedszkole\/wp-content\/uploads\/2023\/11\/370268606_688081853299129_4296239565922022904_n.jpg 2040w\" sizes=\"auto, (max-width: 1024px) 100vw, 1024px\" \/><\/figure>\n<\/figure>\n","protected":false},"excerpt":{"rendered":"<p>26.10.2023 Dzisiaj przyjecha\u0142a mama Antka, by opowiedzie\u0107 o zawodzie prawnika. Najpierw poznali\u015bmy jakie zowody wyst\u0119puj\u0105 w s\u0105dzie. Potem zobaczyli\u015bmy tog\u0119, czyli str\u00f3j prawnika. P\u00f3\u017aniej mogli\u015bmy zobaczy\u0107 i za\u0142o\u017cy\u0107 plecak wojskowy. Bardzo mi si\u0119 podoba\u0142y te zaj\u0119cia. Natalia P\u0142usa-uczennica klasy III<\/p>\n","protected":false},"author":2,"featured_media":9390,"comment_status":"closed","ping_status":"open","sticky":false,"template":"","format":"standard","meta":{"footnotes":""},"categories":[45,41,40],"tags":[],"class_list":["post-9382","post","type-post","status-publish","format-standard","has-post-thumbnail","hentry","category-aktualnosci","category-galerie","category-strona-glowna"],"_links":{"self":[{"href":"https:\/\/przylep.edu.pl\/przedszkole\/wp-json\/wp\/v2\/posts\/9382","targetHints":{"allow":["GET"]}}],"collection":[{"href":"https:\/\/przylep.edu.pl\/przedszkole\/wp-json\/wp\/v2\/posts"}],"about":[{"href":"https:\/\/przylep.edu.pl\/przedszkole\/wp-json\/wp\/v2\/types\/post"}],"author":[{"embeddable":true,"href":"https:\/\/przylep.edu.pl\/przedszkole\/wp-json\/wp\/v2\/users\/2"}],"replies":[{"embeddable":true,"href":"https:\/\/przylep.edu.pl\/przedszkole\/wp-json\/wp\/v2\/comments?post=9382"}],"version-history":[{"count":1,"href":"https:\/\/przylep.edu.pl\/przedszkole\/wp-json\/wp\/v2\/posts\/9382\/revisions"}],"predecessor-version":[{"id":9391,"href":"https:\/\/przylep.edu.pl\/przedszkole\/wp-json\/wp\/v2\/posts\/9382\/revisions\/9391"}],"wp:featuredmedia":[{"embeddable":true,"href":"https:\/\/przylep.edu.pl\/przedszkole\/wp-json\/wp\/v2\/media\/9390"}],"wp:attachment":[{"href":"https:\/\/przylep.edu.pl\/przedszkole\/wp-json\/wp\/v2\/media?parent=9382"}],"wp:term":[{"taxonomy":"category","embeddable":true,"href":"https:\/\/przylep.edu.pl\/przedszkole\/wp-json\/wp\/v2\/categories?post=9382"},{"taxonomy":"post_tag","embeddable":true,"href":"https:\/\/przylep.edu.pl\/przedszkole\/wp-json\/wp\/v2\/tags?post=9382"}],"curies":[{"name":"wp","href":"https:\/\/api.w.org\/{rel}","templated":true}]}}