{"id":9376,"date":"2023-11-01T18:07:54","date_gmt":"2023-11-01T17:07:54","guid":{"rendered":"https:\/\/przylep.edu.pl\/przedszkole\/?p=9376"},"modified":"2023-11-01T18:07:55","modified_gmt":"2023-11-01T17:07:55","slug":"ii-gminny-przeglad-piesni-i-piosenek-patriotycznych","status":"publish","type":"post","link":"https:\/\/przylep.edu.pl\/przedszkole\/2023\/11\/01\/ii-gminny-przeglad-piesni-i-piosenek-patriotycznych\/","title":{"rendered":"II  Gminny Przegl\u0105d Pie\u015bni i Piosenek Patriotycznych"},"content":{"rendered":"\n<p>W \u015brod\u0119 8 listopada, o godzinie 17:00 w GOKSiR w Przec\u0142awiu odb\u0119dzie si\u0119 po raz drugi Gminny Przegl\u0105d Pie\u015bni i Piosenek Patriotycznych w wykonaniu dzieci z przedszkoli i klas I-IV szk\u00f3\u0142 podstawowych z znajduj\u0105cych si\u0119 na terenie Gminy Ko\u0142baskowo.<br>Podczas tego wydarzenia b\u0119dzie mo\u017cna us\u0142ysze\u0107 dobrze znane wszystkim, ale tak\u017ce mniej s\u0142yszane utwory o naszej Ojczy\u017anie.<br>Jest to cykliczne wydarzenie, popularyzuj\u0105ce w\u015br\u00f3d najm\u0142odszych tradycje \u015bpiew\u00f3w upami\u0119tniaj\u0105cych wa\u017cne dla naszego kraju wydarzenie historyczne, jakim jest odzyskanie przez Polsk\u0119 niepodleg\u0142o\u015bci.<br>Patronat nad przegl\u0105dem obj\u0119\u0142a m.in. W\u00f3jt Gminy Ko\u0142baskowo \u2013 Ma\u0142gorzata Schwarz, Marsza\u0142ek Wojew\u00f3dztwa Zachodniopomorskiego \u2013 Olgierd Geblewicz, Kuratorium O\u015bwiaty w Szczecinie oraz Muzeum Narodowe w Szczecinie.<br>Organizatorami wydarzenia jest Zesp\u00f3\u0142 Szkolno-Przedszkolny w Przylepie przy wsp\u00f3\u0142pracy z GOKSiR Przec\u0142aw. Partnerem wydarzenia jest Fundacja Sedina HS.<br>W imieniu organizator\u00f3w i ma\u0142ych artyst\u00f3w zapraszamy ca\u0142e rodziny oraz wszystkich mieszka\u0144c\u00f3w gminy do wsp\u00f3lnego \u015bpiewania i \u015bwi\u0119towania.<br>Wst\u0119p na wydarzenie bezp\u0142atny.<\/p>\n\n\n\n<figure class=\"wp-block-gallery has-nested-images columns-default is-cropped wp-block-gallery-1 is-layout-flex wp-block-gallery-is-layout-flex\">\n<figure class=\"wp-block-image size-large\"><img loading=\"lazy\" decoding=\"async\" width=\"320\" height=\"453\" data-id=\"9379\" src=\"https:\/\/przylep.edu.pl\/przedszkole\/wp-content\/uploads\/2023\/11\/370346632_710012344337235_5810397996642962849_n.png\" alt=\"\" class=\"wp-image-9379\" srcset=\"https:\/\/przylep.edu.pl\/przedszkole\/wp-content\/uploads\/2023\/11\/370346632_710012344337235_5810397996642962849_n.png 320w, https:\/\/przylep.edu.pl\/przedszkole\/wp-content\/uploads\/2023\/11\/370346632_710012344337235_5810397996642962849_n-212x300.png 212w\" sizes=\"auto, (max-width: 320px) 100vw, 320px\" \/><\/figure>\n<\/figure>\n","protected":false},"excerpt":{"rendered":"<p>W \u015brod\u0119 8 listopada, o godzinie 17:00 w GOKSiR w Przec\u0142awiu odb\u0119dzie si\u0119 po raz drugi Gminny Przegl\u0105d Pie\u015bni i Piosenek Patriotycznych w wykonaniu dzieci z przedszkoli i klas I-IV szk\u00f3\u0142 podstawowych z znajduj\u0105cych si\u0119 na terenie Gminy Ko\u0142baskowo.Podczas tego wydarzenia b\u0119dzie mo\u017cna us\u0142ysze\u0107 dobrze znane wszystkim, ale tak\u017ce mniej s\u0142yszane utwory o naszej Ojczy\u017anie.Jest [&hellip;]<\/p>\n","protected":false},"author":2,"featured_media":9380,"comment_status":"closed","ping_status":"open","sticky":false,"template":"","format":"standard","meta":{"footnotes":""},"categories":[45,41,40],"tags":[],"class_list":["post-9376","post","type-post","status-publish","format-standard","has-post-thumbnail","hentry","category-aktualnosci","category-galerie","category-strona-glowna"],"_links":{"self":[{"href":"https:\/\/przylep.edu.pl\/przedszkole\/wp-json\/wp\/v2\/posts\/9376","targetHints":{"allow":["GET"]}}],"collection":[{"href":"https:\/\/przylep.edu.pl\/przedszkole\/wp-json\/wp\/v2\/posts"}],"about":[{"href":"https:\/\/przylep.edu.pl\/przedszkole\/wp-json\/wp\/v2\/types\/post"}],"author":[{"embeddable":true,"href":"https:\/\/przylep.edu.pl\/przedszkole\/wp-json\/wp\/v2\/users\/2"}],"replies":[{"embeddable":true,"href":"https:\/\/przylep.edu.pl\/przedszkole\/wp-json\/wp\/v2\/comments?post=9376"}],"version-history":[{"count":1,"href":"https:\/\/przylep.edu.pl\/przedszkole\/wp-json\/wp\/v2\/posts\/9376\/revisions"}],"predecessor-version":[{"id":9381,"href":"https:\/\/przylep.edu.pl\/przedszkole\/wp-json\/wp\/v2\/posts\/9376\/revisions\/9381"}],"wp:featuredmedia":[{"embeddable":true,"href":"https:\/\/przylep.edu.pl\/przedszkole\/wp-json\/wp\/v2\/media\/9380"}],"wp:attachment":[{"href":"https:\/\/przylep.edu.pl\/przedszkole\/wp-json\/wp\/v2\/media?parent=9376"}],"wp:term":[{"taxonomy":"category","embeddable":true,"href":"https:\/\/przylep.edu.pl\/przedszkole\/wp-json\/wp\/v2\/categories?post=9376"},{"taxonomy":"post_tag","embeddable":true,"href":"https:\/\/przylep.edu.pl\/przedszkole\/wp-json\/wp\/v2\/tags?post=9376"}],"curies":[{"name":"wp","href":"https:\/\/api.w.org\/{rel}","templated":true}]}}