{"id":9370,"date":"2023-10-29T20:33:53","date_gmt":"2023-10-29T19:33:53","guid":{"rendered":"https:\/\/przylep.edu.pl\/przedszkole\/?p=9370"},"modified":"2023-10-29T20:33:54","modified_gmt":"2023-10-29T19:33:54","slug":"final-przegladu-prac-zwierzaki-cudaki","status":"publish","type":"post","link":"https:\/\/przylep.edu.pl\/przedszkole\/2023\/10\/29\/final-przegladu-prac-zwierzaki-cudaki\/","title":{"rendered":"Fina\u0142 Przegl\u0105du prac &#8222;Zwierzaki-Cudaki&#8221;"},"content":{"rendered":"\n<p>W pi\u0105tek 27 pa\u017adziernika wszystkie grupy przedszkolne i klasy spotka\u0142y si\u0119 w auli aby wsp\u00f3lnie z Pani\u0105 Dyrektor Iwon\u0105 Wierzbick\u0105 podsumowa\u0107 tegoroczny przegl\u0105d. <\/p>\n\n\n\n<p>W tym roku do naszej plac\u00f3wki trafi\u0142o 94 zwierzaki-cudaki wykonane przez Naszych uczni\u00f3w oraz dzieci przedszkolne. Zachwyt\u00f3w nie by\u0142o ko\u0144ca, ka\u017cda praca by\u0142a wyj\u0105tkowa i pi\u0119kna. Ka\u017cdy z uczestnik\u00f3w otrzyma\u0142 ma\u0142y upominek i zdj\u0119cie prac ufundowane przez Rad\u0119 Rodzic\u00f3w.<\/p>\n\n\n\n<p>Bardzo dzi\u0119kujemy Rodzicom za aktywne w\u0142\u0105czenie si\u0119 do akcji. <\/p>\n\n\n\n<figure class=\"wp-block-gallery has-nested-images columns-default is-cropped wp-block-gallery-1 is-layout-flex wp-block-gallery-is-layout-flex\">\n<figure class=\"wp-block-image size-large\"><img loading=\"lazy\" decoding=\"async\" width=\"1024\" height=\"1024\" data-id=\"9371\" src=\"https:\/\/przylep.edu.pl\/przedszkole\/wp-content\/uploads\/2023\/10\/395577561_1015353869738436_3922914291351939249_n-1024x1024.jpg\" alt=\"\" class=\"wp-image-9371\" srcset=\"https:\/\/przylep.edu.pl\/przedszkole\/wp-content\/uploads\/2023\/10\/395577561_1015353869738436_3922914291351939249_n-1024x1024.jpg 1024w, https:\/\/przylep.edu.pl\/przedszkole\/wp-content\/uploads\/2023\/10\/395577561_1015353869738436_3922914291351939249_n-300x300.jpg 300w, https:\/\/przylep.edu.pl\/przedszkole\/wp-content\/uploads\/2023\/10\/395577561_1015353869738436_3922914291351939249_n-150x150.jpg 150w, https:\/\/przylep.edu.pl\/przedszkole\/wp-content\/uploads\/2023\/10\/395577561_1015353869738436_3922914291351939249_n-768x768.jpg 768w, https:\/\/przylep.edu.pl\/przedszkole\/wp-content\/uploads\/2023\/10\/395577561_1015353869738436_3922914291351939249_n-600x600.jpg 600w, https:\/\/przylep.edu.pl\/przedszkole\/wp-content\/uploads\/2023\/10\/395577561_1015353869738436_3922914291351939249_n.jpg 1500w\" sizes=\"auto, (max-width: 1024px) 100vw, 1024px\" \/><\/figure>\n<\/figure>\n\n\n\n<figure class=\"wp-block-image size-large\"><img loading=\"lazy\" decoding=\"async\" width=\"1024\" height=\"1024\" src=\"https:\/\/przylep.edu.pl\/przedszkole\/wp-content\/uploads\/2023\/10\/395654396_1071121250563329_5284664944099503410_n-1024x1024.jpg\" alt=\"\" class=\"wp-image-9372\" srcset=\"https:\/\/przylep.edu.pl\/przedszkole\/wp-content\/uploads\/2023\/10\/395654396_1071121250563329_5284664944099503410_n-1024x1024.jpg 1024w, https:\/\/przylep.edu.pl\/przedszkole\/wp-content\/uploads\/2023\/10\/395654396_1071121250563329_5284664944099503410_n-300x300.jpg 300w, https:\/\/przylep.edu.pl\/przedszkole\/wp-content\/uploads\/2023\/10\/395654396_1071121250563329_5284664944099503410_n-150x150.jpg 150w, https:\/\/przylep.edu.pl\/przedszkole\/wp-content\/uploads\/2023\/10\/395654396_1071121250563329_5284664944099503410_n-768x768.jpg 768w, https:\/\/przylep.edu.pl\/przedszkole\/wp-content\/uploads\/2023\/10\/395654396_1071121250563329_5284664944099503410_n-600x600.jpg 600w, https:\/\/przylep.edu.pl\/przedszkole\/wp-content\/uploads\/2023\/10\/395654396_1071121250563329_5284664944099503410_n.jpg 1500w\" sizes=\"auto, (max-width: 1024px) 100vw, 1024px\" \/><\/figure>\n\n\n\n<figure class=\"wp-block-image size-large\"><img loading=\"lazy\" decoding=\"async\" width=\"1024\" height=\"1024\" src=\"https:\/\/przylep.edu.pl\/przedszkole\/wp-content\/uploads\/2023\/10\/395715113_1073205397026827_3730548898686748878_n-1024x1024.jpg\" alt=\"\" class=\"wp-image-9373\" srcset=\"https:\/\/przylep.edu.pl\/przedszkole\/wp-content\/uploads\/2023\/10\/395715113_1073205397026827_3730548898686748878_n-1024x1024.jpg 1024w, https:\/\/przylep.edu.pl\/przedszkole\/wp-content\/uploads\/2023\/10\/395715113_1073205397026827_3730548898686748878_n-300x300.jpg 300w, https:\/\/przylep.edu.pl\/przedszkole\/wp-content\/uploads\/2023\/10\/395715113_1073205397026827_3730548898686748878_n-150x150.jpg 150w, https:\/\/przylep.edu.pl\/przedszkole\/wp-content\/uploads\/2023\/10\/395715113_1073205397026827_3730548898686748878_n-768x768.jpg 768w, https:\/\/przylep.edu.pl\/przedszkole\/wp-content\/uploads\/2023\/10\/395715113_1073205397026827_3730548898686748878_n-1536x1536.jpg 1536w, https:\/\/przylep.edu.pl\/przedszkole\/wp-content\/uploads\/2023\/10\/395715113_1073205397026827_3730548898686748878_n-600x600.jpg 600w, https:\/\/przylep.edu.pl\/przedszkole\/wp-content\/uploads\/2023\/10\/395715113_1073205397026827_3730548898686748878_n.jpg 1800w\" sizes=\"auto, (max-width: 1024px) 100vw, 1024px\" \/><\/figure>\n","protected":false},"excerpt":{"rendered":"<p>W pi\u0105tek 27 pa\u017adziernika wszystkie grupy przedszkolne i klasy spotka\u0142y si\u0119 w auli aby wsp\u00f3lnie z Pani\u0105 Dyrektor Iwon\u0105 Wierzbick\u0105 podsumowa\u0107 tegoroczny przegl\u0105d. W tym roku do naszej plac\u00f3wki trafi\u0142o 94 zwierzaki-cudaki wykonane przez Naszych uczni\u00f3w oraz dzieci przedszkolne. Zachwyt\u00f3w nie by\u0142o ko\u0144ca, ka\u017cda praca by\u0142a wyj\u0105tkowa i pi\u0119kna. Ka\u017cdy z uczestnik\u00f3w otrzyma\u0142 ma\u0142y upominek [&hellip;]<\/p>\n","protected":false},"author":2,"featured_media":9374,"comment_status":"closed","ping_status":"open","sticky":false,"template":"","format":"standard","meta":{"footnotes":""},"categories":[45,41,40],"tags":[],"class_list":["post-9370","post","type-post","status-publish","format-standard","has-post-thumbnail","hentry","category-aktualnosci","category-galerie","category-strona-glowna"],"_links":{"self":[{"href":"https:\/\/przylep.edu.pl\/przedszkole\/wp-json\/wp\/v2\/posts\/9370","targetHints":{"allow":["GET"]}}],"collection":[{"href":"https:\/\/przylep.edu.pl\/przedszkole\/wp-json\/wp\/v2\/posts"}],"about":[{"href":"https:\/\/przylep.edu.pl\/przedszkole\/wp-json\/wp\/v2\/types\/post"}],"author":[{"embeddable":true,"href":"https:\/\/przylep.edu.pl\/przedszkole\/wp-json\/wp\/v2\/users\/2"}],"replies":[{"embeddable":true,"href":"https:\/\/przylep.edu.pl\/przedszkole\/wp-json\/wp\/v2\/comments?post=9370"}],"version-history":[{"count":1,"href":"https:\/\/przylep.edu.pl\/przedszkole\/wp-json\/wp\/v2\/posts\/9370\/revisions"}],"predecessor-version":[{"id":9375,"href":"https:\/\/przylep.edu.pl\/przedszkole\/wp-json\/wp\/v2\/posts\/9370\/revisions\/9375"}],"wp:featuredmedia":[{"embeddable":true,"href":"https:\/\/przylep.edu.pl\/przedszkole\/wp-json\/wp\/v2\/media\/9374"}],"wp:attachment":[{"href":"https:\/\/przylep.edu.pl\/przedszkole\/wp-json\/wp\/v2\/media?parent=9370"}],"wp:term":[{"taxonomy":"category","embeddable":true,"href":"https:\/\/przylep.edu.pl\/przedszkole\/wp-json\/wp\/v2\/categories?post=9370"},{"taxonomy":"post_tag","embeddable":true,"href":"https:\/\/przylep.edu.pl\/przedszkole\/wp-json\/wp\/v2\/tags?post=9370"}],"curies":[{"name":"wp","href":"https:\/\/api.w.org\/{rel}","templated":true}]}}