{"id":9355,"date":"2023-10-15T20:51:23","date_gmt":"2023-10-15T18:51:23","guid":{"rendered":"https:\/\/przylep.edu.pl\/przedszkole\/?p=9355"},"modified":"2023-10-24T21:06:31","modified_gmt":"2023-10-24T19:06:31","slug":"pasowanie-na-ucznia","status":"publish","type":"post","link":"https:\/\/przylep.edu.pl\/przedszkole\/2023\/10\/15\/pasowanie-na-ucznia\/","title":{"rendered":"Pasowanie na ucznia"},"content":{"rendered":"\n<p><br>W pi\u0105tek 13 pa\u017adziernika 2023r. odby\u0142o si\u0119 niezwykle wa\u017cne wydarzenie dla szkolnej spo\u0142eczno\u015bci \u2013 pasowanie na ucznia. Pierwszoklasi\u015bci zaprezentowali program artystyczny, doskonale poradzili sobie z powierzonymi zadaniami. Z\u0142o\u017cyli uroczyste \u015blubowanie. Pani Dyrektor Iwona Wierzbicka pasowa\u0142a dzieci na uczni\u00f3w poprzez symboliczne dotkni\u0119cie ramienia o\u0142\u00f3wkiem. Pierwszoklasi\u015bci s\u0105 ju\u017c pe\u0142noprawnymi uczniami Zespo\u0142u Szkolno-Przedszkolnego.<br>W emocjonuj\u0105cym dniu towarzyszyli dzieciom zaproszeni go\u015bcie: p. W\u00f3jt Ma\u0142gorzata Szwarc, p. Dyrektor Iwona Wierzbicka, p. Wicedyrektor  Iwona Po\u015bli\u0144ska, p. Przewodnicz\u0105ca Rady Rodzic\u00f3w Barbara Romankiewicz, rodzice, pracownicy plac\u00f3wki.<br>Po uroczysto\u015bci i pocz\u0119stunku, uczniowie wraz z rodzicami posadzili ro\u015bliny w otoczeniu szko\u0142y.<br>Pierwszoklasi\u015bci!<br>W imieniu spo\u0142eczno\u015bci ZSP w Przylepie \u017cyczymy Wam ma\u0142ych i wielkich sukces\u00f3w!<\/p>\n\n\n\n<figure class=\"wp-block-image size-large\"><img loading=\"lazy\" decoding=\"async\" width=\"1024\" height=\"691\" src=\"https:\/\/przylep.edu.pl\/przedszkole\/wp-content\/uploads\/2023\/10\/395135731_1024198589000894_2780521924680227244_n-1024x691.jpg\" alt=\"\" class=\"wp-image-9357\" srcset=\"https:\/\/przylep.edu.pl\/przedszkole\/wp-content\/uploads\/2023\/10\/395135731_1024198589000894_2780521924680227244_n-1024x691.jpg 1024w, https:\/\/przylep.edu.pl\/przedszkole\/wp-content\/uploads\/2023\/10\/395135731_1024198589000894_2780521924680227244_n-300x202.jpg 300w, https:\/\/przylep.edu.pl\/przedszkole\/wp-content\/uploads\/2023\/10\/395135731_1024198589000894_2780521924680227244_n-768x518.jpg 768w, https:\/\/przylep.edu.pl\/przedszkole\/wp-content\/uploads\/2023\/10\/395135731_1024198589000894_2780521924680227244_n-1536x1036.jpg 1536w, https:\/\/przylep.edu.pl\/przedszkole\/wp-content\/uploads\/2023\/10\/395135731_1024198589000894_2780521924680227244_n-2048x1381.jpg 2048w\" sizes=\"auto, (max-width: 1024px) 100vw, 1024px\" \/><\/figure>\n\n\n\n<figure class=\"wp-block-image size-large\"><img loading=\"lazy\" decoding=\"async\" width=\"1024\" height=\"708\" src=\"https:\/\/przylep.edu.pl\/przedszkole\/wp-content\/uploads\/2023\/10\/395592893_672302201541803_4074237833171565518_n-1024x708.jpg\" alt=\"\" class=\"wp-image-9358\" srcset=\"https:\/\/przylep.edu.pl\/przedszkole\/wp-content\/uploads\/2023\/10\/395592893_672302201541803_4074237833171565518_n-1024x708.jpg 1024w, https:\/\/przylep.edu.pl\/przedszkole\/wp-content\/uploads\/2023\/10\/395592893_672302201541803_4074237833171565518_n-300x207.jpg 300w, https:\/\/przylep.edu.pl\/przedszkole\/wp-content\/uploads\/2023\/10\/395592893_672302201541803_4074237833171565518_n-768x531.jpg 768w, https:\/\/przylep.edu.pl\/przedszkole\/wp-content\/uploads\/2023\/10\/395592893_672302201541803_4074237833171565518_n-1536x1062.jpg 1536w, https:\/\/przylep.edu.pl\/przedszkole\/wp-content\/uploads\/2023\/10\/395592893_672302201541803_4074237833171565518_n-2048x1416.jpg 2048w\" sizes=\"auto, (max-width: 1024px) 100vw, 1024px\" \/><\/figure>\n\n\n\n<figure class=\"wp-block-image size-large\"><img loading=\"lazy\" decoding=\"async\" width=\"1024\" height=\"683\" src=\"https:\/\/przylep.edu.pl\/przedszkole\/wp-content\/uploads\/2023\/10\/395318954_897680708543367_3272034265260947059_n-1024x683.jpg\" alt=\"\" class=\"wp-image-9359\" srcset=\"https:\/\/przylep.edu.pl\/przedszkole\/wp-content\/uploads\/2023\/10\/395318954_897680708543367_3272034265260947059_n-1024x683.jpg 1024w, https:\/\/przylep.edu.pl\/przedszkole\/wp-content\/uploads\/2023\/10\/395318954_897680708543367_3272034265260947059_n-300x200.jpg 300w, https:\/\/przylep.edu.pl\/przedszkole\/wp-content\/uploads\/2023\/10\/395318954_897680708543367_3272034265260947059_n-768x512.jpg 768w, https:\/\/przylep.edu.pl\/przedszkole\/wp-content\/uploads\/2023\/10\/395318954_897680708543367_3272034265260947059_n-1536x1024.jpg 1536w, https:\/\/przylep.edu.pl\/przedszkole\/wp-content\/uploads\/2023\/10\/395318954_897680708543367_3272034265260947059_n-2048x1365.jpg 2048w\" sizes=\"auto, (max-width: 1024px) 100vw, 1024px\" \/><\/figure>\n\n\n\n<figure class=\"wp-block-image size-large\"><img loading=\"lazy\" decoding=\"async\" width=\"1024\" height=\"768\" src=\"https:\/\/przylep.edu.pl\/przedszkole\/wp-content\/uploads\/2023\/10\/395468397_3004681289667757_5412156424350653151_n-1024x768.jpg\" alt=\"\" class=\"wp-image-9360\" srcset=\"https:\/\/przylep.edu.pl\/przedszkole\/wp-content\/uploads\/2023\/10\/395468397_3004681289667757_5412156424350653151_n-1024x768.jpg 1024w, https:\/\/przylep.edu.pl\/przedszkole\/wp-content\/uploads\/2023\/10\/395468397_3004681289667757_5412156424350653151_n-300x225.jpg 300w, https:\/\/przylep.edu.pl\/przedszkole\/wp-content\/uploads\/2023\/10\/395468397_3004681289667757_5412156424350653151_n-768x576.jpg 768w, https:\/\/przylep.edu.pl\/przedszkole\/wp-content\/uploads\/2023\/10\/395468397_3004681289667757_5412156424350653151_n-1536x1152.jpg 1536w, https:\/\/przylep.edu.pl\/przedszkole\/wp-content\/uploads\/2023\/10\/395468397_3004681289667757_5412156424350653151_n-2048x1536.jpg 2048w, https:\/\/przylep.edu.pl\/przedszkole\/wp-content\/uploads\/2023\/10\/395468397_3004681289667757_5412156424350653151_n-600x450.jpg 600w\" sizes=\"auto, (max-width: 1024px) 100vw, 1024px\" \/><\/figure>\n","protected":false},"excerpt":{"rendered":"<p>W pi\u0105tek 13 pa\u017adziernika 2023r. odby\u0142o si\u0119 niezwykle wa\u017cne wydarzenie dla szkolnej spo\u0142eczno\u015bci \u2013 pasowanie na ucznia. Pierwszoklasi\u015bci zaprezentowali program artystyczny, doskonale poradzili sobie z powierzonymi zadaniami. Z\u0142o\u017cyli uroczyste \u015blubowanie. Pani Dyrektor Iwona Wierzbicka pasowa\u0142a dzieci na uczni\u00f3w poprzez symboliczne dotkni\u0119cie ramienia o\u0142\u00f3wkiem. Pierwszoklasi\u015bci s\u0105 ju\u017c pe\u0142noprawnymi uczniami Zespo\u0142u Szkolno-Przedszkolnego.W emocjonuj\u0105cym dniu towarzyszyli dzieciom zaproszeni [&hellip;]<\/p>\n","protected":false},"author":2,"featured_media":9356,"comment_status":"closed","ping_status":"open","sticky":false,"template":"","format":"standard","meta":{"footnotes":""},"categories":[45,41,40],"tags":[],"class_list":["post-9355","post","type-post","status-publish","format-standard","has-post-thumbnail","hentry","category-aktualnosci","category-galerie","category-strona-glowna"],"_links":{"self":[{"href":"https:\/\/przylep.edu.pl\/przedszkole\/wp-json\/wp\/v2\/posts\/9355","targetHints":{"allow":["GET"]}}],"collection":[{"href":"https:\/\/przylep.edu.pl\/przedszkole\/wp-json\/wp\/v2\/posts"}],"about":[{"href":"https:\/\/przylep.edu.pl\/przedszkole\/wp-json\/wp\/v2\/types\/post"}],"author":[{"embeddable":true,"href":"https:\/\/przylep.edu.pl\/przedszkole\/wp-json\/wp\/v2\/users\/2"}],"replies":[{"embeddable":true,"href":"https:\/\/przylep.edu.pl\/przedszkole\/wp-json\/wp\/v2\/comments?post=9355"}],"version-history":[{"count":1,"href":"https:\/\/przylep.edu.pl\/przedszkole\/wp-json\/wp\/v2\/posts\/9355\/revisions"}],"predecessor-version":[{"id":9361,"href":"https:\/\/przylep.edu.pl\/przedszkole\/wp-json\/wp\/v2\/posts\/9355\/revisions\/9361"}],"wp:featuredmedia":[{"embeddable":true,"href":"https:\/\/przylep.edu.pl\/przedszkole\/wp-json\/wp\/v2\/media\/9356"}],"wp:attachment":[{"href":"https:\/\/przylep.edu.pl\/przedszkole\/wp-json\/wp\/v2\/media?parent=9355"}],"wp:term":[{"taxonomy":"category","embeddable":true,"href":"https:\/\/przylep.edu.pl\/przedszkole\/wp-json\/wp\/v2\/categories?post=9355"},{"taxonomy":"post_tag","embeddable":true,"href":"https:\/\/przylep.edu.pl\/przedszkole\/wp-json\/wp\/v2\/tags?post=9355"}],"curies":[{"name":"wp","href":"https:\/\/api.w.org\/{rel}","templated":true}]}}