{"id":9345,"date":"2023-10-21T20:08:28","date_gmt":"2023-10-21T18:08:28","guid":{"rendered":"https:\/\/przylep.edu.pl\/przedszkole\/?p=9345"},"modified":"2023-10-24T20:45:36","modified_gmt":"2023-10-24T18:45:36","slug":"wycieczka-do-chlebowego-domu-w-marianowie-2","status":"publish","type":"post","link":"https:\/\/przylep.edu.pl\/przedszkole\/2023\/10\/21\/wycieczka-do-chlebowego-domu-w-marianowie-2\/","title":{"rendered":"Wycieczka do Chlebowego Domu w Marianowie"},"content":{"rendered":"\n<p>18 pa\u017adziernika grupy srebrna i limonkowa wyjecha\u0142y na pierwsz\u0105 w tym roku szkolnym wycieczk\u0119.  Celem wycieczki by\u0142 Chlebowy Dom w Marianowie. <\/p>\n\n\n\n<p>Na miejscu na dzieci czeka\u0142y warsztaty z pieczenia r\u00f3\u017cnych wyrob\u00f3w piekarniczo-ciastkarskich z przygotowanych wcze\u015bniej ciast oraz degustacja w\u0142asnor\u0119cznie wykonanych wypiek\u00f3w.  Du\u017c\u0105 niespodziank\u0105 by\u0142a przeja\u017cd\u017cka pojazdem wycieczkowo-spacerowym po Marianowie. Z pe\u0142nymi koszykami pachn\u0105cych wypiek\u00f3w zadowolone przedszkolaki wr\u00f3ci\u0142y do przedszkola. <\/p>\n\n\n\n<figure class=\"wp-block-gallery has-nested-images columns-default is-cropped wp-block-gallery-1 is-layout-flex wp-block-gallery-is-layout-flex\">\n<figure class=\"wp-block-image size-large\"><img loading=\"lazy\" decoding=\"async\" width=\"768\" height=\"1024\" data-id=\"9346\" src=\"https:\/\/przylep.edu.pl\/przedszkole\/wp-content\/uploads\/2023\/10\/393584866_6750131261701831_4844269284042873540_n-768x1024.jpg\" alt=\"\" class=\"wp-image-9346\" srcset=\"https:\/\/przylep.edu.pl\/przedszkole\/wp-content\/uploads\/2023\/10\/393584866_6750131261701831_4844269284042873540_n-768x1024.jpg 768w, https:\/\/przylep.edu.pl\/przedszkole\/wp-content\/uploads\/2023\/10\/393584866_6750131261701831_4844269284042873540_n-225x300.jpg 225w, https:\/\/przylep.edu.pl\/przedszkole\/wp-content\/uploads\/2023\/10\/393584866_6750131261701831_4844269284042873540_n-1152x1536.jpg 1152w, https:\/\/przylep.edu.pl\/przedszkole\/wp-content\/uploads\/2023\/10\/393584866_6750131261701831_4844269284042873540_n.jpg 1536w\" sizes=\"auto, (max-width: 768px) 100vw, 768px\" \/><\/figure>\n<\/figure>\n\n\n\n<figure class=\"wp-block-gallery has-nested-images columns-default is-cropped wp-block-gallery-2 is-layout-flex wp-block-gallery-is-layout-flex\">\n<figure class=\"wp-block-image size-large\"><img loading=\"lazy\" decoding=\"async\" width=\"768\" height=\"1024\" data-id=\"9348\" src=\"https:\/\/przylep.edu.pl\/przedszkole\/wp-content\/uploads\/2023\/10\/393665856_6750142238367400_6056593541422077562_n-768x1024.jpg\" alt=\"\" class=\"wp-image-9348\" srcset=\"https:\/\/przylep.edu.pl\/przedszkole\/wp-content\/uploads\/2023\/10\/393665856_6750142238367400_6056593541422077562_n-768x1024.jpg 768w, https:\/\/przylep.edu.pl\/przedszkole\/wp-content\/uploads\/2023\/10\/393665856_6750142238367400_6056593541422077562_n-225x300.jpg 225w, https:\/\/przylep.edu.pl\/przedszkole\/wp-content\/uploads\/2023\/10\/393665856_6750142238367400_6056593541422077562_n-1152x1536.jpg 1152w, https:\/\/przylep.edu.pl\/przedszkole\/wp-content\/uploads\/2023\/10\/393665856_6750142238367400_6056593541422077562_n.jpg 1536w\" sizes=\"auto, (max-width: 768px) 100vw, 768px\" \/><\/figure>\n\n\n\n<figure class=\"wp-block-image size-large\"><img loading=\"lazy\" decoding=\"async\" width=\"768\" height=\"1024\" data-id=\"9347\" src=\"https:\/\/przylep.edu.pl\/przedszkole\/wp-content\/uploads\/2023\/10\/393676317_6750134645034826_2704171922451175659_n-768x1024.jpg\" alt=\"\" class=\"wp-image-9347\" srcset=\"https:\/\/przylep.edu.pl\/przedszkole\/wp-content\/uploads\/2023\/10\/393676317_6750134645034826_2704171922451175659_n-768x1024.jpg 768w, https:\/\/przylep.edu.pl\/przedszkole\/wp-content\/uploads\/2023\/10\/393676317_6750134645034826_2704171922451175659_n-225x300.jpg 225w, https:\/\/przylep.edu.pl\/przedszkole\/wp-content\/uploads\/2023\/10\/393676317_6750134645034826_2704171922451175659_n-1152x1536.jpg 1152w, https:\/\/przylep.edu.pl\/przedszkole\/wp-content\/uploads\/2023\/10\/393676317_6750134645034826_2704171922451175659_n.jpg 1536w\" sizes=\"auto, (max-width: 768px) 100vw, 768px\" \/><\/figure>\n<\/figure>\n\n\n\n<figure class=\"wp-block-gallery has-nested-images columns-default is-cropped wp-block-gallery-3 is-layout-flex wp-block-gallery-is-layout-flex\">\n<figure class=\"wp-block-image size-large\"><img loading=\"lazy\" decoding=\"async\" width=\"768\" height=\"1024\" data-id=\"9350\" src=\"https:\/\/przylep.edu.pl\/przedszkole\/wp-content\/uploads\/2023\/10\/393629585_6750138665034424_1653072349885976042_n-768x1024.jpg\" alt=\"\" class=\"wp-image-9350\" srcset=\"https:\/\/przylep.edu.pl\/przedszkole\/wp-content\/uploads\/2023\/10\/393629585_6750138665034424_1653072349885976042_n-768x1024.jpg 768w, https:\/\/przylep.edu.pl\/przedszkole\/wp-content\/uploads\/2023\/10\/393629585_6750138665034424_1653072349885976042_n-225x300.jpg 225w, https:\/\/przylep.edu.pl\/przedszkole\/wp-content\/uploads\/2023\/10\/393629585_6750138665034424_1653072349885976042_n-1152x1536.jpg 1152w, https:\/\/przylep.edu.pl\/przedszkole\/wp-content\/uploads\/2023\/10\/393629585_6750138665034424_1653072349885976042_n.jpg 1536w\" sizes=\"auto, (max-width: 768px) 100vw, 768px\" \/><\/figure>\n\n\n\n<figure class=\"wp-block-image size-large\"><img loading=\"lazy\" decoding=\"async\" width=\"768\" height=\"1024\" data-id=\"9349\" src=\"https:\/\/przylep.edu.pl\/przedszkole\/wp-content\/uploads\/2023\/10\/393708956_6750135448368079_353060014327451808_n-768x1024.jpg\" alt=\"\" class=\"wp-image-9349\" srcset=\"https:\/\/przylep.edu.pl\/przedszkole\/wp-content\/uploads\/2023\/10\/393708956_6750135448368079_353060014327451808_n-768x1024.jpg 768w, https:\/\/przylep.edu.pl\/przedszkole\/wp-content\/uploads\/2023\/10\/393708956_6750135448368079_353060014327451808_n-225x300.jpg 225w, https:\/\/przylep.edu.pl\/przedszkole\/wp-content\/uploads\/2023\/10\/393708956_6750135448368079_353060014327451808_n-1152x1536.jpg 1152w, https:\/\/przylep.edu.pl\/przedszkole\/wp-content\/uploads\/2023\/10\/393708956_6750135448368079_353060014327451808_n.jpg 1536w\" sizes=\"auto, (max-width: 768px) 100vw, 768px\" \/><\/figure>\n<\/figure>\n\n\n\n<figure class=\"wp-block-image size-large\"><img loading=\"lazy\" decoding=\"async\" width=\"1024\" height=\"768\" src=\"https:\/\/przylep.edu.pl\/przedszkole\/wp-content\/uploads\/2023\/10\/393638308_6750143211700636_3323429351833193540_n-1024x768.jpg\" alt=\"\" class=\"wp-image-9351\" srcset=\"https:\/\/przylep.edu.pl\/przedszkole\/wp-content\/uploads\/2023\/10\/393638308_6750143211700636_3323429351833193540_n-1024x768.jpg 1024w, https:\/\/przylep.edu.pl\/przedszkole\/wp-content\/uploads\/2023\/10\/393638308_6750143211700636_3323429351833193540_n-300x225.jpg 300w, https:\/\/przylep.edu.pl\/przedszkole\/wp-content\/uploads\/2023\/10\/393638308_6750143211700636_3323429351833193540_n-768x576.jpg 768w, https:\/\/przylep.edu.pl\/przedszkole\/wp-content\/uploads\/2023\/10\/393638308_6750143211700636_3323429351833193540_n-1536x1152.jpg 1536w, https:\/\/przylep.edu.pl\/przedszkole\/wp-content\/uploads\/2023\/10\/393638308_6750143211700636_3323429351833193540_n-600x450.jpg 600w, https:\/\/przylep.edu.pl\/przedszkole\/wp-content\/uploads\/2023\/10\/393638308_6750143211700636_3323429351833193540_n.jpg 2048w\" sizes=\"auto, (max-width: 1024px) 100vw, 1024px\" \/><\/figure>\n\n\n\n<figure class=\"wp-block-gallery has-nested-images columns-default is-cropped wp-block-gallery-4 is-layout-flex wp-block-gallery-is-layout-flex\">\n<figure class=\"wp-block-image size-large\"><img loading=\"lazy\" decoding=\"async\" width=\"1024\" height=\"768\" data-id=\"9352\" src=\"https:\/\/przylep.edu.pl\/przedszkole\/wp-content\/uploads\/2023\/10\/393592682_6750131035035187_3007843697588031089_n-1024x768.jpg\" alt=\"\" class=\"wp-image-9352\" srcset=\"https:\/\/przylep.edu.pl\/przedszkole\/wp-content\/uploads\/2023\/10\/393592682_6750131035035187_3007843697588031089_n-1024x768.jpg 1024w, https:\/\/przylep.edu.pl\/przedszkole\/wp-content\/uploads\/2023\/10\/393592682_6750131035035187_3007843697588031089_n-300x225.jpg 300w, https:\/\/przylep.edu.pl\/przedszkole\/wp-content\/uploads\/2023\/10\/393592682_6750131035035187_3007843697588031089_n-768x576.jpg 768w, https:\/\/przylep.edu.pl\/przedszkole\/wp-content\/uploads\/2023\/10\/393592682_6750131035035187_3007843697588031089_n-1536x1152.jpg 1536w, https:\/\/przylep.edu.pl\/przedszkole\/wp-content\/uploads\/2023\/10\/393592682_6750131035035187_3007843697588031089_n-600x450.jpg 600w, https:\/\/przylep.edu.pl\/przedszkole\/wp-content\/uploads\/2023\/10\/393592682_6750131035035187_3007843697588031089_n.jpg 2048w\" sizes=\"auto, (max-width: 1024px) 100vw, 1024px\" \/><\/figure>\n<\/figure>\n","protected":false},"excerpt":{"rendered":"<p>18 pa\u017adziernika grupy srebrna i limonkowa wyjecha\u0142y na pierwsz\u0105 w tym roku szkolnym wycieczk\u0119. Celem wycieczki by\u0142 Chlebowy Dom w Marianowie. Na miejscu na dzieci czeka\u0142y warsztaty z pieczenia r\u00f3\u017cnych wyrob\u00f3w piekarniczo-ciastkarskich z przygotowanych wcze\u015bniej ciast oraz degustacja w\u0142asnor\u0119cznie wykonanych wypiek\u00f3w. Du\u017c\u0105 niespodziank\u0105 by\u0142a przeja\u017cd\u017cka pojazdem wycieczkowo-spacerowym po Marianowie. Z pe\u0142nymi koszykami pachn\u0105cych wypiek\u00f3w zadowolone [&hellip;]<\/p>\n","protected":false},"author":2,"featured_media":9353,"comment_status":"closed","ping_status":"open","sticky":false,"template":"","format":"standard","meta":{"footnotes":""},"categories":[45,41,40],"tags":[],"class_list":["post-9345","post","type-post","status-publish","format-standard","has-post-thumbnail","hentry","category-aktualnosci","category-galerie","category-strona-glowna"],"_links":{"self":[{"href":"https:\/\/przylep.edu.pl\/przedszkole\/wp-json\/wp\/v2\/posts\/9345","targetHints":{"allow":["GET"]}}],"collection":[{"href":"https:\/\/przylep.edu.pl\/przedszkole\/wp-json\/wp\/v2\/posts"}],"about":[{"href":"https:\/\/przylep.edu.pl\/przedszkole\/wp-json\/wp\/v2\/types\/post"}],"author":[{"embeddable":true,"href":"https:\/\/przylep.edu.pl\/przedszkole\/wp-json\/wp\/v2\/users\/2"}],"replies":[{"embeddable":true,"href":"https:\/\/przylep.edu.pl\/przedszkole\/wp-json\/wp\/v2\/comments?post=9345"}],"version-history":[{"count":1,"href":"https:\/\/przylep.edu.pl\/przedszkole\/wp-json\/wp\/v2\/posts\/9345\/revisions"}],"predecessor-version":[{"id":9354,"href":"https:\/\/przylep.edu.pl\/przedszkole\/wp-json\/wp\/v2\/posts\/9345\/revisions\/9354"}],"wp:featuredmedia":[{"embeddable":true,"href":"https:\/\/przylep.edu.pl\/przedszkole\/wp-json\/wp\/v2\/media\/9353"}],"wp:attachment":[{"href":"https:\/\/przylep.edu.pl\/przedszkole\/wp-json\/wp\/v2\/media?parent=9345"}],"wp:term":[{"taxonomy":"category","embeddable":true,"href":"https:\/\/przylep.edu.pl\/przedszkole\/wp-json\/wp\/v2\/categories?post=9345"},{"taxonomy":"post_tag","embeddable":true,"href":"https:\/\/przylep.edu.pl\/przedszkole\/wp-json\/wp\/v2\/tags?post=9345"}],"curies":[{"name":"wp","href":"https:\/\/api.w.org\/{rel}","templated":true}]}}