{"id":9338,"date":"2023-10-21T17:04:45","date_gmt":"2023-10-21T15:04:45","guid":{"rendered":"https:\/\/przylep.edu.pl\/przedszkole\/?p=9338"},"modified":"2023-10-21T17:04:46","modified_gmt":"2023-10-21T15:04:46","slug":"dzien-edukacji-narodowej-2","status":"publish","type":"post","link":"https:\/\/przylep.edu.pl\/przedszkole\/2023\/10\/21\/dzien-edukacji-narodowej-2\/","title":{"rendered":"Dzie\u0144 Edukacji Narodowej"},"content":{"rendered":"\n<p>Dzie\u0144 Edukacji Narodowej, to wyj\u0105tkowy dzie\u0144 dla wszystkich pracownik\u00f3w o\u015bwiaty.<\/p>\n\n\n\n<p>Nasze przedszkolaki chcia\u0142y r\u00f3wnie\u017c podzi\u0119kowa\u0107 w tym dniu swoim ukochanym Paniom i pracownikom przedszkola  i szko\u0142y za trud w\u0142o\u017cony w ich wychowanie, za opiek\u0119, dobre rady, czyste sale, wszystkie naprawy oraz smaczne posi\u0142ki. S\u0142owa tych podzi\u0119kowa\u0144 by\u0142y w wierszach i piosenkach przygotowanych na t\u0119 uroczysto\u015b\u0107 przez grup\u0119 limonkow\u0105. <\/p>\n\n\n\n<p>Po cz\u0119\u015bci artystycznej g\u0142os zabra\u0142a Pani Dyrektor Iwona Wierzbicka, kt\u00f3ra  \u017cyczy\u0142a wszystkim zdrowia, rado\u015bci z wykonywanej pracy.<\/p>\n\n\n\n<figure class=\"wp-block-image size-large\"><img loading=\"lazy\" decoding=\"async\" width=\"1024\" height=\"577\" src=\"https:\/\/przylep.edu.pl\/przedszkole\/wp-content\/uploads\/2023\/10\/368558842_3595622657426697_615934928136838336_n-1024x577.jpg\" alt=\"\" class=\"wp-image-9339\" srcset=\"https:\/\/przylep.edu.pl\/przedszkole\/wp-content\/uploads\/2023\/10\/368558842_3595622657426697_615934928136838336_n-1024x577.jpg 1024w, https:\/\/przylep.edu.pl\/przedszkole\/wp-content\/uploads\/2023\/10\/368558842_3595622657426697_615934928136838336_n-300x169.jpg 300w, https:\/\/przylep.edu.pl\/przedszkole\/wp-content\/uploads\/2023\/10\/368558842_3595622657426697_615934928136838336_n-768x432.jpg 768w, https:\/\/przylep.edu.pl\/przedszkole\/wp-content\/uploads\/2023\/10\/368558842_3595622657426697_615934928136838336_n-1536x865.jpg 1536w, https:\/\/przylep.edu.pl\/przedszkole\/wp-content\/uploads\/2023\/10\/368558842_3595622657426697_615934928136838336_n.jpg 2048w\" sizes=\"auto, (max-width: 1024px) 100vw, 1024px\" \/><\/figure>\n\n\n\n<figure class=\"wp-block-image size-large\"><img loading=\"lazy\" decoding=\"async\" width=\"1024\" height=\"577\" src=\"https:\/\/przylep.edu.pl\/przedszkole\/wp-content\/uploads\/2023\/10\/387652031_1416312778952403_8232945148537337366_n-1024x577.jpg\" alt=\"\" class=\"wp-image-9340\" srcset=\"https:\/\/przylep.edu.pl\/przedszkole\/wp-content\/uploads\/2023\/10\/387652031_1416312778952403_8232945148537337366_n-1024x577.jpg 1024w, https:\/\/przylep.edu.pl\/przedszkole\/wp-content\/uploads\/2023\/10\/387652031_1416312778952403_8232945148537337366_n-300x169.jpg 300w, https:\/\/przylep.edu.pl\/przedszkole\/wp-content\/uploads\/2023\/10\/387652031_1416312778952403_8232945148537337366_n-768x432.jpg 768w, https:\/\/przylep.edu.pl\/przedszkole\/wp-content\/uploads\/2023\/10\/387652031_1416312778952403_8232945148537337366_n-1536x865.jpg 1536w, https:\/\/przylep.edu.pl\/przedszkole\/wp-content\/uploads\/2023\/10\/387652031_1416312778952403_8232945148537337366_n.jpg 2048w\" sizes=\"auto, (max-width: 1024px) 100vw, 1024px\" \/><\/figure>\n\n\n\n<figure class=\"wp-block-image size-large\"><img loading=\"lazy\" decoding=\"async\" width=\"1024\" height=\"577\" src=\"https:\/\/przylep.edu.pl\/przedszkole\/wp-content\/uploads\/2023\/10\/387536691_333425729072276_463015552711797137_n-1024x577.jpg\" alt=\"\" class=\"wp-image-9341\" srcset=\"https:\/\/przylep.edu.pl\/przedszkole\/wp-content\/uploads\/2023\/10\/387536691_333425729072276_463015552711797137_n-1024x577.jpg 1024w, https:\/\/przylep.edu.pl\/przedszkole\/wp-content\/uploads\/2023\/10\/387536691_333425729072276_463015552711797137_n-300x169.jpg 300w, https:\/\/przylep.edu.pl\/przedszkole\/wp-content\/uploads\/2023\/10\/387536691_333425729072276_463015552711797137_n-768x432.jpg 768w, https:\/\/przylep.edu.pl\/przedszkole\/wp-content\/uploads\/2023\/10\/387536691_333425729072276_463015552711797137_n-1536x865.jpg 1536w, https:\/\/przylep.edu.pl\/przedszkole\/wp-content\/uploads\/2023\/10\/387536691_333425729072276_463015552711797137_n.jpg 2048w\" sizes=\"auto, (max-width: 1024px) 100vw, 1024px\" \/><\/figure>\n\n\n\n<figure class=\"wp-block-gallery has-nested-images columns-default is-cropped wp-block-gallery-1 is-layout-flex wp-block-gallery-is-layout-flex\">\n<figure class=\"wp-block-image size-large\"><img loading=\"lazy\" decoding=\"async\" width=\"1024\" height=\"577\" data-id=\"9342\" src=\"https:\/\/przylep.edu.pl\/przedszkole\/wp-content\/uploads\/2023\/10\/370279205_832369735559502_7885438469701077364_n-1024x577.jpg\" alt=\"\" class=\"wp-image-9342\" srcset=\"https:\/\/przylep.edu.pl\/przedszkole\/wp-content\/uploads\/2023\/10\/370279205_832369735559502_7885438469701077364_n-1024x577.jpg 1024w, https:\/\/przylep.edu.pl\/przedszkole\/wp-content\/uploads\/2023\/10\/370279205_832369735559502_7885438469701077364_n-300x169.jpg 300w, https:\/\/przylep.edu.pl\/przedszkole\/wp-content\/uploads\/2023\/10\/370279205_832369735559502_7885438469701077364_n-768x432.jpg 768w, https:\/\/przylep.edu.pl\/przedszkole\/wp-content\/uploads\/2023\/10\/370279205_832369735559502_7885438469701077364_n-1536x865.jpg 1536w, https:\/\/przylep.edu.pl\/przedszkole\/wp-content\/uploads\/2023\/10\/370279205_832369735559502_7885438469701077364_n.jpg 2048w\" sizes=\"auto, (max-width: 1024px) 100vw, 1024px\" \/><\/figure>\n<\/figure>\n","protected":false},"excerpt":{"rendered":"<p>Dzie\u0144 Edukacji Narodowej, to wyj\u0105tkowy dzie\u0144 dla wszystkich pracownik\u00f3w o\u015bwiaty. Nasze przedszkolaki chcia\u0142y r\u00f3wnie\u017c podzi\u0119kowa\u0107 w tym dniu swoim ukochanym Paniom i pracownikom przedszkola i szko\u0142y za trud w\u0142o\u017cony w ich wychowanie, za opiek\u0119, dobre rady, czyste sale, wszystkie naprawy oraz smaczne posi\u0142ki. S\u0142owa tych podzi\u0119kowa\u0144 by\u0142y w wierszach i piosenkach przygotowanych na t\u0119 uroczysto\u015b\u0107 [&hellip;]<\/p>\n","protected":false},"author":2,"featured_media":9343,"comment_status":"closed","ping_status":"open","sticky":false,"template":"","format":"standard","meta":{"footnotes":""},"categories":[45,41,40],"tags":[],"class_list":["post-9338","post","type-post","status-publish","format-standard","has-post-thumbnail","hentry","category-aktualnosci","category-galerie","category-strona-glowna"],"_links":{"self":[{"href":"https:\/\/przylep.edu.pl\/przedszkole\/wp-json\/wp\/v2\/posts\/9338","targetHints":{"allow":["GET"]}}],"collection":[{"href":"https:\/\/przylep.edu.pl\/przedszkole\/wp-json\/wp\/v2\/posts"}],"about":[{"href":"https:\/\/przylep.edu.pl\/przedszkole\/wp-json\/wp\/v2\/types\/post"}],"author":[{"embeddable":true,"href":"https:\/\/przylep.edu.pl\/przedszkole\/wp-json\/wp\/v2\/users\/2"}],"replies":[{"embeddable":true,"href":"https:\/\/przylep.edu.pl\/przedszkole\/wp-json\/wp\/v2\/comments?post=9338"}],"version-history":[{"count":1,"href":"https:\/\/przylep.edu.pl\/przedszkole\/wp-json\/wp\/v2\/posts\/9338\/revisions"}],"predecessor-version":[{"id":9344,"href":"https:\/\/przylep.edu.pl\/przedszkole\/wp-json\/wp\/v2\/posts\/9338\/revisions\/9344"}],"wp:featuredmedia":[{"embeddable":true,"href":"https:\/\/przylep.edu.pl\/przedszkole\/wp-json\/wp\/v2\/media\/9343"}],"wp:attachment":[{"href":"https:\/\/przylep.edu.pl\/przedszkole\/wp-json\/wp\/v2\/media?parent=9338"}],"wp:term":[{"taxonomy":"category","embeddable":true,"href":"https:\/\/przylep.edu.pl\/przedszkole\/wp-json\/wp\/v2\/categories?post=9338"},{"taxonomy":"post_tag","embeddable":true,"href":"https:\/\/przylep.edu.pl\/przedszkole\/wp-json\/wp\/v2\/tags?post=9338"}],"curies":[{"name":"wp","href":"https:\/\/api.w.org\/{rel}","templated":true}]}}