{"id":9300,"date":"2023-09-25T19:04:52","date_gmt":"2023-09-25T17:04:52","guid":{"rendered":"https:\/\/przylep.edu.pl\/przedszkole\/?p=9300"},"modified":"2023-10-08T19:12:48","modified_gmt":"2023-10-08T17:12:48","slug":"powitanie-jesieni-w-szkole","status":"publish","type":"post","link":"https:\/\/przylep.edu.pl\/przedszkole\/2023\/09\/25\/powitanie-jesieni-w-szkole\/","title":{"rendered":"Powitanie jesieni w szkole"},"content":{"rendered":"\n<p>22 wrze\u015bnia w naszej szkole po\u017cegnali\u015bmy lato i powitali\u015bmy jesie\u0144. Z tej okazji uczniowie w mieszanych grupach przechodz\u0105c kolejne etapy wykonywali przer\u00f3\u017cne zadania. By\u0142a jesienna matematyka, ziemniaczane wy\u015bcigi, robili\u015bmy kompas i wyznaczali\u015bmy kierunki \u015bwiata, dzieci tworzy\u0142y kompozycje z ziemniaczanych stempli, liczy\u0142y wiek drzew na podstawie ilo\u015bci s\u0142oj\u00f3w, uk\u0142ada\u0142y puzzle i jesienne rymowanki. Na koniec ka\u017cdy ucze\u0144 zabra\u0142 do domu niema\u0142ych rozmiar\u00f3w ziemniaka, z kt\u00f3rego m\u00f3g\u0142 wyczarowa\u0107 \u201eco\u015b\u201d. Serdeczne podzi\u0119kowania dla Rady Rodzic\u00f3w, kt\u00f3ra zebra\u0142a z okolicy wszystkie du\u017ce ziemniaki <img loading=\"lazy\" decoding=\"async\" height=\"16\" width=\"16\" src=\"https:\/\/static.xx.fbcdn.net\/images\/emoji.php\/v9\/ta5\/1.5\/16\/1f642.png\" alt=\"\ud83d\ude42\"><\/p>\n\n\n\n<figure class=\"wp-block-gallery has-nested-images columns-default is-cropped wp-block-gallery-1 is-layout-flex wp-block-gallery-is-layout-flex\">\n<figure class=\"wp-block-image size-large\"><img loading=\"lazy\" decoding=\"async\" width=\"768\" height=\"1024\" data-id=\"9301\" src=\"https:\/\/przylep.edu.pl\/przedszkole\/wp-content\/uploads\/2023\/10\/383314048_1537678553729182_2629501326250687601_n-768x1024.jpg\" alt=\"\" class=\"wp-image-9301\" srcset=\"https:\/\/przylep.edu.pl\/przedszkole\/wp-content\/uploads\/2023\/10\/383314048_1537678553729182_2629501326250687601_n-768x1024.jpg 768w, https:\/\/przylep.edu.pl\/przedszkole\/wp-content\/uploads\/2023\/10\/383314048_1537678553729182_2629501326250687601_n-225x300.jpg 225w, https:\/\/przylep.edu.pl\/przedszkole\/wp-content\/uploads\/2023\/10\/383314048_1537678553729182_2629501326250687601_n-1152x1536.jpg 1152w, https:\/\/przylep.edu.pl\/przedszkole\/wp-content\/uploads\/2023\/10\/383314048_1537678553729182_2629501326250687601_n.jpg 1536w\" sizes=\"auto, (max-width: 768px) 100vw, 768px\" \/><\/figure>\n\n\n\n<figure class=\"wp-block-image size-large\"><img loading=\"lazy\" decoding=\"async\" width=\"768\" height=\"1024\" data-id=\"9302\" src=\"https:\/\/przylep.edu.pl\/przedszkole\/wp-content\/uploads\/2023\/10\/383356667_692273882824062_423434522724298502_n-768x1024.jpg\" alt=\"\" class=\"wp-image-9302\" srcset=\"https:\/\/przylep.edu.pl\/przedszkole\/wp-content\/uploads\/2023\/10\/383356667_692273882824062_423434522724298502_n-768x1024.jpg 768w, https:\/\/przylep.edu.pl\/przedszkole\/wp-content\/uploads\/2023\/10\/383356667_692273882824062_423434522724298502_n-225x300.jpg 225w, https:\/\/przylep.edu.pl\/przedszkole\/wp-content\/uploads\/2023\/10\/383356667_692273882824062_423434522724298502_n-1152x1536.jpg 1152w, https:\/\/przylep.edu.pl\/przedszkole\/wp-content\/uploads\/2023\/10\/383356667_692273882824062_423434522724298502_n.jpg 1536w\" sizes=\"auto, (max-width: 768px) 100vw, 768px\" \/><\/figure>\n<\/figure>\n\n\n\n<figure class=\"wp-block-gallery has-nested-images columns-default is-cropped wp-block-gallery-2 is-layout-flex wp-block-gallery-is-layout-flex\">\n<figure class=\"wp-block-image size-large\"><img loading=\"lazy\" decoding=\"async\" width=\"768\" height=\"1024\" data-id=\"9303\" src=\"https:\/\/przylep.edu.pl\/przedszkole\/wp-content\/uploads\/2023\/10\/383832229_1980386228994008_4428435287348137667_n-768x1024.jpg\" alt=\"\" class=\"wp-image-9303\" srcset=\"https:\/\/przylep.edu.pl\/przedszkole\/wp-content\/uploads\/2023\/10\/383832229_1980386228994008_4428435287348137667_n-768x1024.jpg 768w, https:\/\/przylep.edu.pl\/przedszkole\/wp-content\/uploads\/2023\/10\/383832229_1980386228994008_4428435287348137667_n-225x300.jpg 225w, https:\/\/przylep.edu.pl\/przedszkole\/wp-content\/uploads\/2023\/10\/383832229_1980386228994008_4428435287348137667_n-1152x1536.jpg 1152w, https:\/\/przylep.edu.pl\/przedszkole\/wp-content\/uploads\/2023\/10\/383832229_1980386228994008_4428435287348137667_n.jpg 1536w\" sizes=\"auto, (max-width: 768px) 100vw, 768px\" \/><\/figure>\n\n\n\n<figure class=\"wp-block-image size-large\"><img loading=\"lazy\" decoding=\"async\" width=\"768\" height=\"1024\" data-id=\"9304\" src=\"https:\/\/przylep.edu.pl\/przedszkole\/wp-content\/uploads\/2023\/10\/383915963_862532555492993_7112645526824580237_n-768x1024.jpg\" alt=\"\" class=\"wp-image-9304\" srcset=\"https:\/\/przylep.edu.pl\/przedszkole\/wp-content\/uploads\/2023\/10\/383915963_862532555492993_7112645526824580237_n-768x1024.jpg 768w, https:\/\/przylep.edu.pl\/przedszkole\/wp-content\/uploads\/2023\/10\/383915963_862532555492993_7112645526824580237_n-225x300.jpg 225w, https:\/\/przylep.edu.pl\/przedszkole\/wp-content\/uploads\/2023\/10\/383915963_862532555492993_7112645526824580237_n-1152x1536.jpg 1152w, https:\/\/przylep.edu.pl\/przedszkole\/wp-content\/uploads\/2023\/10\/383915963_862532555492993_7112645526824580237_n.jpg 1536w\" sizes=\"auto, (max-width: 768px) 100vw, 768px\" \/><\/figure>\n<\/figure>\n\n\n\n<figure class=\"wp-block-gallery has-nested-images columns-default is-cropped wp-block-gallery-3 is-layout-flex wp-block-gallery-is-layout-flex\">\n<figure class=\"wp-block-image size-large\"><img loading=\"lazy\" decoding=\"async\" width=\"768\" height=\"1024\" data-id=\"9305\" src=\"https:\/\/przylep.edu.pl\/przedszkole\/wp-content\/uploads\/2023\/10\/384042671_816630696875640_2936480487814582924_n-768x1024.jpg\" alt=\"\" class=\"wp-image-9305\" srcset=\"https:\/\/przylep.edu.pl\/przedszkole\/wp-content\/uploads\/2023\/10\/384042671_816630696875640_2936480487814582924_n-768x1024.jpg 768w, https:\/\/przylep.edu.pl\/przedszkole\/wp-content\/uploads\/2023\/10\/384042671_816630696875640_2936480487814582924_n-225x300.jpg 225w, https:\/\/przylep.edu.pl\/przedszkole\/wp-content\/uploads\/2023\/10\/384042671_816630696875640_2936480487814582924_n-1152x1536.jpg 1152w, https:\/\/przylep.edu.pl\/przedszkole\/wp-content\/uploads\/2023\/10\/384042671_816630696875640_2936480487814582924_n.jpg 1536w\" sizes=\"auto, (max-width: 768px) 100vw, 768px\" \/><\/figure>\n\n\n\n<figure class=\"wp-block-image size-large\"><img loading=\"lazy\" decoding=\"async\" width=\"768\" height=\"1024\" data-id=\"9306\" src=\"https:\/\/przylep.edu.pl\/przedszkole\/wp-content\/uploads\/2023\/10\/384067838_634354918866210_7778315739779396374_n-768x1024.jpg\" alt=\"\" class=\"wp-image-9306\" srcset=\"https:\/\/przylep.edu.pl\/przedszkole\/wp-content\/uploads\/2023\/10\/384067838_634354918866210_7778315739779396374_n-768x1024.jpg 768w, https:\/\/przylep.edu.pl\/przedszkole\/wp-content\/uploads\/2023\/10\/384067838_634354918866210_7778315739779396374_n-225x300.jpg 225w, https:\/\/przylep.edu.pl\/przedszkole\/wp-content\/uploads\/2023\/10\/384067838_634354918866210_7778315739779396374_n-1152x1536.jpg 1152w, https:\/\/przylep.edu.pl\/przedszkole\/wp-content\/uploads\/2023\/10\/384067838_634354918866210_7778315739779396374_n.jpg 1536w\" sizes=\"auto, (max-width: 768px) 100vw, 768px\" \/><\/figure>\n<\/figure>\n","protected":false},"excerpt":{"rendered":"<p>22 wrze\u015bnia w naszej szkole po\u017cegnali\u015bmy lato i powitali\u015bmy jesie\u0144. Z tej okazji uczniowie w mieszanych grupach przechodz\u0105c kolejne etapy wykonywali przer\u00f3\u017cne zadania. By\u0142a jesienna matematyka, ziemniaczane wy\u015bcigi, robili\u015bmy kompas i wyznaczali\u015bmy kierunki \u015bwiata, dzieci tworzy\u0142y kompozycje z ziemniaczanych stempli, liczy\u0142y wiek drzew na podstawie ilo\u015bci s\u0142oj\u00f3w, uk\u0142ada\u0142y puzzle i jesienne rymowanki. Na koniec ka\u017cdy [&hellip;]<\/p>\n","protected":false},"author":2,"featured_media":9307,"comment_status":"closed","ping_status":"open","sticky":false,"template":"","format":"standard","meta":{"footnotes":""},"categories":[45,41,40],"tags":[],"class_list":["post-9300","post","type-post","status-publish","format-standard","has-post-thumbnail","hentry","category-aktualnosci","category-galerie","category-strona-glowna"],"_links":{"self":[{"href":"https:\/\/przylep.edu.pl\/przedszkole\/wp-json\/wp\/v2\/posts\/9300","targetHints":{"allow":["GET"]}}],"collection":[{"href":"https:\/\/przylep.edu.pl\/przedszkole\/wp-json\/wp\/v2\/posts"}],"about":[{"href":"https:\/\/przylep.edu.pl\/przedszkole\/wp-json\/wp\/v2\/types\/post"}],"author":[{"embeddable":true,"href":"https:\/\/przylep.edu.pl\/przedszkole\/wp-json\/wp\/v2\/users\/2"}],"replies":[{"embeddable":true,"href":"https:\/\/przylep.edu.pl\/przedszkole\/wp-json\/wp\/v2\/comments?post=9300"}],"version-history":[{"count":1,"href":"https:\/\/przylep.edu.pl\/przedszkole\/wp-json\/wp\/v2\/posts\/9300\/revisions"}],"predecessor-version":[{"id":9308,"href":"https:\/\/przylep.edu.pl\/przedszkole\/wp-json\/wp\/v2\/posts\/9300\/revisions\/9308"}],"wp:featuredmedia":[{"embeddable":true,"href":"https:\/\/przylep.edu.pl\/przedszkole\/wp-json\/wp\/v2\/media\/9307"}],"wp:attachment":[{"href":"https:\/\/przylep.edu.pl\/przedszkole\/wp-json\/wp\/v2\/media?parent=9300"}],"wp:term":[{"taxonomy":"category","embeddable":true,"href":"https:\/\/przylep.edu.pl\/przedszkole\/wp-json\/wp\/v2\/categories?post=9300"},{"taxonomy":"post_tag","embeddable":true,"href":"https:\/\/przylep.edu.pl\/przedszkole\/wp-json\/wp\/v2\/tags?post=9300"}],"curies":[{"name":"wp","href":"https:\/\/api.w.org\/{rel}","templated":true}]}}