{"id":9281,"date":"2023-09-23T21:05:44","date_gmt":"2023-09-23T19:05:44","guid":{"rendered":"https:\/\/przylep.edu.pl\/przedszkole\/?p=9281"},"modified":"2023-10-07T21:18:03","modified_gmt":"2023-10-07T19:18:03","slug":"witamy-jesien","status":"publish","type":"post","link":"https:\/\/przylep.edu.pl\/przedszkole\/2023\/09\/23\/witamy-jesien\/","title":{"rendered":"Witamy jesie\u0144&#8230;"},"content":{"rendered":"\n<p>W pi\u0105tkowy  poranek \u2013 22 wrze\u015bnia, w progi naszego przedszkola wraz z pi\u0119knie, kolorowo ubranymi przedszkolakami wkroczy\u0142a Pani Jesie\u0144. Przynios\u0142a nam s\u0142oneczn\u0105  pogod\u0119 i na buziach dzieci pojawi\u0142 si\u0119 u\u015bmiech. Przedszkolaki przywita\u0142y Pani\u0105 Jesie\u0144 weso\u0142\u0105 piosenk\u0105 oraz wierszykami, jak r\u00f3wnie\u017c przygotowa\u0142y pi\u0119kne, kolorowe k\u0105ciki przyrody, aby wszyscy mogli je podziwia\u0107. Mamy nadziej\u0119, \u017ce pierwsze dni jesieni  zwiastuj\u0105 tak\u0105 aur\u0119 w dalszej jej cz\u0119\u015bci i przedszkolaki b\u0119d\u0105 mog\u0142y poprzez spacery podziwia\u0107 jeszcze d\u0142ugo nasza polsk\u0105 jesie\u0144.<\/p>\n\n\n\n<figure class=\"wp-block-image size-large\"><img loading=\"lazy\" decoding=\"async\" width=\"1024\" height=\"775\" src=\"https:\/\/przylep.edu.pl\/przedszkole\/wp-content\/uploads\/2023\/10\/384521637_1037978534003909_6125714590643767350_n-1024x775.jpg\" alt=\"\" class=\"wp-image-9282\" srcset=\"https:\/\/przylep.edu.pl\/przedszkole\/wp-content\/uploads\/2023\/10\/384521637_1037978534003909_6125714590643767350_n-1024x775.jpg 1024w, https:\/\/przylep.edu.pl\/przedszkole\/wp-content\/uploads\/2023\/10\/384521637_1037978534003909_6125714590643767350_n-300x227.jpg 300w, https:\/\/przylep.edu.pl\/przedszkole\/wp-content\/uploads\/2023\/10\/384521637_1037978534003909_6125714590643767350_n-768x581.jpg 768w, https:\/\/przylep.edu.pl\/przedszkole\/wp-content\/uploads\/2023\/10\/384521637_1037978534003909_6125714590643767350_n.jpg 1125w\" sizes=\"auto, (max-width: 1024px) 100vw, 1024px\" \/><\/figure>\n\n\n\n<figure class=\"wp-block-image size-large\"><img loading=\"lazy\" decoding=\"async\" width=\"768\" height=\"1024\" src=\"https:\/\/przylep.edu.pl\/przedszkole\/wp-content\/uploads\/2023\/10\/383033082_162794966824241_5102172727883451107_n-768x1024.jpg\" alt=\"\" class=\"wp-image-9283\" srcset=\"https:\/\/przylep.edu.pl\/przedszkole\/wp-content\/uploads\/2023\/10\/383033082_162794966824241_5102172727883451107_n-768x1024.jpg 768w, https:\/\/przylep.edu.pl\/przedszkole\/wp-content\/uploads\/2023\/10\/383033082_162794966824241_5102172727883451107_n-225x300.jpg 225w, https:\/\/przylep.edu.pl\/przedszkole\/wp-content\/uploads\/2023\/10\/383033082_162794966824241_5102172727883451107_n-1152x1536.jpg 1152w, https:\/\/przylep.edu.pl\/przedszkole\/wp-content\/uploads\/2023\/10\/383033082_162794966824241_5102172727883451107_n.jpg 1536w\" sizes=\"auto, (max-width: 768px) 100vw, 768px\" \/><\/figure>\n\n\n\n<figure class=\"wp-block-gallery has-nested-images columns-default is-cropped wp-block-gallery-1 is-layout-flex wp-block-gallery-is-layout-flex\">\n<figure class=\"wp-block-image size-large\"><img loading=\"lazy\" decoding=\"async\" width=\"1024\" height=\"768\" data-id=\"9285\" src=\"https:\/\/przylep.edu.pl\/przedszkole\/wp-content\/uploads\/2023\/10\/382978060_1026149315403202_3899678070425465666_n-1024x768.jpg\" alt=\"\" class=\"wp-image-9285\" srcset=\"https:\/\/przylep.edu.pl\/przedszkole\/wp-content\/uploads\/2023\/10\/382978060_1026149315403202_3899678070425465666_n-1024x768.jpg 1024w, https:\/\/przylep.edu.pl\/przedszkole\/wp-content\/uploads\/2023\/10\/382978060_1026149315403202_3899678070425465666_n-300x225.jpg 300w, https:\/\/przylep.edu.pl\/przedszkole\/wp-content\/uploads\/2023\/10\/382978060_1026149315403202_3899678070425465666_n-768x576.jpg 768w, https:\/\/przylep.edu.pl\/przedszkole\/wp-content\/uploads\/2023\/10\/382978060_1026149315403202_3899678070425465666_n-1536x1152.jpg 1536w, https:\/\/przylep.edu.pl\/przedszkole\/wp-content\/uploads\/2023\/10\/382978060_1026149315403202_3899678070425465666_n-600x450.jpg 600w, https:\/\/przylep.edu.pl\/przedszkole\/wp-content\/uploads\/2023\/10\/382978060_1026149315403202_3899678070425465666_n.jpg 2048w\" sizes=\"auto, (max-width: 1024px) 100vw, 1024px\" \/><\/figure>\n\n\n\n<figure class=\"wp-block-image size-large\"><img loading=\"lazy\" decoding=\"async\" width=\"1024\" height=\"768\" data-id=\"9284\" src=\"https:\/\/przylep.edu.pl\/przedszkole\/wp-content\/uploads\/2023\/10\/383058823_683502023840348_6529770092439345099_n-1024x768.jpg\" alt=\"\" class=\"wp-image-9284\" srcset=\"https:\/\/przylep.edu.pl\/przedszkole\/wp-content\/uploads\/2023\/10\/383058823_683502023840348_6529770092439345099_n-1024x768.jpg 1024w, https:\/\/przylep.edu.pl\/przedszkole\/wp-content\/uploads\/2023\/10\/383058823_683502023840348_6529770092439345099_n-300x225.jpg 300w, https:\/\/przylep.edu.pl\/przedszkole\/wp-content\/uploads\/2023\/10\/383058823_683502023840348_6529770092439345099_n-768x576.jpg 768w, https:\/\/przylep.edu.pl\/przedszkole\/wp-content\/uploads\/2023\/10\/383058823_683502023840348_6529770092439345099_n-1536x1152.jpg 1536w, https:\/\/przylep.edu.pl\/przedszkole\/wp-content\/uploads\/2023\/10\/383058823_683502023840348_6529770092439345099_n-600x450.jpg 600w, https:\/\/przylep.edu.pl\/przedszkole\/wp-content\/uploads\/2023\/10\/383058823_683502023840348_6529770092439345099_n.jpg 2048w\" sizes=\"auto, (max-width: 1024px) 100vw, 1024px\" \/><\/figure>\n<\/figure>\n\n\n\n<figure class=\"wp-block-gallery has-nested-images columns-default is-cropped wp-block-gallery-2 is-layout-flex wp-block-gallery-is-layout-flex\">\n<figure class=\"wp-block-image size-large\"><img loading=\"lazy\" decoding=\"async\" width=\"768\" height=\"1024\" data-id=\"9287\" src=\"https:\/\/przylep.edu.pl\/przedszkole\/wp-content\/uploads\/2023\/10\/385008639_6688245247890433_7349035859813530146_n-768x1024.jpg\" alt=\"\" class=\"wp-image-9287\" srcset=\"https:\/\/przylep.edu.pl\/przedszkole\/wp-content\/uploads\/2023\/10\/385008639_6688245247890433_7349035859813530146_n-768x1024.jpg 768w, https:\/\/przylep.edu.pl\/przedszkole\/wp-content\/uploads\/2023\/10\/385008639_6688245247890433_7349035859813530146_n-225x300.jpg 225w, https:\/\/przylep.edu.pl\/przedszkole\/wp-content\/uploads\/2023\/10\/385008639_6688245247890433_7349035859813530146_n-1152x1536.jpg 1152w, https:\/\/przylep.edu.pl\/przedszkole\/wp-content\/uploads\/2023\/10\/385008639_6688245247890433_7349035859813530146_n.jpg 1536w\" sizes=\"auto, (max-width: 768px) 100vw, 768px\" \/><\/figure>\n\n\n\n<figure class=\"wp-block-image size-large\"><img loading=\"lazy\" decoding=\"async\" width=\"768\" height=\"1024\" data-id=\"9286\" src=\"https:\/\/przylep.edu.pl\/przedszkole\/wp-content\/uploads\/2023\/10\/385031712_6688244904557134_2347414525065821160_n-768x1024.jpg\" alt=\"\" class=\"wp-image-9286\" srcset=\"https:\/\/przylep.edu.pl\/przedszkole\/wp-content\/uploads\/2023\/10\/385031712_6688244904557134_2347414525065821160_n-768x1024.jpg 768w, https:\/\/przylep.edu.pl\/przedszkole\/wp-content\/uploads\/2023\/10\/385031712_6688244904557134_2347414525065821160_n-225x300.jpg 225w, https:\/\/przylep.edu.pl\/przedszkole\/wp-content\/uploads\/2023\/10\/385031712_6688244904557134_2347414525065821160_n-1152x1536.jpg 1152w, https:\/\/przylep.edu.pl\/przedszkole\/wp-content\/uploads\/2023\/10\/385031712_6688244904557134_2347414525065821160_n.jpg 1536w\" sizes=\"auto, (max-width: 768px) 100vw, 768px\" \/><\/figure>\n<\/figure>\n\n\n\n<figure class=\"wp-block-gallery has-nested-images columns-default is-cropped wp-block-gallery-3 is-layout-flex wp-block-gallery-is-layout-flex\">\n<figure class=\"wp-block-image size-large\"><img loading=\"lazy\" decoding=\"async\" width=\"1024\" height=\"766\" data-id=\"9289\" src=\"https:\/\/przylep.edu.pl\/przedszkole\/wp-content\/uploads\/2023\/10\/384523286_647392317519856_6412294873687494739_n-1024x766.jpg\" alt=\"\" class=\"wp-image-9289\" srcset=\"https:\/\/przylep.edu.pl\/przedszkole\/wp-content\/uploads\/2023\/10\/384523286_647392317519856_6412294873687494739_n-1024x766.jpg 1024w, https:\/\/przylep.edu.pl\/przedszkole\/wp-content\/uploads\/2023\/10\/384523286_647392317519856_6412294873687494739_n-300x224.jpg 300w, https:\/\/przylep.edu.pl\/przedszkole\/wp-content\/uploads\/2023\/10\/384523286_647392317519856_6412294873687494739_n-768x574.jpg 768w, https:\/\/przylep.edu.pl\/przedszkole\/wp-content\/uploads\/2023\/10\/384523286_647392317519856_6412294873687494739_n-1536x1149.jpg 1536w, https:\/\/przylep.edu.pl\/przedszkole\/wp-content\/uploads\/2023\/10\/384523286_647392317519856_6412294873687494739_n-600x450.jpg 600w, https:\/\/przylep.edu.pl\/przedszkole\/wp-content\/uploads\/2023\/10\/384523286_647392317519856_6412294873687494739_n.jpg 2000w\" sizes=\"auto, (max-width: 1024px) 100vw, 1024px\" \/><\/figure>\n\n\n\n<figure class=\"wp-block-image size-large\"><img loading=\"lazy\" decoding=\"async\" width=\"789\" height=\"1024\" data-id=\"9290\" src=\"https:\/\/przylep.edu.pl\/przedszkole\/wp-content\/uploads\/2023\/10\/386453907_205519539220752_734580783422430_n-789x1024.jpg\" alt=\"\" class=\"wp-image-9290\" srcset=\"https:\/\/przylep.edu.pl\/przedszkole\/wp-content\/uploads\/2023\/10\/386453907_205519539220752_734580783422430_n-789x1024.jpg 789w, https:\/\/przylep.edu.pl\/przedszkole\/wp-content\/uploads\/2023\/10\/386453907_205519539220752_734580783422430_n-231x300.jpg 231w, https:\/\/przylep.edu.pl\/przedszkole\/wp-content\/uploads\/2023\/10\/386453907_205519539220752_734580783422430_n-768x997.jpg 768w, https:\/\/przylep.edu.pl\/przedszkole\/wp-content\/uploads\/2023\/10\/386453907_205519539220752_734580783422430_n.jpg 1125w\" sizes=\"auto, (max-width: 789px) 100vw, 789px\" \/><\/figure>\n<\/figure>\n","protected":false},"excerpt":{"rendered":"<p>W pi\u0105tkowy poranek \u2013 22 wrze\u015bnia, w progi naszego przedszkola wraz z pi\u0119knie, kolorowo ubranymi przedszkolakami wkroczy\u0142a Pani Jesie\u0144. Przynios\u0142a nam s\u0142oneczn\u0105 pogod\u0119 i na buziach dzieci pojawi\u0142 si\u0119 u\u015bmiech. Przedszkolaki przywita\u0142y Pani\u0105 Jesie\u0144 weso\u0142\u0105 piosenk\u0105 oraz wierszykami, jak r\u00f3wnie\u017c przygotowa\u0142y pi\u0119kne, kolorowe k\u0105ciki przyrody, aby wszyscy mogli je podziwia\u0107. Mamy nadziej\u0119, \u017ce pierwsze dni [&hellip;]<\/p>\n","protected":false},"author":2,"featured_media":9288,"comment_status":"closed","ping_status":"open","sticky":false,"template":"","format":"standard","meta":{"footnotes":""},"categories":[45,41,40],"tags":[],"class_list":["post-9281","post","type-post","status-publish","format-standard","has-post-thumbnail","hentry","category-aktualnosci","category-galerie","category-strona-glowna"],"_links":{"self":[{"href":"https:\/\/przylep.edu.pl\/przedszkole\/wp-json\/wp\/v2\/posts\/9281","targetHints":{"allow":["GET"]}}],"collection":[{"href":"https:\/\/przylep.edu.pl\/przedszkole\/wp-json\/wp\/v2\/posts"}],"about":[{"href":"https:\/\/przylep.edu.pl\/przedszkole\/wp-json\/wp\/v2\/types\/post"}],"author":[{"embeddable":true,"href":"https:\/\/przylep.edu.pl\/przedszkole\/wp-json\/wp\/v2\/users\/2"}],"replies":[{"embeddable":true,"href":"https:\/\/przylep.edu.pl\/przedszkole\/wp-json\/wp\/v2\/comments?post=9281"}],"version-history":[{"count":1,"href":"https:\/\/przylep.edu.pl\/przedszkole\/wp-json\/wp\/v2\/posts\/9281\/revisions"}],"predecessor-version":[{"id":9291,"href":"https:\/\/przylep.edu.pl\/przedszkole\/wp-json\/wp\/v2\/posts\/9281\/revisions\/9291"}],"wp:featuredmedia":[{"embeddable":true,"href":"https:\/\/przylep.edu.pl\/przedszkole\/wp-json\/wp\/v2\/media\/9288"}],"wp:attachment":[{"href":"https:\/\/przylep.edu.pl\/przedszkole\/wp-json\/wp\/v2\/media?parent=9281"}],"wp:term":[{"taxonomy":"category","embeddable":true,"href":"https:\/\/przylep.edu.pl\/przedszkole\/wp-json\/wp\/v2\/categories?post=9281"},{"taxonomy":"post_tag","embeddable":true,"href":"https:\/\/przylep.edu.pl\/przedszkole\/wp-json\/wp\/v2\/tags?post=9281"}],"curies":[{"name":"wp","href":"https:\/\/api.w.org\/{rel}","templated":true}]}}