{"id":9270,"date":"2023-10-01T20:44:10","date_gmt":"2023-10-01T18:44:10","guid":{"rendered":"https:\/\/przylep.edu.pl\/przedszkole\/?p=9270"},"modified":"2023-10-07T21:00:44","modified_gmt":"2023-10-07T19:00:44","slug":"dzien-chlopaka-w-przedszkolu-2","status":"publish","type":"post","link":"https:\/\/przylep.edu.pl\/przedszkole\/2023\/10\/01\/dzien-chlopaka-w-przedszkolu-2\/","title":{"rendered":"Dzie\u0144 ch\u0142opaka w Przedszkolu"},"content":{"rendered":"\n<p>29 wrze\u015bnia obchodzili\u015bmy Dzie\u0144 Ch\u0142opaka! We wszystkich grupach, na r\u00f3\u017cne sposoby \u015bwi\u0119towano, by\u0142o rado\u015bnie, wybrzmia\u0142y \u017cyczenia, a u\u015bmiechy go\u015bci\u0142y na buziach wszystkich dzieci.<\/p>\n\n\n\n<figure class=\"wp-block-gallery has-nested-images columns-default is-cropped wp-block-gallery-1 is-layout-flex wp-block-gallery-is-layout-flex\">\n<figure class=\"wp-block-image size-large\"><img loading=\"lazy\" decoding=\"async\" width=\"1024\" height=\"768\" data-id=\"9275\" src=\"https:\/\/przylep.edu.pl\/przedszkole\/wp-content\/uploads\/2023\/10\/382411446_657510729859862_4710142728235963735_n-1024x768.jpg\" alt=\"\" class=\"wp-image-9275\" srcset=\"https:\/\/przylep.edu.pl\/przedszkole\/wp-content\/uploads\/2023\/10\/382411446_657510729859862_4710142728235963735_n-1024x768.jpg 1024w, https:\/\/przylep.edu.pl\/przedszkole\/wp-content\/uploads\/2023\/10\/382411446_657510729859862_4710142728235963735_n-300x225.jpg 300w, https:\/\/przylep.edu.pl\/przedszkole\/wp-content\/uploads\/2023\/10\/382411446_657510729859862_4710142728235963735_n-768x576.jpg 768w, https:\/\/przylep.edu.pl\/przedszkole\/wp-content\/uploads\/2023\/10\/382411446_657510729859862_4710142728235963735_n-1536x1152.jpg 1536w, https:\/\/przylep.edu.pl\/przedszkole\/wp-content\/uploads\/2023\/10\/382411446_657510729859862_4710142728235963735_n-600x450.jpg 600w, https:\/\/przylep.edu.pl\/przedszkole\/wp-content\/uploads\/2023\/10\/382411446_657510729859862_4710142728235963735_n.jpg 2048w\" sizes=\"auto, (max-width: 1024px) 100vw, 1024px\" \/><\/figure>\n\n\n\n<figure class=\"wp-block-image size-large\"><img loading=\"lazy\" decoding=\"async\" width=\"1024\" height=\"768\" data-id=\"9274\" src=\"https:\/\/przylep.edu.pl\/przedszkole\/wp-content\/uploads\/2023\/10\/384498832_1066588607670555_431877112385560337_n-1-1024x768.jpg\" alt=\"\" class=\"wp-image-9274\" srcset=\"https:\/\/przylep.edu.pl\/przedszkole\/wp-content\/uploads\/2023\/10\/384498832_1066588607670555_431877112385560337_n-1-1024x768.jpg 1024w, https:\/\/przylep.edu.pl\/przedszkole\/wp-content\/uploads\/2023\/10\/384498832_1066588607670555_431877112385560337_n-1-300x225.jpg 300w, https:\/\/przylep.edu.pl\/przedszkole\/wp-content\/uploads\/2023\/10\/384498832_1066588607670555_431877112385560337_n-1-768x576.jpg 768w, https:\/\/przylep.edu.pl\/przedszkole\/wp-content\/uploads\/2023\/10\/384498832_1066588607670555_431877112385560337_n-1-1536x1152.jpg 1536w, https:\/\/przylep.edu.pl\/przedszkole\/wp-content\/uploads\/2023\/10\/384498832_1066588607670555_431877112385560337_n-1-600x450.jpg 600w, https:\/\/przylep.edu.pl\/przedszkole\/wp-content\/uploads\/2023\/10\/384498832_1066588607670555_431877112385560337_n-1.jpg 2048w\" sizes=\"auto, (max-width: 1024px) 100vw, 1024px\" \/><\/figure>\n<\/figure>\n\n\n\n<figure class=\"wp-block-gallery has-nested-images columns-default is-cropped wp-block-gallery-2 is-layout-flex wp-block-gallery-is-layout-flex\">\n<figure class=\"wp-block-image size-large\"><img loading=\"lazy\" decoding=\"async\" width=\"768\" height=\"1024\" data-id=\"9272\" src=\"https:\/\/przylep.edu.pl\/przedszkole\/wp-content\/uploads\/2023\/10\/385385678_326693079845879_1314035425628883488_n-768x1024.jpg\" alt=\"\" class=\"wp-image-9272\" srcset=\"https:\/\/przylep.edu.pl\/przedszkole\/wp-content\/uploads\/2023\/10\/385385678_326693079845879_1314035425628883488_n-768x1024.jpg 768w, https:\/\/przylep.edu.pl\/przedszkole\/wp-content\/uploads\/2023\/10\/385385678_326693079845879_1314035425628883488_n-225x300.jpg 225w, https:\/\/przylep.edu.pl\/przedszkole\/wp-content\/uploads\/2023\/10\/385385678_326693079845879_1314035425628883488_n-1152x1536.jpg 1152w, https:\/\/przylep.edu.pl\/przedszkole\/wp-content\/uploads\/2023\/10\/385385678_326693079845879_1314035425628883488_n.jpg 1536w\" sizes=\"auto, (max-width: 768px) 100vw, 768px\" \/><\/figure>\n\n\n\n<figure class=\"wp-block-image size-large\"><img loading=\"lazy\" decoding=\"async\" width=\"768\" height=\"1024\" data-id=\"9273\" src=\"https:\/\/przylep.edu.pl\/przedszkole\/wp-content\/uploads\/2023\/10\/386442858_284421894399126_614515011196231662_n-768x1024.jpg\" alt=\"\" class=\"wp-image-9273\" srcset=\"https:\/\/przylep.edu.pl\/przedszkole\/wp-content\/uploads\/2023\/10\/386442858_284421894399126_614515011196231662_n-768x1024.jpg 768w, https:\/\/przylep.edu.pl\/przedszkole\/wp-content\/uploads\/2023\/10\/386442858_284421894399126_614515011196231662_n-225x300.jpg 225w, https:\/\/przylep.edu.pl\/przedszkole\/wp-content\/uploads\/2023\/10\/386442858_284421894399126_614515011196231662_n-1152x1536.jpg 1152w, https:\/\/przylep.edu.pl\/przedszkole\/wp-content\/uploads\/2023\/10\/386442858_284421894399126_614515011196231662_n.jpg 1536w\" sizes=\"auto, (max-width: 768px) 100vw, 768px\" \/><\/figure>\n<\/figure>\n\n\n\n<figure class=\"wp-block-image size-large\"><img loading=\"lazy\" decoding=\"async\" width=\"1024\" height=\"461\" src=\"https:\/\/przylep.edu.pl\/przedszkole\/wp-content\/uploads\/2023\/10\/382558425_1022625405733467_7900003027793065010_n-1024x461.jpg\" alt=\"\" class=\"wp-image-9276\" srcset=\"https:\/\/przylep.edu.pl\/przedszkole\/wp-content\/uploads\/2023\/10\/382558425_1022625405733467_7900003027793065010_n-1024x461.jpg 1024w, https:\/\/przylep.edu.pl\/przedszkole\/wp-content\/uploads\/2023\/10\/382558425_1022625405733467_7900003027793065010_n-300x135.jpg 300w, https:\/\/przylep.edu.pl\/przedszkole\/wp-content\/uploads\/2023\/10\/382558425_1022625405733467_7900003027793065010_n-768x346.jpg 768w, https:\/\/przylep.edu.pl\/przedszkole\/wp-content\/uploads\/2023\/10\/382558425_1022625405733467_7900003027793065010_n-1536x691.jpg 1536w, https:\/\/przylep.edu.pl\/przedszkole\/wp-content\/uploads\/2023\/10\/382558425_1022625405733467_7900003027793065010_n.jpg 1640w\" sizes=\"auto, (max-width: 1024px) 100vw, 1024px\" \/><\/figure>\n\n\n\n<figure class=\"wp-block-image size-large\"><img loading=\"lazy\" decoding=\"async\" width=\"1024\" height=\"768\" src=\"https:\/\/przylep.edu.pl\/przedszkole\/wp-content\/uploads\/2023\/10\/383051337_840535344398691_8691313658680205464_n-1024x768.jpg\" alt=\"\" class=\"wp-image-9277\" srcset=\"https:\/\/przylep.edu.pl\/przedszkole\/wp-content\/uploads\/2023\/10\/383051337_840535344398691_8691313658680205464_n-1024x768.jpg 1024w, https:\/\/przylep.edu.pl\/przedszkole\/wp-content\/uploads\/2023\/10\/383051337_840535344398691_8691313658680205464_n-300x225.jpg 300w, https:\/\/przylep.edu.pl\/przedszkole\/wp-content\/uploads\/2023\/10\/383051337_840535344398691_8691313658680205464_n-768x576.jpg 768w, https:\/\/przylep.edu.pl\/przedszkole\/wp-content\/uploads\/2023\/10\/383051337_840535344398691_8691313658680205464_n-1536x1152.jpg 1536w, https:\/\/przylep.edu.pl\/przedszkole\/wp-content\/uploads\/2023\/10\/383051337_840535344398691_8691313658680205464_n-600x450.jpg 600w, https:\/\/przylep.edu.pl\/przedszkole\/wp-content\/uploads\/2023\/10\/383051337_840535344398691_8691313658680205464_n.jpg 2048w\" sizes=\"auto, (max-width: 1024px) 100vw, 1024px\" \/><\/figure>\n","protected":false},"excerpt":{"rendered":"<p>29 wrze\u015bnia obchodzili\u015bmy Dzie\u0144 Ch\u0142opaka! We wszystkich grupach, na r\u00f3\u017cne sposoby \u015bwi\u0119towano, by\u0142o rado\u015bnie, wybrzmia\u0142y \u017cyczenia, a u\u015bmiechy go\u015bci\u0142y na buziach wszystkich dzieci.<\/p>\n","protected":false},"author":2,"featured_media":9278,"comment_status":"closed","ping_status":"open","sticky":false,"template":"","format":"standard","meta":{"footnotes":""},"categories":[45,41,40],"tags":[],"class_list":["post-9270","post","type-post","status-publish","format-standard","has-post-thumbnail","hentry","category-aktualnosci","category-galerie","category-strona-glowna"],"_links":{"self":[{"href":"https:\/\/przylep.edu.pl\/przedszkole\/wp-json\/wp\/v2\/posts\/9270","targetHints":{"allow":["GET"]}}],"collection":[{"href":"https:\/\/przylep.edu.pl\/przedszkole\/wp-json\/wp\/v2\/posts"}],"about":[{"href":"https:\/\/przylep.edu.pl\/przedszkole\/wp-json\/wp\/v2\/types\/post"}],"author":[{"embeddable":true,"href":"https:\/\/przylep.edu.pl\/przedszkole\/wp-json\/wp\/v2\/users\/2"}],"replies":[{"embeddable":true,"href":"https:\/\/przylep.edu.pl\/przedszkole\/wp-json\/wp\/v2\/comments?post=9270"}],"version-history":[{"count":1,"href":"https:\/\/przylep.edu.pl\/przedszkole\/wp-json\/wp\/v2\/posts\/9270\/revisions"}],"predecessor-version":[{"id":9279,"href":"https:\/\/przylep.edu.pl\/przedszkole\/wp-json\/wp\/v2\/posts\/9270\/revisions\/9279"}],"wp:featuredmedia":[{"embeddable":true,"href":"https:\/\/przylep.edu.pl\/przedszkole\/wp-json\/wp\/v2\/media\/9278"}],"wp:attachment":[{"href":"https:\/\/przylep.edu.pl\/przedszkole\/wp-json\/wp\/v2\/media?parent=9270"}],"wp:term":[{"taxonomy":"category","embeddable":true,"href":"https:\/\/przylep.edu.pl\/przedszkole\/wp-json\/wp\/v2\/categories?post=9270"},{"taxonomy":"post_tag","embeddable":true,"href":"https:\/\/przylep.edu.pl\/przedszkole\/wp-json\/wp\/v2\/tags?post=9270"}],"curies":[{"name":"wp","href":"https:\/\/api.w.org\/{rel}","templated":true}]}}