{"id":9264,"date":"2023-09-28T21:33:51","date_gmt":"2023-09-28T19:33:51","guid":{"rendered":"https:\/\/przylep.edu.pl\/przedszkole\/?p=9264"},"modified":"2023-10-01T21:41:00","modified_gmt":"2023-10-01T19:41:00","slug":"dzien-jablka-w-grupie-pomaranczowej","status":"publish","type":"post","link":"https:\/\/przylep.edu.pl\/przedszkole\/2023\/09\/28\/dzien-jablka-w-grupie-pomaranczowej\/","title":{"rendered":"Dzie\u0144 Jab\u0142ka w grupie pomara\u0144czowej"},"content":{"rendered":"\n<p>28 wrze\u015bnia pomara\u0144czki obchodzi\u0142y Dzie\u0144 Jab\u0142ka. Mia\u0142y mo\u017cliwo\u015b\u0107 pozna\u0107 r\u00f3\u017cne odmiany tych pysznych owoc\u00f3w. Dowiedzia\u0142y si\u0119 o ich wspania\u0142ych w\u0142a\u015bciwo\u015bciach oraz jak wa\u017cne s\u0105 w \u017cywieniu cz\u0142owieka. Dzieci mia\u0142y okazj\u0119 przygotowa\u0107 pyszny kompot z jab\u0142ek, kt\u00f3re samodzielnie kroi\u0142y. Po zako\u0144czonej pracy nie mog\u0142o zabrakn\u0105\u0107 zabaw, kt\u00f3rych tematem by\u0142o jab\u0142ko. Do obiadu dzieci mog\u0142y spr\u00f3bowa\u0107 w\u0142asnor\u0119cznie przygotowanego kompotu. Dolewkom nie by\u0142o ko\u0144ca!<\/p>\n\n\n\n<figure class=\"wp-block-gallery has-nested-images columns-default is-cropped wp-block-gallery-1 is-layout-flex wp-block-gallery-is-layout-flex\">\n<figure class=\"wp-block-image size-large\"><img loading=\"lazy\" decoding=\"async\" width=\"1024\" height=\"768\" data-id=\"9265\" src=\"https:\/\/przylep.edu.pl\/przedszkole\/wp-content\/uploads\/2023\/10\/383011145_335096185715449_8669359089842088435_n-1024x768.jpg\" alt=\"\" class=\"wp-image-9265\" srcset=\"https:\/\/przylep.edu.pl\/przedszkole\/wp-content\/uploads\/2023\/10\/383011145_335096185715449_8669359089842088435_n-1024x768.jpg 1024w, https:\/\/przylep.edu.pl\/przedszkole\/wp-content\/uploads\/2023\/10\/383011145_335096185715449_8669359089842088435_n-300x225.jpg 300w, https:\/\/przylep.edu.pl\/przedszkole\/wp-content\/uploads\/2023\/10\/383011145_335096185715449_8669359089842088435_n-768x576.jpg 768w, https:\/\/przylep.edu.pl\/przedszkole\/wp-content\/uploads\/2023\/10\/383011145_335096185715449_8669359089842088435_n-1536x1152.jpg 1536w, https:\/\/przylep.edu.pl\/przedszkole\/wp-content\/uploads\/2023\/10\/383011145_335096185715449_8669359089842088435_n-600x450.jpg 600w, https:\/\/przylep.edu.pl\/przedszkole\/wp-content\/uploads\/2023\/10\/383011145_335096185715449_8669359089842088435_n.jpg 2048w\" sizes=\"auto, (max-width: 1024px) 100vw, 1024px\" \/><\/figure>\n<\/figure>\n\n\n\n<figure class=\"wp-block-gallery has-nested-images columns-default is-cropped wp-block-gallery-2 is-layout-flex wp-block-gallery-is-layout-flex\">\n<figure class=\"wp-block-image size-large\"><img loading=\"lazy\" decoding=\"async\" width=\"1024\" height=\"768\" data-id=\"9266\" src=\"https:\/\/przylep.edu.pl\/przedszkole\/wp-content\/uploads\/2023\/10\/384329175_1031381667990801_3358154072892547702_n-1024x768.jpg\" alt=\"\" class=\"wp-image-9266\" srcset=\"https:\/\/przylep.edu.pl\/przedszkole\/wp-content\/uploads\/2023\/10\/384329175_1031381667990801_3358154072892547702_n-1024x768.jpg 1024w, https:\/\/przylep.edu.pl\/przedszkole\/wp-content\/uploads\/2023\/10\/384329175_1031381667990801_3358154072892547702_n-300x225.jpg 300w, https:\/\/przylep.edu.pl\/przedszkole\/wp-content\/uploads\/2023\/10\/384329175_1031381667990801_3358154072892547702_n-768x576.jpg 768w, https:\/\/przylep.edu.pl\/przedszkole\/wp-content\/uploads\/2023\/10\/384329175_1031381667990801_3358154072892547702_n-1536x1152.jpg 1536w, https:\/\/przylep.edu.pl\/przedszkole\/wp-content\/uploads\/2023\/10\/384329175_1031381667990801_3358154072892547702_n-600x450.jpg 600w, https:\/\/przylep.edu.pl\/przedszkole\/wp-content\/uploads\/2023\/10\/384329175_1031381667990801_3358154072892547702_n.jpg 2048w\" sizes=\"auto, (max-width: 1024px) 100vw, 1024px\" \/><\/figure>\n<\/figure>\n\n\n\n<figure class=\"wp-block-gallery has-nested-images columns-default is-cropped wp-block-gallery-3 is-layout-flex wp-block-gallery-is-layout-flex\">\n<figure class=\"wp-block-image size-large\"><img loading=\"lazy\" decoding=\"async\" width=\"1024\" height=\"768\" data-id=\"9267\" src=\"https:\/\/przylep.edu.pl\/przedszkole\/wp-content\/uploads\/2023\/10\/385536956_869032104567305_5941023670280864377_n-1024x768.jpg\" alt=\"\" class=\"wp-image-9267\" srcset=\"https:\/\/przylep.edu.pl\/przedszkole\/wp-content\/uploads\/2023\/10\/385536956_869032104567305_5941023670280864377_n-1024x768.jpg 1024w, https:\/\/przylep.edu.pl\/przedszkole\/wp-content\/uploads\/2023\/10\/385536956_869032104567305_5941023670280864377_n-300x225.jpg 300w, https:\/\/przylep.edu.pl\/przedszkole\/wp-content\/uploads\/2023\/10\/385536956_869032104567305_5941023670280864377_n-768x576.jpg 768w, https:\/\/przylep.edu.pl\/przedszkole\/wp-content\/uploads\/2023\/10\/385536956_869032104567305_5941023670280864377_n-1536x1152.jpg 1536w, https:\/\/przylep.edu.pl\/przedszkole\/wp-content\/uploads\/2023\/10\/385536956_869032104567305_5941023670280864377_n-600x450.jpg 600w, https:\/\/przylep.edu.pl\/przedszkole\/wp-content\/uploads\/2023\/10\/385536956_869032104567305_5941023670280864377_n.jpg 2048w\" sizes=\"auto, (max-width: 1024px) 100vw, 1024px\" \/><\/figure>\n<\/figure>\n","protected":false},"excerpt":{"rendered":"<p>28 wrze\u015bnia pomara\u0144czki obchodzi\u0142y Dzie\u0144 Jab\u0142ka. Mia\u0142y mo\u017cliwo\u015b\u0107 pozna\u0107 r\u00f3\u017cne odmiany tych pysznych owoc\u00f3w. Dowiedzia\u0142y si\u0119 o ich wspania\u0142ych w\u0142a\u015bciwo\u015bciach oraz jak wa\u017cne s\u0105 w \u017cywieniu cz\u0142owieka. Dzieci mia\u0142y okazj\u0119 przygotowa\u0107 pyszny kompot z jab\u0142ek, kt\u00f3re samodzielnie kroi\u0142y. Po zako\u0144czonej pracy nie mog\u0142o zabrakn\u0105\u0107 zabaw, kt\u00f3rych tematem by\u0142o jab\u0142ko. Do obiadu dzieci mog\u0142y spr\u00f3bowa\u0107 w\u0142asnor\u0119cznie [&hellip;]<\/p>\n","protected":false},"author":2,"featured_media":9268,"comment_status":"closed","ping_status":"open","sticky":false,"template":"","format":"standard","meta":{"footnotes":""},"categories":[45,41,40],"tags":[],"class_list":["post-9264","post","type-post","status-publish","format-standard","has-post-thumbnail","hentry","category-aktualnosci","category-galerie","category-strona-glowna"],"_links":{"self":[{"href":"https:\/\/przylep.edu.pl\/przedszkole\/wp-json\/wp\/v2\/posts\/9264","targetHints":{"allow":["GET"]}}],"collection":[{"href":"https:\/\/przylep.edu.pl\/przedszkole\/wp-json\/wp\/v2\/posts"}],"about":[{"href":"https:\/\/przylep.edu.pl\/przedszkole\/wp-json\/wp\/v2\/types\/post"}],"author":[{"embeddable":true,"href":"https:\/\/przylep.edu.pl\/przedszkole\/wp-json\/wp\/v2\/users\/2"}],"replies":[{"embeddable":true,"href":"https:\/\/przylep.edu.pl\/przedszkole\/wp-json\/wp\/v2\/comments?post=9264"}],"version-history":[{"count":1,"href":"https:\/\/przylep.edu.pl\/przedszkole\/wp-json\/wp\/v2\/posts\/9264\/revisions"}],"predecessor-version":[{"id":9269,"href":"https:\/\/przylep.edu.pl\/przedszkole\/wp-json\/wp\/v2\/posts\/9264\/revisions\/9269"}],"wp:featuredmedia":[{"embeddable":true,"href":"https:\/\/przylep.edu.pl\/przedszkole\/wp-json\/wp\/v2\/media\/9268"}],"wp:attachment":[{"href":"https:\/\/przylep.edu.pl\/przedszkole\/wp-json\/wp\/v2\/media?parent=9264"}],"wp:term":[{"taxonomy":"category","embeddable":true,"href":"https:\/\/przylep.edu.pl\/przedszkole\/wp-json\/wp\/v2\/categories?post=9264"},{"taxonomy":"post_tag","embeddable":true,"href":"https:\/\/przylep.edu.pl\/przedszkole\/wp-json\/wp\/v2\/tags?post=9264"}],"curies":[{"name":"wp","href":"https:\/\/api.w.org\/{rel}","templated":true}]}}