{"id":9237,"date":"2023-09-22T11:15:26","date_gmt":"2023-09-22T09:15:26","guid":{"rendered":"https:\/\/przylep.edu.pl\/przedszkole\/?p=9237"},"modified":"2023-09-29T11:26:12","modified_gmt":"2023-09-29T09:26:12","slug":"smerfny-dzien-przedszkolaka","status":"publish","type":"post","link":"https:\/\/przylep.edu.pl\/przedszkole\/2023\/09\/22\/smerfny-dzien-przedszkolaka\/","title":{"rendered":"Smerfny Dzie\u0144 Przedszkolaka"},"content":{"rendered":"\n<p>My\u015bleli\u015bmy jak u\u015bwietni\u0107 \u015awi\u0119to Przedszkolaka<\/p>\n\n\n\n<p> I powsta\u0142a w naszych g\u0142owach My\u015bl nie\u015bmia\u0142a taka<\/p>\n\n\n\n<p> By dla naszych Przylepiak\u00f3w Zrobi\u0107 przedstawienie&#8230; <\/p>\n\n\n\n<p>C\u00f3\u017c to by\u0142y za emocje! A jakie zdziwienie! <\/p>\n\n\n\n<p>Bo na scenie w najdziwniejszych Pozach, rolach, strojach<\/p>\n\n\n\n<p> Wyst\u0105pi\u0142y dla dzieciak\u00f3w Ich Panie z przedszkola<img loading=\"lazy\" decoding=\"async\" height=\"16\" width=\"16\" src=\"https:\/\/static.xx.fbcdn.net\/images\/emoji.php\/v9\/ta8\/1.5\/16\/1f601.png\" alt=\"\ud83d\ude01\"><\/p>\n\n\n\n<p> By\u0142 Smerf Lalu\u015b i Maruda, Smerfetka, Osi\u0142ek <\/p>\n\n\n\n<p>Pracu\u015b, \u0141asuch i Harmoniusz Te\u017c wpadli na chwil\u0119. <\/p>\n\n\n\n<p>Papa Smerf by\u0142 i Ciamajda Wa\u017cniak, Zgrywus \u015apioch&#8230; <\/p>\n\n\n\n<p>Przylepiaki a\u017c z zachwytu Tylko ach i och! <\/p>\n\n\n\n<p>By\u0142 Gargamel ze swym kotem I mn\u00f3stwo muzyki<\/p>\n\n\n\n<p> Odta\u0144czy\u0142y z aktorkami Dzieci taniec dziki&#8230;<\/p>\n\n\n\n<p> Pi\u0119knie by\u0142o! A na koniec jeszcze raz \u017cyczenia. <\/p>\n\n\n\n<p>Te dok\u0142adnie, co wybrzmia\u0142y Podczas przedstawienia:<\/p>\n\n\n\n<p> A dzi\u015b drogie dzieci, w Wasze \u015bwi\u0119to Klakier ma buzi\u0119 u\u015bmiechni\u0119t\u0105, Gargamel ze Smerfami wraz opu\u015bci\u0142 te\u017c na chwil\u0119 las. Przejechali\u015bmy d\u0142ug\u0105 drog\u0119 Przez Warzymice, Siad\u0142o Dolne by przedszkolakom \u017cyczy\u0107 tak: Dla Przylepiakow dzi\u015b: sto lat! U\u015bmiechu, szcz\u0119\u015bcia, by\u015bcie zdrowi byli i w swoje si\u0142y nigdy, nie zw\u0105tpili. I m\u0105drych doros\u0142ych&#8230; Nasze cudne przedszkolaki. Tego Wam \u017cycz\u0105: Gargu\u015b, Klakier i Smerfiaki<img loading=\"lazy\" decoding=\"async\" height=\"16\" width=\"16\" src=\"https:\/\/static.xx.fbcdn.net\/images\/emoji.php\/v9\/tf3\/1.5\/16\/2764.png\" alt=\"\u2764\ufe0f\"><\/p>\n\n\n\n<p class=\"has-text-align-right\">Marta \u015awie\u017cewska<\/p>\n\n\n\n<figure class=\"wp-block-gallery has-nested-images columns-default is-cropped wp-block-gallery-1 is-layout-flex wp-block-gallery-is-layout-flex\">\n<figure class=\"wp-block-image size-large\"><img loading=\"lazy\" decoding=\"async\" width=\"1024\" height=\"577\" data-id=\"9239\" src=\"https:\/\/przylep.edu.pl\/przedszkole\/wp-content\/uploads\/2023\/09\/381055997_748269130645341_34768967684621254_n-1024x577.jpg\" alt=\"\" class=\"wp-image-9239\" srcset=\"https:\/\/przylep.edu.pl\/przedszkole\/wp-content\/uploads\/2023\/09\/381055997_748269130645341_34768967684621254_n-1024x577.jpg 1024w, https:\/\/przylep.edu.pl\/przedszkole\/wp-content\/uploads\/2023\/09\/381055997_748269130645341_34768967684621254_n-300x169.jpg 300w, https:\/\/przylep.edu.pl\/przedszkole\/wp-content\/uploads\/2023\/09\/381055997_748269130645341_34768967684621254_n-768x432.jpg 768w, https:\/\/przylep.edu.pl\/przedszkole\/wp-content\/uploads\/2023\/09\/381055997_748269130645341_34768967684621254_n-1536x865.jpg 1536w, https:\/\/przylep.edu.pl\/przedszkole\/wp-content\/uploads\/2023\/09\/381055997_748269130645341_34768967684621254_n.jpg 2048w\" sizes=\"auto, (max-width: 1024px) 100vw, 1024px\" \/><\/figure>\n\n\n\n<figure class=\"wp-block-image size-large\"><img loading=\"lazy\" decoding=\"async\" width=\"1024\" height=\"572\" data-id=\"9238\" src=\"https:\/\/przylep.edu.pl\/przedszkole\/wp-content\/uploads\/2023\/09\/381117325_748269657311955_4024850092807975261_n-1024x572.jpg\" alt=\"\" class=\"wp-image-9238\" srcset=\"https:\/\/przylep.edu.pl\/przedszkole\/wp-content\/uploads\/2023\/09\/381117325_748269657311955_4024850092807975261_n-1024x572.jpg 1024w, https:\/\/przylep.edu.pl\/przedszkole\/wp-content\/uploads\/2023\/09\/381117325_748269657311955_4024850092807975261_n-300x168.jpg 300w, https:\/\/przylep.edu.pl\/przedszkole\/wp-content\/uploads\/2023\/09\/381117325_748269657311955_4024850092807975261_n-768x429.jpg 768w, https:\/\/przylep.edu.pl\/przedszkole\/wp-content\/uploads\/2023\/09\/381117325_748269657311955_4024850092807975261_n-1536x858.jpg 1536w, https:\/\/przylep.edu.pl\/przedszkole\/wp-content\/uploads\/2023\/09\/381117325_748269657311955_4024850092807975261_n.jpg 2048w\" sizes=\"auto, (max-width: 1024px) 100vw, 1024px\" \/><\/figure>\n<\/figure>\n\n\n\n<figure class=\"wp-block-image size-large\"><img loading=\"lazy\" decoding=\"async\" width=\"1024\" height=\"574\" src=\"https:\/\/przylep.edu.pl\/przedszkole\/wp-content\/uploads\/2023\/09\/381178238_748269877311933_1449579566250317285_n-1024x574.jpg\" alt=\"\" class=\"wp-image-9240\" srcset=\"https:\/\/przylep.edu.pl\/przedszkole\/wp-content\/uploads\/2023\/09\/381178238_748269877311933_1449579566250317285_n-1024x574.jpg 1024w, https:\/\/przylep.edu.pl\/przedszkole\/wp-content\/uploads\/2023\/09\/381178238_748269877311933_1449579566250317285_n-300x168.jpg 300w, https:\/\/przylep.edu.pl\/przedszkole\/wp-content\/uploads\/2023\/09\/381178238_748269877311933_1449579566250317285_n-768x430.jpg 768w, https:\/\/przylep.edu.pl\/przedszkole\/wp-content\/uploads\/2023\/09\/381178238_748269877311933_1449579566250317285_n-1536x860.jpg 1536w, https:\/\/przylep.edu.pl\/przedszkole\/wp-content\/uploads\/2023\/09\/381178238_748269877311933_1449579566250317285_n.jpg 2048w\" sizes=\"auto, (max-width: 1024px) 100vw, 1024px\" \/><\/figure>\n\n\n\n<figure class=\"wp-block-gallery has-nested-images columns-default is-cropped wp-block-gallery-2 is-layout-flex wp-block-gallery-is-layout-flex\">\n<figure class=\"wp-block-image size-large\"><img loading=\"lazy\" decoding=\"async\" width=\"1024\" height=\"576\" data-id=\"9242\" src=\"https:\/\/przylep.edu.pl\/przedszkole\/wp-content\/uploads\/2023\/09\/381184057_748269097312011_3242040993266020387_n-1024x576.jpg\" alt=\"\" class=\"wp-image-9242\" srcset=\"https:\/\/przylep.edu.pl\/przedszkole\/wp-content\/uploads\/2023\/09\/381184057_748269097312011_3242040993266020387_n-1024x576.jpg 1024w, https:\/\/przylep.edu.pl\/przedszkole\/wp-content\/uploads\/2023\/09\/381184057_748269097312011_3242040993266020387_n-300x169.jpg 300w, https:\/\/przylep.edu.pl\/przedszkole\/wp-content\/uploads\/2023\/09\/381184057_748269097312011_3242040993266020387_n-768x432.jpg 768w, https:\/\/przylep.edu.pl\/przedszkole\/wp-content\/uploads\/2023\/09\/381184057_748269097312011_3242040993266020387_n-1536x863.jpg 1536w, https:\/\/przylep.edu.pl\/przedszkole\/wp-content\/uploads\/2023\/09\/381184057_748269097312011_3242040993266020387_n.jpg 2048w\" sizes=\"auto, (max-width: 1024px) 100vw, 1024px\" \/><\/figure>\n\n\n\n<figure class=\"wp-block-image size-large\"><img loading=\"lazy\" decoding=\"async\" width=\"1024\" height=\"576\" data-id=\"9241\" src=\"https:\/\/przylep.edu.pl\/przedszkole\/wp-content\/uploads\/2023\/09\/381684680_748269517311969_5201802326980402941_n-1024x576.jpg\" alt=\"\" class=\"wp-image-9241\" srcset=\"https:\/\/przylep.edu.pl\/przedszkole\/wp-content\/uploads\/2023\/09\/381684680_748269517311969_5201802326980402941_n-1024x576.jpg 1024w, https:\/\/przylep.edu.pl\/przedszkole\/wp-content\/uploads\/2023\/09\/381684680_748269517311969_5201802326980402941_n-300x169.jpg 300w, https:\/\/przylep.edu.pl\/przedszkole\/wp-content\/uploads\/2023\/09\/381684680_748269517311969_5201802326980402941_n-768x432.jpg 768w, https:\/\/przylep.edu.pl\/przedszkole\/wp-content\/uploads\/2023\/09\/381684680_748269517311969_5201802326980402941_n-1536x863.jpg 1536w, https:\/\/przylep.edu.pl\/przedszkole\/wp-content\/uploads\/2023\/09\/381684680_748269517311969_5201802326980402941_n.jpg 2048w\" sizes=\"auto, (max-width: 1024px) 100vw, 1024px\" \/><\/figure>\n<\/figure>\n\n\n\n<figure class=\"wp-block-image size-large\"><img loading=\"lazy\" decoding=\"async\" width=\"1024\" height=\"577\" src=\"https:\/\/przylep.edu.pl\/przedszkole\/wp-content\/uploads\/2023\/09\/380205881_748269330645321_4693097800475691346_n-1024x577.jpg\" alt=\"\" class=\"wp-image-9243\" srcset=\"https:\/\/przylep.edu.pl\/przedszkole\/wp-content\/uploads\/2023\/09\/380205881_748269330645321_4693097800475691346_n-1024x577.jpg 1024w, https:\/\/przylep.edu.pl\/przedszkole\/wp-content\/uploads\/2023\/09\/380205881_748269330645321_4693097800475691346_n-300x169.jpg 300w, https:\/\/przylep.edu.pl\/przedszkole\/wp-content\/uploads\/2023\/09\/380205881_748269330645321_4693097800475691346_n-768x432.jpg 768w, https:\/\/przylep.edu.pl\/przedszkole\/wp-content\/uploads\/2023\/09\/380205881_748269330645321_4693097800475691346_n-1536x865.jpg 1536w, https:\/\/przylep.edu.pl\/przedszkole\/wp-content\/uploads\/2023\/09\/380205881_748269330645321_4693097800475691346_n.jpg 2048w\" sizes=\"auto, (max-width: 1024px) 100vw, 1024px\" \/><\/figure>\n\n\n\n<figure class=\"wp-block-gallery has-nested-images columns-default is-cropped wp-block-gallery-3 is-layout-flex wp-block-gallery-is-layout-flex\">\n<figure class=\"wp-block-image size-large\"><img loading=\"lazy\" decoding=\"async\" width=\"1024\" height=\"576\" data-id=\"9245\" src=\"https:\/\/przylep.edu.pl\/przedszkole\/wp-content\/uploads\/2023\/09\/381151851_748269243978663_8129061065305468169_n-1024x576.jpg\" alt=\"\" class=\"wp-image-9245\" srcset=\"https:\/\/przylep.edu.pl\/przedszkole\/wp-content\/uploads\/2023\/09\/381151851_748269243978663_8129061065305468169_n-1024x576.jpg 1024w, https:\/\/przylep.edu.pl\/przedszkole\/wp-content\/uploads\/2023\/09\/381151851_748269243978663_8129061065305468169_n-300x169.jpg 300w, https:\/\/przylep.edu.pl\/przedszkole\/wp-content\/uploads\/2023\/09\/381151851_748269243978663_8129061065305468169_n-768x432.jpg 768w, https:\/\/przylep.edu.pl\/przedszkole\/wp-content\/uploads\/2023\/09\/381151851_748269243978663_8129061065305468169_n-1536x864.jpg 1536w, https:\/\/przylep.edu.pl\/przedszkole\/wp-content\/uploads\/2023\/09\/381151851_748269243978663_8129061065305468169_n.jpg 2048w\" sizes=\"auto, (max-width: 1024px) 100vw, 1024px\" \/><\/figure>\n\n\n\n<figure class=\"wp-block-image size-large\"><img loading=\"lazy\" decoding=\"async\" width=\"1024\" height=\"577\" data-id=\"9244\" src=\"https:\/\/przylep.edu.pl\/przedszkole\/wp-content\/uploads\/2023\/09\/381472342_748269280645326_6407716720165174924_n-1024x577.jpg\" alt=\"\" class=\"wp-image-9244\" srcset=\"https:\/\/przylep.edu.pl\/przedszkole\/wp-content\/uploads\/2023\/09\/381472342_748269280645326_6407716720165174924_n-1024x577.jpg 1024w, https:\/\/przylep.edu.pl\/przedszkole\/wp-content\/uploads\/2023\/09\/381472342_748269280645326_6407716720165174924_n-300x169.jpg 300w, https:\/\/przylep.edu.pl\/przedszkole\/wp-content\/uploads\/2023\/09\/381472342_748269280645326_6407716720165174924_n-768x432.jpg 768w, https:\/\/przylep.edu.pl\/przedszkole\/wp-content\/uploads\/2023\/09\/381472342_748269280645326_6407716720165174924_n-1536x865.jpg 1536w, https:\/\/przylep.edu.pl\/przedszkole\/wp-content\/uploads\/2023\/09\/381472342_748269280645326_6407716720165174924_n.jpg 2048w\" sizes=\"auto, (max-width: 1024px) 100vw, 1024px\" \/><\/figure>\n<\/figure>\n\n\n\n<figure class=\"wp-block-image size-large\"><img loading=\"lazy\" decoding=\"async\" width=\"1024\" height=\"577\" src=\"https:\/\/przylep.edu.pl\/przedszkole\/wp-content\/uploads\/2023\/09\/381032114_748269690645285_1606133573380444196_n-1024x577.jpg\" alt=\"\" class=\"wp-image-9246\" srcset=\"https:\/\/przylep.edu.pl\/przedszkole\/wp-content\/uploads\/2023\/09\/381032114_748269690645285_1606133573380444196_n-1024x577.jpg 1024w, https:\/\/przylep.edu.pl\/przedszkole\/wp-content\/uploads\/2023\/09\/381032114_748269690645285_1606133573380444196_n-300x169.jpg 300w, https:\/\/przylep.edu.pl\/przedszkole\/wp-content\/uploads\/2023\/09\/381032114_748269690645285_1606133573380444196_n-768x432.jpg 768w, https:\/\/przylep.edu.pl\/przedszkole\/wp-content\/uploads\/2023\/09\/381032114_748269690645285_1606133573380444196_n-1536x865.jpg 1536w, https:\/\/przylep.edu.pl\/przedszkole\/wp-content\/uploads\/2023\/09\/381032114_748269690645285_1606133573380444196_n.jpg 2048w\" sizes=\"auto, (max-width: 1024px) 100vw, 1024px\" \/><\/figure>\n\n\n\n<figure class=\"wp-block-gallery has-nested-images columns-default is-cropped wp-block-gallery-4 is-layout-flex wp-block-gallery-is-layout-flex\">\n<figure class=\"wp-block-image size-large\"><img loading=\"lazy\" decoding=\"async\" width=\"1024\" height=\"576\" data-id=\"9247\" src=\"https:\/\/przylep.edu.pl\/przedszkole\/wp-content\/uploads\/2023\/09\/381219975_748269830645271_6118931031854100551_n-1024x576.jpg\" alt=\"\" class=\"wp-image-9247\" srcset=\"https:\/\/przylep.edu.pl\/przedszkole\/wp-content\/uploads\/2023\/09\/381219975_748269830645271_6118931031854100551_n-1024x576.jpg 1024w, https:\/\/przylep.edu.pl\/przedszkole\/wp-content\/uploads\/2023\/09\/381219975_748269830645271_6118931031854100551_n-300x169.jpg 300w, https:\/\/przylep.edu.pl\/przedszkole\/wp-content\/uploads\/2023\/09\/381219975_748269830645271_6118931031854100551_n-768x432.jpg 768w, https:\/\/przylep.edu.pl\/przedszkole\/wp-content\/uploads\/2023\/09\/381219975_748269830645271_6118931031854100551_n-1536x863.jpg 1536w, https:\/\/przylep.edu.pl\/przedszkole\/wp-content\/uploads\/2023\/09\/381219975_748269830645271_6118931031854100551_n.jpg 2048w\" sizes=\"auto, (max-width: 1024px) 100vw, 1024px\" \/><\/figure>\n<\/figure>\n","protected":false},"excerpt":{"rendered":"<p>My\u015bleli\u015bmy jak u\u015bwietni\u0107 \u015awi\u0119to Przedszkolaka I powsta\u0142a w naszych g\u0142owach My\u015bl nie\u015bmia\u0142a taka By dla naszych Przylepiak\u00f3w Zrobi\u0107 przedstawienie&#8230; C\u00f3\u017c to by\u0142y za emocje! A jakie zdziwienie! Bo na scenie w najdziwniejszych Pozach, rolach, strojach Wyst\u0105pi\u0142y dla dzieciak\u00f3w Ich Panie z przedszkola By\u0142 Smerf Lalu\u015b i Maruda, Smerfetka, Osi\u0142ek Pracu\u015b, \u0141asuch i Harmoniusz Te\u017c wpadli [&hellip;]<\/p>\n","protected":false},"author":2,"featured_media":9248,"comment_status":"closed","ping_status":"open","sticky":false,"template":"","format":"standard","meta":{"footnotes":""},"categories":[45,41,40],"tags":[],"class_list":["post-9237","post","type-post","status-publish","format-standard","has-post-thumbnail","hentry","category-aktualnosci","category-galerie","category-strona-glowna"],"_links":{"self":[{"href":"https:\/\/przylep.edu.pl\/przedszkole\/wp-json\/wp\/v2\/posts\/9237","targetHints":{"allow":["GET"]}}],"collection":[{"href":"https:\/\/przylep.edu.pl\/przedszkole\/wp-json\/wp\/v2\/posts"}],"about":[{"href":"https:\/\/przylep.edu.pl\/przedszkole\/wp-json\/wp\/v2\/types\/post"}],"author":[{"embeddable":true,"href":"https:\/\/przylep.edu.pl\/przedszkole\/wp-json\/wp\/v2\/users\/2"}],"replies":[{"embeddable":true,"href":"https:\/\/przylep.edu.pl\/przedszkole\/wp-json\/wp\/v2\/comments?post=9237"}],"version-history":[{"count":1,"href":"https:\/\/przylep.edu.pl\/przedszkole\/wp-json\/wp\/v2\/posts\/9237\/revisions"}],"predecessor-version":[{"id":9249,"href":"https:\/\/przylep.edu.pl\/przedszkole\/wp-json\/wp\/v2\/posts\/9237\/revisions\/9249"}],"wp:featuredmedia":[{"embeddable":true,"href":"https:\/\/przylep.edu.pl\/przedszkole\/wp-json\/wp\/v2\/media\/9248"}],"wp:attachment":[{"href":"https:\/\/przylep.edu.pl\/przedszkole\/wp-json\/wp\/v2\/media?parent=9237"}],"wp:term":[{"taxonomy":"category","embeddable":true,"href":"https:\/\/przylep.edu.pl\/przedszkole\/wp-json\/wp\/v2\/categories?post=9237"},{"taxonomy":"post_tag","embeddable":true,"href":"https:\/\/przylep.edu.pl\/przedszkole\/wp-json\/wp\/v2\/tags?post=9237"}],"curies":[{"name":"wp","href":"https:\/\/api.w.org\/{rel}","templated":true}]}}