{"id":9218,"date":"2023-09-17T21:32:38","date_gmt":"2023-09-17T19:32:38","guid":{"rendered":"https:\/\/przylep.edu.pl\/przedszkole\/?p=9218"},"modified":"2023-09-17T21:32:39","modified_gmt":"2023-09-17T19:32:39","slug":"dzien-kropki-w-przedszkolu","status":"publish","type":"post","link":"https:\/\/przylep.edu.pl\/przedszkole\/2023\/09\/17\/dzien-kropki-w-przedszkolu\/","title":{"rendered":"Dzie\u0144 kropki w przedszkolu"},"content":{"rendered":"\n<p>Wiara we w\u0142asne si\u0142y i umiej\u0119tno\u015bci bywa bardzo trudna. Podobnie jak ma\u0142a Vashti &#8211; bohaterka ksi\u0105\u017cki &#8222;Kropka&#8221; P.H.Reynols, cz\u0119sto dochodzimy do wniosku, \u017ce niczego nie potrafimy; \u017ce nie jeste\u015bmy w niczym dobrzy. A czasem wystarczy jedna kropka&#8230; Kropka, kt\u00f3ra jest pocz\u0105tkiem drogi, podr\u00f3\u017cy w poszukiwaniu swoich talent\u00f3w. T\u0119 kropk\u0119 mo\u017cemy postawi\u0107 sami lub mo\u017ce nam j\u0105 ofiarowa\u0107 kto\u015b inny daj\u0105c szans\u0119. 15 wrze\u015bnia obchodzili\u015bmy w naszej plac\u00f3wce Mi\u0119dzynarodowy Dzie\u0144 Kropki &#8211; \u015bwi\u0119to inspirowania i kreatywno\u015bci. I cho\u0107 kropek w przedszkolu pojawi\u0142o si\u0119 wiele, to najwa\u017cniejsze kropki by\u0142y ukryte &#8211; to talenty, kt\u00f3re pozwoli\u0142y dzieciom poczu\u0107 si\u0119 wa\u017cnymi i wyr\u00f3\u017cnionymi, wyj\u0105tkowymi.<\/p>\n\n\n\n<p>Przedszkolaki ju\u017c wiedz\u0105, \u017ce najwa\u017cniejsze to uwierzy\u0107 i da\u0107 szans\u0119, bo w ka\u017cdym z nas drzemie jaki\u015b talent.<\/p>\n\n\n\n<p>Grupa \u017c\u00f3\u0142ta rozwija\u0142a sw\u00f3j talent do kodowania, szuka\u0142a swoich mocnych stron i rozwija\u0142a umiej\u0119tno\u015bci artystyczne- by\u0142o kolorowo:)<\/p>\n\n\n\n<figure class=\"wp-block-gallery has-nested-images columns-default is-cropped wp-block-gallery-1 is-layout-flex wp-block-gallery-is-layout-flex\">\n<figure class=\"wp-block-image size-large\"><img loading=\"lazy\" decoding=\"async\" width=\"768\" height=\"1024\" data-id=\"9221\" src=\"https:\/\/przylep.edu.pl\/przedszkole\/wp-content\/uploads\/2023\/09\/377350594_1794759527646189_8543071338047293856_n-768x1024.jpg\" alt=\"\" class=\"wp-image-9221\" srcset=\"https:\/\/przylep.edu.pl\/przedszkole\/wp-content\/uploads\/2023\/09\/377350594_1794759527646189_8543071338047293856_n-768x1024.jpg 768w, https:\/\/przylep.edu.pl\/przedszkole\/wp-content\/uploads\/2023\/09\/377350594_1794759527646189_8543071338047293856_n-225x300.jpg 225w, https:\/\/przylep.edu.pl\/przedszkole\/wp-content\/uploads\/2023\/09\/377350594_1794759527646189_8543071338047293856_n-1152x1536.jpg 1152w, https:\/\/przylep.edu.pl\/przedszkole\/wp-content\/uploads\/2023\/09\/377350594_1794759527646189_8543071338047293856_n.jpg 1536w\" sizes=\"auto, (max-width: 768px) 100vw, 768px\" \/><\/figure>\n\n\n\n<figure class=\"wp-block-image size-large\"><img loading=\"lazy\" decoding=\"async\" width=\"768\" height=\"1024\" data-id=\"9220\" src=\"https:\/\/przylep.edu.pl\/przedszkole\/wp-content\/uploads\/2023\/09\/377477086_151508088017313_7655695436271727680_n-768x1024.jpg\" alt=\"\" class=\"wp-image-9220\" srcset=\"https:\/\/przylep.edu.pl\/przedszkole\/wp-content\/uploads\/2023\/09\/377477086_151508088017313_7655695436271727680_n-768x1024.jpg 768w, https:\/\/przylep.edu.pl\/przedszkole\/wp-content\/uploads\/2023\/09\/377477086_151508088017313_7655695436271727680_n-225x300.jpg 225w, https:\/\/przylep.edu.pl\/przedszkole\/wp-content\/uploads\/2023\/09\/377477086_151508088017313_7655695436271727680_n-1152x1536.jpg 1152w, https:\/\/przylep.edu.pl\/przedszkole\/wp-content\/uploads\/2023\/09\/377477086_151508088017313_7655695436271727680_n.jpg 1536w\" sizes=\"auto, (max-width: 768px) 100vw, 768px\" \/><\/figure>\n<\/figure>\n\n\n\n<h2 class=\"wp-block-heading\"><\/h2>\n\n\n\n<p>Limonki dzielnie poznawa\u0142y swoje talenty i umiej\u0119tno\u015bci .<\/p>\n\n\n\n<figure class=\"wp-block-gallery has-nested-images columns-default is-cropped wp-block-gallery-2 is-layout-flex wp-block-gallery-is-layout-flex\">\n<figure class=\"wp-block-image size-large\"><img loading=\"lazy\" decoding=\"async\" width=\"768\" height=\"1024\" data-id=\"9222\" src=\"https:\/\/przylep.edu.pl\/przedszkole\/wp-content\/uploads\/2023\/09\/377355445_1918606568525067_3153835134110069398_n-768x1024.jpg\" alt=\"\" class=\"wp-image-9222\" srcset=\"https:\/\/przylep.edu.pl\/przedszkole\/wp-content\/uploads\/2023\/09\/377355445_1918606568525067_3153835134110069398_n-768x1024.jpg 768w, https:\/\/przylep.edu.pl\/przedszkole\/wp-content\/uploads\/2023\/09\/377355445_1918606568525067_3153835134110069398_n-225x300.jpg 225w, https:\/\/przylep.edu.pl\/przedszkole\/wp-content\/uploads\/2023\/09\/377355445_1918606568525067_3153835134110069398_n-1152x1536.jpg 1152w, https:\/\/przylep.edu.pl\/przedszkole\/wp-content\/uploads\/2023\/09\/377355445_1918606568525067_3153835134110069398_n.jpg 1500w\" sizes=\"auto, (max-width: 768px) 100vw, 768px\" \/><\/figure>\n\n\n\n<figure class=\"wp-block-image size-large\"><img loading=\"lazy\" decoding=\"async\" width=\"1024\" height=\"768\" data-id=\"9224\" src=\"https:\/\/przylep.edu.pl\/przedszkole\/wp-content\/uploads\/2023\/09\/377413603_2103094096694882_4365275020640682484_n-1024x768.jpg\" alt=\"\" class=\"wp-image-9224\" srcset=\"https:\/\/przylep.edu.pl\/przedszkole\/wp-content\/uploads\/2023\/09\/377413603_2103094096694882_4365275020640682484_n-1024x768.jpg 1024w, https:\/\/przylep.edu.pl\/przedszkole\/wp-content\/uploads\/2023\/09\/377413603_2103094096694882_4365275020640682484_n-300x225.jpg 300w, https:\/\/przylep.edu.pl\/przedszkole\/wp-content\/uploads\/2023\/09\/377413603_2103094096694882_4365275020640682484_n-768x576.jpg 768w, https:\/\/przylep.edu.pl\/przedszkole\/wp-content\/uploads\/2023\/09\/377413603_2103094096694882_4365275020640682484_n-1536x1152.jpg 1536w, https:\/\/przylep.edu.pl\/przedszkole\/wp-content\/uploads\/2023\/09\/377413603_2103094096694882_4365275020640682484_n-600x450.jpg 600w, https:\/\/przylep.edu.pl\/przedszkole\/wp-content\/uploads\/2023\/09\/377413603_2103094096694882_4365275020640682484_n.jpg 2048w\" sizes=\"auto, (max-width: 1024px) 100vw, 1024px\" \/><\/figure>\n\n\n\n<figure class=\"wp-block-image size-large\"><img loading=\"lazy\" decoding=\"async\" width=\"768\" height=\"1024\" data-id=\"9223\" src=\"https:\/\/przylep.edu.pl\/przedszkole\/wp-content\/uploads\/2023\/09\/377680638_671391561589288_6732803362147626489_n-768x1024.jpg\" alt=\"\" class=\"wp-image-9223\" srcset=\"https:\/\/przylep.edu.pl\/przedszkole\/wp-content\/uploads\/2023\/09\/377680638_671391561589288_6732803362147626489_n-768x1024.jpg 768w, https:\/\/przylep.edu.pl\/przedszkole\/wp-content\/uploads\/2023\/09\/377680638_671391561589288_6732803362147626489_n-225x300.jpg 225w, https:\/\/przylep.edu.pl\/przedszkole\/wp-content\/uploads\/2023\/09\/377680638_671391561589288_6732803362147626489_n-1152x1536.jpg 1152w, https:\/\/przylep.edu.pl\/przedszkole\/wp-content\/uploads\/2023\/09\/377680638_671391561589288_6732803362147626489_n.jpg 1536w\" sizes=\"auto, (max-width: 768px) 100vw, 768px\" \/><\/figure>\n<\/figure>\n\n\n\n<p>Grupa srebrna pozna\u0142a histori\u0119 kropki, bawi\u0142a si\u0119 w odnajdowanie po\u0142\u00f3wek kropek przy muzyce. Barwnie zrobi\u0142o si\u0119 za spraw\u0105 wsp\u00f3lnej pracy plastycznej &#8211; kropka z kolorowych k\u00f3\u0142ek i nakr\u0119tek.<\/p>\n\n\n\n<figure class=\"wp-block-gallery has-nested-images columns-default is-cropped wp-block-gallery-3 is-layout-flex wp-block-gallery-is-layout-flex\">\n<figure class=\"wp-block-image size-large\"><img loading=\"lazy\" decoding=\"async\" width=\"768\" height=\"1024\" data-id=\"9226\" src=\"https:\/\/przylep.edu.pl\/przedszkole\/wp-content\/uploads\/2023\/09\/377687586_963460781417503_347945378486568946_n-768x1024.jpg\" alt=\"\" class=\"wp-image-9226\" srcset=\"https:\/\/przylep.edu.pl\/przedszkole\/wp-content\/uploads\/2023\/09\/377687586_963460781417503_347945378486568946_n-768x1024.jpg 768w, https:\/\/przylep.edu.pl\/przedszkole\/wp-content\/uploads\/2023\/09\/377687586_963460781417503_347945378486568946_n-225x300.jpg 225w, https:\/\/przylep.edu.pl\/przedszkole\/wp-content\/uploads\/2023\/09\/377687586_963460781417503_347945378486568946_n.jpg 1080w\" sizes=\"auto, (max-width: 768px) 100vw, 768px\" \/><\/figure>\n\n\n\n<figure class=\"wp-block-image size-large\"><img loading=\"lazy\" decoding=\"async\" width=\"1024\" height=\"768\" data-id=\"9225\" src=\"https:\/\/przylep.edu.pl\/przedszkole\/wp-content\/uploads\/2023\/09\/377711871_829122205347099_2576028869365951060_n-1024x768.jpg\" alt=\"\" class=\"wp-image-9225\" srcset=\"https:\/\/przylep.edu.pl\/przedszkole\/wp-content\/uploads\/2023\/09\/377711871_829122205347099_2576028869365951060_n-1024x768.jpg 1024w, https:\/\/przylep.edu.pl\/przedszkole\/wp-content\/uploads\/2023\/09\/377711871_829122205347099_2576028869365951060_n-300x225.jpg 300w, https:\/\/przylep.edu.pl\/przedszkole\/wp-content\/uploads\/2023\/09\/377711871_829122205347099_2576028869365951060_n-768x576.jpg 768w, https:\/\/przylep.edu.pl\/przedszkole\/wp-content\/uploads\/2023\/09\/377711871_829122205347099_2576028869365951060_n-600x450.jpg 600w, https:\/\/przylep.edu.pl\/przedszkole\/wp-content\/uploads\/2023\/09\/377711871_829122205347099_2576028869365951060_n.jpg 1080w\" sizes=\"auto, (max-width: 1024px) 100vw, 1024px\" \/><\/figure>\n<\/figure>\n\n\n\n<p>Grupa niebieska odda\u0142a si\u0119 zabawom tanecznym, doskonali\u0142a znajomo\u015b\u0107 liczebnik\u00f3w porz\u0105dkowych tworz\u0105c portret biedronki, a na koniec stworzy\u0142a swoje portrety umiej\u0119tno\u015bci, kt\u00f3re zdobi\u0105 nasz\u0105 galeri\u0119.<\/p>\n\n\n\n<figure class=\"wp-block-gallery has-nested-images columns-default is-cropped wp-block-gallery-4 is-layout-flex wp-block-gallery-is-layout-flex\">\n<figure class=\"wp-block-image size-large\"><img loading=\"lazy\" decoding=\"async\" width=\"766\" height=\"1024\" data-id=\"9227\" src=\"https:\/\/przylep.edu.pl\/przedszkole\/wp-content\/uploads\/2023\/09\/378208323_861148712062786_872991046275739169_n-766x1024.jpg\" alt=\"\" class=\"wp-image-9227\" srcset=\"https:\/\/przylep.edu.pl\/przedszkole\/wp-content\/uploads\/2023\/09\/378208323_861148712062786_872991046275739169_n-766x1024.jpg 766w, https:\/\/przylep.edu.pl\/przedszkole\/wp-content\/uploads\/2023\/09\/378208323_861148712062786_872991046275739169_n-224x300.jpg 224w, https:\/\/przylep.edu.pl\/przedszkole\/wp-content\/uploads\/2023\/09\/378208323_861148712062786_872991046275739169_n-768x1027.jpg 768w, https:\/\/przylep.edu.pl\/przedszkole\/wp-content\/uploads\/2023\/09\/378208323_861148712062786_872991046275739169_n-1149x1536.jpg 1149w, https:\/\/przylep.edu.pl\/przedszkole\/wp-content\/uploads\/2023\/09\/378208323_861148712062786_872991046275739169_n.jpg 1496w\" sizes=\"auto, (max-width: 766px) 100vw, 766px\" \/><\/figure>\n\n\n\n<figure class=\"wp-block-image size-large\"><img loading=\"lazy\" decoding=\"async\" width=\"766\" height=\"1024\" data-id=\"9228\" src=\"https:\/\/przylep.edu.pl\/przedszkole\/wp-content\/uploads\/2023\/09\/378245896_1282229515818345_4459378115962640653_n-766x1024.jpg\" alt=\"\" class=\"wp-image-9228\" srcset=\"https:\/\/przylep.edu.pl\/przedszkole\/wp-content\/uploads\/2023\/09\/378245896_1282229515818345_4459378115962640653_n-766x1024.jpg 766w, https:\/\/przylep.edu.pl\/przedszkole\/wp-content\/uploads\/2023\/09\/378245896_1282229515818345_4459378115962640653_n-224x300.jpg 224w, https:\/\/przylep.edu.pl\/przedszkole\/wp-content\/uploads\/2023\/09\/378245896_1282229515818345_4459378115962640653_n-768x1027.jpg 768w, https:\/\/przylep.edu.pl\/przedszkole\/wp-content\/uploads\/2023\/09\/378245896_1282229515818345_4459378115962640653_n-1149x1536.jpg 1149w, https:\/\/przylep.edu.pl\/przedszkole\/wp-content\/uploads\/2023\/09\/378245896_1282229515818345_4459378115962640653_n.jpg 1496w\" sizes=\"auto, (max-width: 766px) 100vw, 766px\" \/><\/figure>\n<\/figure>\n\n\n\n<p>\u015awi\u0119to Kropki pierwszy raz obchodzi\u0142y nasze Wrzosy, kt\u00f3re dzielnie poszukiwa\u0142y kropek, utrwala\u0142y nazwy kolor\u00f3w. Odda\u0142y si\u0119 wci\u0105gaj\u0105cej zabawie w dmuchanie, klaskanie, pocieranie i przekr\u0119canie z ksi\u0105\u017ck\u0105 &#8222;Naci\u015bnij mnie&#8221; H.Tullet oraz stworzy\u0142y swoje pierwsze kroplowe dzie\u0142o.<\/p>\n\n\n\n<figure class=\"wp-block-gallery has-nested-images columns-default is-cropped wp-block-gallery-5 is-layout-flex wp-block-gallery-is-layout-flex\">\n<figure class=\"wp-block-image size-large\"><img loading=\"lazy\" decoding=\"async\" width=\"768\" height=\"1024\" data-id=\"9230\" src=\"https:\/\/przylep.edu.pl\/przedszkole\/wp-content\/uploads\/2023\/09\/377657903_1065320741506303_4396781578748252456_n-768x1024.jpg\" alt=\"\" class=\"wp-image-9230\" srcset=\"https:\/\/przylep.edu.pl\/przedszkole\/wp-content\/uploads\/2023\/09\/377657903_1065320741506303_4396781578748252456_n-768x1024.jpg 768w, https:\/\/przylep.edu.pl\/przedszkole\/wp-content\/uploads\/2023\/09\/377657903_1065320741506303_4396781578748252456_n-225x300.jpg 225w, https:\/\/przylep.edu.pl\/przedszkole\/wp-content\/uploads\/2023\/09\/377657903_1065320741506303_4396781578748252456_n-1152x1536.jpg 1152w, https:\/\/przylep.edu.pl\/przedszkole\/wp-content\/uploads\/2023\/09\/377657903_1065320741506303_4396781578748252456_n.jpg 1536w\" sizes=\"auto, (max-width: 768px) 100vw, 768px\" \/><\/figure>\n\n\n\n<figure class=\"wp-block-image size-large\"><img loading=\"lazy\" decoding=\"async\" width=\"768\" height=\"1024\" data-id=\"9231\" src=\"https:\/\/przylep.edu.pl\/przedszkole\/wp-content\/uploads\/2023\/09\/377711868_1354305422137904_8338776283310247471_n-768x1024.jpg\" alt=\"\" class=\"wp-image-9231\" srcset=\"https:\/\/przylep.edu.pl\/przedszkole\/wp-content\/uploads\/2023\/09\/377711868_1354305422137904_8338776283310247471_n-768x1024.jpg 768w, https:\/\/przylep.edu.pl\/przedszkole\/wp-content\/uploads\/2023\/09\/377711868_1354305422137904_8338776283310247471_n-225x300.jpg 225w, https:\/\/przylep.edu.pl\/przedszkole\/wp-content\/uploads\/2023\/09\/377711868_1354305422137904_8338776283310247471_n-1152x1536.jpg 1152w, https:\/\/przylep.edu.pl\/przedszkole\/wp-content\/uploads\/2023\/09\/377711868_1354305422137904_8338776283310247471_n.jpg 1536w\" sizes=\"auto, (max-width: 768px) 100vw, 768px\" \/><\/figure>\n\n\n\n<figure class=\"wp-block-image size-large\"><img loading=\"lazy\" decoding=\"async\" width=\"768\" height=\"1024\" data-id=\"9229\" src=\"https:\/\/przylep.edu.pl\/przedszkole\/wp-content\/uploads\/2023\/09\/377724731_846856486746912_2835567581219475137_n-768x1024.jpg\" alt=\"\" class=\"wp-image-9229\" srcset=\"https:\/\/przylep.edu.pl\/przedszkole\/wp-content\/uploads\/2023\/09\/377724731_846856486746912_2835567581219475137_n-768x1024.jpg 768w, https:\/\/przylep.edu.pl\/przedszkole\/wp-content\/uploads\/2023\/09\/377724731_846856486746912_2835567581219475137_n-225x300.jpg 225w, https:\/\/przylep.edu.pl\/przedszkole\/wp-content\/uploads\/2023\/09\/377724731_846856486746912_2835567581219475137_n-1152x1536.jpg 1152w, https:\/\/przylep.edu.pl\/przedszkole\/wp-content\/uploads\/2023\/09\/377724731_846856486746912_2835567581219475137_n.jpg 1536w\" sizes=\"auto, (max-width: 768px) 100vw, 768px\" \/><\/figure>\n<\/figure>\n\n\n\n<p>By\u0142o barwnie, weso\u0142o i zabawnie r\u00f3wnie\u017c w grupie pomara\u0144czowej, bo talent\u00f3w u nas nie brakuje&#8230;<\/p>\n\n\n\n<figure class=\"wp-block-gallery has-nested-images columns-default is-cropped wp-block-gallery-6 is-layout-flex wp-block-gallery-is-layout-flex\">\n<figure class=\"wp-block-image size-large\"><img loading=\"lazy\" decoding=\"async\" width=\"1024\" height=\"768\" data-id=\"9233\" src=\"https:\/\/przylep.edu.pl\/przedszkole\/wp-content\/uploads\/2023\/09\/377402011_807238497860326_8723813629502300768_n-1024x768.jpg\" alt=\"\" class=\"wp-image-9233\" srcset=\"https:\/\/przylep.edu.pl\/przedszkole\/wp-content\/uploads\/2023\/09\/377402011_807238497860326_8723813629502300768_n-1024x768.jpg 1024w, https:\/\/przylep.edu.pl\/przedszkole\/wp-content\/uploads\/2023\/09\/377402011_807238497860326_8723813629502300768_n-300x225.jpg 300w, https:\/\/przylep.edu.pl\/przedszkole\/wp-content\/uploads\/2023\/09\/377402011_807238497860326_8723813629502300768_n-768x576.jpg 768w, https:\/\/przylep.edu.pl\/przedszkole\/wp-content\/uploads\/2023\/09\/377402011_807238497860326_8723813629502300768_n-1536x1152.jpg 1536w, https:\/\/przylep.edu.pl\/przedszkole\/wp-content\/uploads\/2023\/09\/377402011_807238497860326_8723813629502300768_n-600x450.jpg 600w, https:\/\/przylep.edu.pl\/przedszkole\/wp-content\/uploads\/2023\/09\/377402011_807238497860326_8723813629502300768_n.jpg 1728w\" sizes=\"auto, (max-width: 1024px) 100vw, 1024px\" \/><\/figure>\n\n\n\n<figure class=\"wp-block-image size-large\"><img loading=\"lazy\" decoding=\"async\" width=\"1024\" height=\"768\" data-id=\"9234\" src=\"https:\/\/przylep.edu.pl\/przedszkole\/wp-content\/uploads\/2023\/09\/377760590_327895703138160_8265564709275306192_n-1024x768.jpg\" alt=\"\" class=\"wp-image-9234\" srcset=\"https:\/\/przylep.edu.pl\/przedszkole\/wp-content\/uploads\/2023\/09\/377760590_327895703138160_8265564709275306192_n-1024x768.jpg 1024w, https:\/\/przylep.edu.pl\/przedszkole\/wp-content\/uploads\/2023\/09\/377760590_327895703138160_8265564709275306192_n-300x225.jpg 300w, https:\/\/przylep.edu.pl\/przedszkole\/wp-content\/uploads\/2023\/09\/377760590_327895703138160_8265564709275306192_n-768x576.jpg 768w, https:\/\/przylep.edu.pl\/przedszkole\/wp-content\/uploads\/2023\/09\/377760590_327895703138160_8265564709275306192_n-1536x1152.jpg 1536w, https:\/\/przylep.edu.pl\/przedszkole\/wp-content\/uploads\/2023\/09\/377760590_327895703138160_8265564709275306192_n-600x450.jpg 600w, https:\/\/przylep.edu.pl\/przedszkole\/wp-content\/uploads\/2023\/09\/377760590_327895703138160_8265564709275306192_n.jpg 1728w\" sizes=\"auto, (max-width: 1024px) 100vw, 1024px\" \/><\/figure>\n\n\n\n<figure class=\"wp-block-image size-large\"><img loading=\"lazy\" decoding=\"async\" width=\"1024\" height=\"768\" data-id=\"9232\" src=\"https:\/\/przylep.edu.pl\/przedszkole\/wp-content\/uploads\/2023\/09\/377884497_298400596128295_1718566538193351559_n-1024x768.jpg\" alt=\"\" class=\"wp-image-9232\" srcset=\"https:\/\/przylep.edu.pl\/przedszkole\/wp-content\/uploads\/2023\/09\/377884497_298400596128295_1718566538193351559_n-1024x768.jpg 1024w, https:\/\/przylep.edu.pl\/przedszkole\/wp-content\/uploads\/2023\/09\/377884497_298400596128295_1718566538193351559_n-300x225.jpg 300w, https:\/\/przylep.edu.pl\/przedszkole\/wp-content\/uploads\/2023\/09\/377884497_298400596128295_1718566538193351559_n-768x576.jpg 768w, https:\/\/przylep.edu.pl\/przedszkole\/wp-content\/uploads\/2023\/09\/377884497_298400596128295_1718566538193351559_n-1536x1152.jpg 1536w, https:\/\/przylep.edu.pl\/przedszkole\/wp-content\/uploads\/2023\/09\/377884497_298400596128295_1718566538193351559_n-600x450.jpg 600w, https:\/\/przylep.edu.pl\/przedszkole\/wp-content\/uploads\/2023\/09\/377884497_298400596128295_1718566538193351559_n.jpg 1728w\" sizes=\"auto, (max-width: 1024px) 100vw, 1024px\" \/><\/figure>\n<\/figure>\n","protected":false},"excerpt":{"rendered":"<p>Wiara we w\u0142asne si\u0142y i umiej\u0119tno\u015bci bywa bardzo trudna. Podobnie jak ma\u0142a Vashti &#8211; bohaterka ksi\u0105\u017cki &#8222;Kropka&#8221; P.H.Reynols, cz\u0119sto dochodzimy do wniosku, \u017ce niczego nie potrafimy; \u017ce nie jeste\u015bmy w niczym dobrzy. A czasem wystarczy jedna kropka&#8230; Kropka, kt\u00f3ra jest pocz\u0105tkiem drogi, podr\u00f3\u017cy w poszukiwaniu swoich talent\u00f3w. T\u0119 kropk\u0119 mo\u017cemy postawi\u0107 sami lub mo\u017ce nam [&hellip;]<\/p>\n","protected":false},"author":2,"featured_media":9235,"comment_status":"closed","ping_status":"open","sticky":false,"template":"","format":"standard","meta":{"footnotes":""},"categories":[45,41,40],"tags":[],"class_list":["post-9218","post","type-post","status-publish","format-standard","has-post-thumbnail","hentry","category-aktualnosci","category-galerie","category-strona-glowna"],"_links":{"self":[{"href":"https:\/\/przylep.edu.pl\/przedszkole\/wp-json\/wp\/v2\/posts\/9218","targetHints":{"allow":["GET"]}}],"collection":[{"href":"https:\/\/przylep.edu.pl\/przedszkole\/wp-json\/wp\/v2\/posts"}],"about":[{"href":"https:\/\/przylep.edu.pl\/przedszkole\/wp-json\/wp\/v2\/types\/post"}],"author":[{"embeddable":true,"href":"https:\/\/przylep.edu.pl\/przedszkole\/wp-json\/wp\/v2\/users\/2"}],"replies":[{"embeddable":true,"href":"https:\/\/przylep.edu.pl\/przedszkole\/wp-json\/wp\/v2\/comments?post=9218"}],"version-history":[{"count":1,"href":"https:\/\/przylep.edu.pl\/przedszkole\/wp-json\/wp\/v2\/posts\/9218\/revisions"}],"predecessor-version":[{"id":9236,"href":"https:\/\/przylep.edu.pl\/przedszkole\/wp-json\/wp\/v2\/posts\/9218\/revisions\/9236"}],"wp:featuredmedia":[{"embeddable":true,"href":"https:\/\/przylep.edu.pl\/przedszkole\/wp-json\/wp\/v2\/media\/9235"}],"wp:attachment":[{"href":"https:\/\/przylep.edu.pl\/przedszkole\/wp-json\/wp\/v2\/media?parent=9218"}],"wp:term":[{"taxonomy":"category","embeddable":true,"href":"https:\/\/przylep.edu.pl\/przedszkole\/wp-json\/wp\/v2\/categories?post=9218"},{"taxonomy":"post_tag","embeddable":true,"href":"https:\/\/przylep.edu.pl\/przedszkole\/wp-json\/wp\/v2\/tags?post=9218"}],"curies":[{"name":"wp","href":"https:\/\/api.w.org\/{rel}","templated":true}]}}