{"id":9205,"date":"2023-09-02T21:27:29","date_gmt":"2023-09-02T19:27:29","guid":{"rendered":"https:\/\/przylep.edu.pl\/przedszkole\/?p=9205"},"modified":"2023-09-02T21:27:29","modified_gmt":"2023-09-02T19:27:29","slug":"plan-lekcji","status":"publish","type":"post","link":"https:\/\/przylep.edu.pl\/przedszkole\/2023\/09\/02\/plan-lekcji\/","title":{"rendered":"Plan lekcji"},"content":{"rendered":"\n<p>Szanowni Pa\u0144stwo, w za\u0142\u0105cznikach znajduj\u0105 si\u0119 plany lekcji wszystkich klas. Podczas pierwszych tygodni mog\u0105 one ulec modyfikacjom. Przerwa obiadowa planowana jest w godzinach 12.15- 13.30<\/p>\n\n\n\n<p>Zaj\u0119cia dodatkowe b\u0119d\u0105 odbywa\u0107 si\u0119  w godzinach popo\u0142udniowych. <\/p>\n\n\n\n<div data-wp-interactive=\"core\/file\" class=\"wp-block-file\"><object data-wp-bind--hidden=\"!state.hasPdfPreview\" hidden class=\"wp-block-file__embed\" data=\"https:\/\/przylep.edu.pl\/przedszkole\/wp-content\/uploads\/2023\/09\/PLAN-LEKCJI-1a.pdf\" type=\"application\/pdf\" style=\"width:100%;height:600px\" aria-label=\"Osadzone z PLAN-LEKCJI-1a.\"><\/object><a id=\"wp-block-file--media-9b8794e5-8671-475e-ba0e-8923a16d926d\" href=\"https:\/\/przylep.edu.pl\/przedszkole\/wp-content\/uploads\/2023\/09\/PLAN-LEKCJI-1a.pdf\">PLAN-LEKCJI-1a<\/a><a href=\"https:\/\/przylep.edu.pl\/przedszkole\/wp-content\/uploads\/2023\/09\/PLAN-LEKCJI-1a.pdf\" class=\"wp-block-file__button wp-element-button\" download aria-describedby=\"wp-block-file--media-9b8794e5-8671-475e-ba0e-8923a16d926d\">Pobierz<\/a><\/div>\n\n\n\n<div data-wp-interactive=\"core\/file\" class=\"wp-block-file\"><object data-wp-bind--hidden=\"!state.hasPdfPreview\" hidden class=\"wp-block-file__embed\" data=\"https:\/\/przylep.edu.pl\/przedszkole\/wp-content\/uploads\/2023\/09\/PLAN-LEKCJI-1b.pdf\" type=\"application\/pdf\" style=\"width:100%;height:600px\" aria-label=\"Osadzone z PLAN-LEKCJI-1b.\"><\/object><a id=\"wp-block-file--media-1f375c80-7387-4c55-9f98-48771450455d\" href=\"https:\/\/przylep.edu.pl\/przedszkole\/wp-content\/uploads\/2023\/09\/PLAN-LEKCJI-1b.pdf\">PLAN-LEKCJI-1b<\/a><a href=\"https:\/\/przylep.edu.pl\/przedszkole\/wp-content\/uploads\/2023\/09\/PLAN-LEKCJI-1b.pdf\" class=\"wp-block-file__button wp-element-button\" download aria-describedby=\"wp-block-file--media-1f375c80-7387-4c55-9f98-48771450455d\">Pobierz<\/a><\/div>\n\n\n\n<div data-wp-interactive=\"core\/file\" class=\"wp-block-file\"><object data-wp-bind--hidden=\"!state.hasPdfPreview\" hidden class=\"wp-block-file__embed\" data=\"https:\/\/przylep.edu.pl\/przedszkole\/wp-content\/uploads\/2023\/09\/PLAN-LEKCJI-2A.pdf\" type=\"application\/pdf\" style=\"width:100%;height:600px\" aria-label=\"Osadzone z PLAN-LEKCJI-2A.\"><\/object><a id=\"wp-block-file--media-b5b5b107-79d3-4a0e-9dd1-d2dd2e186223\" href=\"https:\/\/przylep.edu.pl\/przedszkole\/wp-content\/uploads\/2023\/09\/PLAN-LEKCJI-2A.pdf\">PLAN-LEKCJI-2A<\/a><a href=\"https:\/\/przylep.edu.pl\/przedszkole\/wp-content\/uploads\/2023\/09\/PLAN-LEKCJI-2A.pdf\" class=\"wp-block-file__button wp-element-button\" download aria-describedby=\"wp-block-file--media-b5b5b107-79d3-4a0e-9dd1-d2dd2e186223\">Pobierz<\/a><\/div>\n\n\n\n<div data-wp-interactive=\"core\/file\" class=\"wp-block-file\"><object data-wp-bind--hidden=\"!state.hasPdfPreview\" hidden class=\"wp-block-file__embed\" data=\"https:\/\/przylep.edu.pl\/przedszkole\/wp-content\/uploads\/2023\/09\/PLAN-LEKCJI-2B.pdf\" type=\"application\/pdf\" style=\"width:100%;height:600px\" aria-label=\"Osadzone z PLAN-LEKCJI-2B.\"><\/object><a id=\"wp-block-file--media-552708b3-de55-4621-aab2-2d0ab636e081\" href=\"https:\/\/przylep.edu.pl\/przedszkole\/wp-content\/uploads\/2023\/09\/PLAN-LEKCJI-2B.pdf\">PLAN-LEKCJI-2B<\/a><a href=\"https:\/\/przylep.edu.pl\/przedszkole\/wp-content\/uploads\/2023\/09\/PLAN-LEKCJI-2B.pdf\" class=\"wp-block-file__button wp-element-button\" download aria-describedby=\"wp-block-file--media-552708b3-de55-4621-aab2-2d0ab636e081\">Pobierz<\/a><\/div>\n\n\n\n<div data-wp-interactive=\"core\/file\" class=\"wp-block-file\"><object data-wp-bind--hidden=\"!state.hasPdfPreview\" hidden class=\"wp-block-file__embed\" data=\"https:\/\/przylep.edu.pl\/przedszkole\/wp-content\/uploads\/2023\/09\/PLAN-LEKCJI-kl.-3.pdf\" type=\"application\/pdf\" style=\"width:100%;height:600px\" aria-label=\"Osadzone z PLAN-LEKCJI-kl.-3.\"><\/object><a id=\"wp-block-file--media-b0f84869-e50e-4473-aaeb-43a629475b20\" href=\"https:\/\/przylep.edu.pl\/przedszkole\/wp-content\/uploads\/2023\/09\/PLAN-LEKCJI-kl.-3.pdf\">PLAN-LEKCJI-kl.-3<\/a><a href=\"https:\/\/przylep.edu.pl\/przedszkole\/wp-content\/uploads\/2023\/09\/PLAN-LEKCJI-kl.-3.pdf\" class=\"wp-block-file__button wp-element-button\" download aria-describedby=\"wp-block-file--media-b0f84869-e50e-4473-aaeb-43a629475b20\">Pobierz<\/a><\/div>\n\n\n\n<div data-wp-interactive=\"core\/file\" class=\"wp-block-file\"><object data-wp-bind--hidden=\"!state.hasPdfPreview\" hidden class=\"wp-block-file__embed\" data=\"https:\/\/przylep.edu.pl\/przedszkole\/wp-content\/uploads\/2023\/09\/PLAN-LEKCJI-kl.4.pdf\" type=\"application\/pdf\" style=\"width:100%;height:600px\" aria-label=\"Osadzone z PLAN-LEKCJI-kl.4.\"><\/object><a id=\"wp-block-file--media-29007e72-c238-4cd6-b6f6-d3ee46879bc0\" href=\"https:\/\/przylep.edu.pl\/przedszkole\/wp-content\/uploads\/2023\/09\/PLAN-LEKCJI-kl.4.pdf\">PLAN-LEKCJI-kl.4<\/a><a href=\"https:\/\/przylep.edu.pl\/przedszkole\/wp-content\/uploads\/2023\/09\/PLAN-LEKCJI-kl.4.pdf\" class=\"wp-block-file__button wp-element-button\" download aria-describedby=\"wp-block-file--media-29007e72-c238-4cd6-b6f6-d3ee46879bc0\">Pobierz<\/a><\/div>\n","protected":false},"excerpt":{"rendered":"<p>Szanowni Pa\u0144stwo, w za\u0142\u0105cznikach znajduj\u0105 si\u0119 plany lekcji wszystkich klas. Podczas pierwszych tygodni mog\u0105 one ulec modyfikacjom. Przerwa obiadowa planowana jest w godzinach 12.15- 13.30 Zaj\u0119cia dodatkowe b\u0119d\u0105 odbywa\u0107 si\u0119 w godzinach popo\u0142udniowych.<\/p>\n","protected":false},"author":2,"featured_media":0,"comment_status":"closed","ping_status":"open","sticky":false,"template":"","format":"standard","meta":{"footnotes":""},"categories":[45,40],"tags":[],"class_list":["post-9205","post","type-post","status-publish","format-standard","hentry","category-aktualnosci","category-strona-glowna"],"_links":{"self":[{"href":"https:\/\/przylep.edu.pl\/przedszkole\/wp-json\/wp\/v2\/posts\/9205","targetHints":{"allow":["GET"]}}],"collection":[{"href":"https:\/\/przylep.edu.pl\/przedszkole\/wp-json\/wp\/v2\/posts"}],"about":[{"href":"https:\/\/przylep.edu.pl\/przedszkole\/wp-json\/wp\/v2\/types\/post"}],"author":[{"embeddable":true,"href":"https:\/\/przylep.edu.pl\/przedszkole\/wp-json\/wp\/v2\/users\/2"}],"replies":[{"embeddable":true,"href":"https:\/\/przylep.edu.pl\/przedszkole\/wp-json\/wp\/v2\/comments?post=9205"}],"version-history":[{"count":1,"href":"https:\/\/przylep.edu.pl\/przedszkole\/wp-json\/wp\/v2\/posts\/9205\/revisions"}],"predecessor-version":[{"id":9212,"href":"https:\/\/przylep.edu.pl\/przedszkole\/wp-json\/wp\/v2\/posts\/9205\/revisions\/9212"}],"wp:attachment":[{"href":"https:\/\/przylep.edu.pl\/przedszkole\/wp-json\/wp\/v2\/media?parent=9205"}],"wp:term":[{"taxonomy":"category","embeddable":true,"href":"https:\/\/przylep.edu.pl\/przedszkole\/wp-json\/wp\/v2\/categories?post=9205"},{"taxonomy":"post_tag","embeddable":true,"href":"https:\/\/przylep.edu.pl\/przedszkole\/wp-json\/wp\/v2\/tags?post=9205"}],"curies":[{"name":"wp","href":"https:\/\/api.w.org\/{rel}","templated":true}]}}