{"id":9203,"date":"2023-09-01T05:42:16","date_gmt":"2023-09-01T03:42:16","guid":{"rendered":"https:\/\/przylep.edu.pl\/przedszkole\/?p=9203"},"modified":"2023-09-01T05:42:17","modified_gmt":"2023-09-01T03:42:17","slug":"rozpoczecie-roku-szkolnego-2023-2024","status":"publish","type":"post","link":"https:\/\/przylep.edu.pl\/przedszkole\/2023\/09\/01\/rozpoczecie-roku-szkolnego-2023-2024\/","title":{"rendered":"Rozpocz\u0119cie roku szkolnego 2023\/2024"},"content":{"rendered":"\n<p>Szanowni Pa\u0144stwo, w poniedzia\u0142ek 4 wrze\u015bnia 2023 r., w naszej plac\u00f3wce uczniowie z klas pierwszych przychodz\u0105 z rodzicami do szko\u0142y o godz. 8.30.  Na pocz\u0105tku b\u0119dzie spotkanie z wychowawczyniami <br>w salach.<\/p>\n\n\n\n<p>Uczniowie klas 2, klasy 3 i klasy 4 przychodz\u0105 do szko\u0142y o 9.00. <\/p>\n\n\n\n<p>W tym dniu obowi\u0105zuje str\u00f3j galowy- bia\u0142a koszula, bluzka, czarny granatowy d\u00f3\u0142- sp\u00f3dnica, spodnie. <\/p>\n\n\n\n<p>Przed nami nowa przygoda!<\/p>\n\n\n\n<p><\/p>\n","protected":false},"excerpt":{"rendered":"<p>Szanowni Pa\u0144stwo, w poniedzia\u0142ek 4 wrze\u015bnia 2023 r., w naszej plac\u00f3wce uczniowie z klas pierwszych przychodz\u0105 z rodzicami do szko\u0142y o godz. 8.30. Na pocz\u0105tku b\u0119dzie spotkanie z wychowawczyniami w salach. Uczniowie klas 2, klasy 3 i klasy 4 przychodz\u0105 do szko\u0142y o 9.00. W tym dniu obowi\u0105zuje str\u00f3j galowy- bia\u0142a koszula, bluzka, czarny granatowy [&hellip;]<\/p>\n","protected":false},"author":2,"featured_media":0,"comment_status":"closed","ping_status":"open","sticky":false,"template":"","format":"standard","meta":{"footnotes":""},"categories":[45],"tags":[],"class_list":["post-9203","post","type-post","status-publish","format-standard","hentry","category-aktualnosci"],"_links":{"self":[{"href":"https:\/\/przylep.edu.pl\/przedszkole\/wp-json\/wp\/v2\/posts\/9203","targetHints":{"allow":["GET"]}}],"collection":[{"href":"https:\/\/przylep.edu.pl\/przedszkole\/wp-json\/wp\/v2\/posts"}],"about":[{"href":"https:\/\/przylep.edu.pl\/przedszkole\/wp-json\/wp\/v2\/types\/post"}],"author":[{"embeddable":true,"href":"https:\/\/przylep.edu.pl\/przedszkole\/wp-json\/wp\/v2\/users\/2"}],"replies":[{"embeddable":true,"href":"https:\/\/przylep.edu.pl\/przedszkole\/wp-json\/wp\/v2\/comments?post=9203"}],"version-history":[{"count":1,"href":"https:\/\/przylep.edu.pl\/przedszkole\/wp-json\/wp\/v2\/posts\/9203\/revisions"}],"predecessor-version":[{"id":9204,"href":"https:\/\/przylep.edu.pl\/przedszkole\/wp-json\/wp\/v2\/posts\/9203\/revisions\/9204"}],"wp:attachment":[{"href":"https:\/\/przylep.edu.pl\/przedszkole\/wp-json\/wp\/v2\/media?parent=9203"}],"wp:term":[{"taxonomy":"category","embeddable":true,"href":"https:\/\/przylep.edu.pl\/przedszkole\/wp-json\/wp\/v2\/categories?post=9203"},{"taxonomy":"post_tag","embeddable":true,"href":"https:\/\/przylep.edu.pl\/przedszkole\/wp-json\/wp\/v2\/tags?post=9203"}],"curies":[{"name":"wp","href":"https:\/\/api.w.org\/{rel}","templated":true}]}}