{"id":9199,"date":"2023-08-27T17:03:12","date_gmt":"2023-08-27T15:03:12","guid":{"rendered":"https:\/\/przylep.edu.pl\/przedszkole\/?p=9199"},"modified":"2023-08-27T17:03:12","modified_gmt":"2023-08-27T15:03:12","slug":"swietlica-w-2023","status":"publish","type":"post","link":"https:\/\/przylep.edu.pl\/przedszkole\/2023\/08\/27\/swietlica-w-2023\/","title":{"rendered":"\u015awietlica w 2023"},"content":{"rendered":"\n<p>W za\u0142\u0105czniku znajduje si\u0119 karta do \u015bwietlicy z potrzebnymi informacjami. Wydrukowany i wype\u0142niony dokument przynosz\u0105 Pa\u0144stwo 4 wrze\u015bnia 2023 do nauczycieli \u015bwietlicy.<\/p>\n\n\n\n<div class=\"wp-block-file\"><a id=\"wp-block-file--media-6acbf172-bacc-4e74-8db7-d9dc65249a23\" href=\"https:\/\/przylep.edu.pl\/przedszkole\/wp-content\/uploads\/2023\/08\/karta-swietlica-aktualizacja-23.doc\">karta-swietlica-aktualizacja-23<\/a><a href=\"https:\/\/przylep.edu.pl\/przedszkole\/wp-content\/uploads\/2023\/08\/karta-swietlica-aktualizacja-23.doc\" class=\"wp-block-file__button wp-element-button\" download aria-describedby=\"wp-block-file--media-6acbf172-bacc-4e74-8db7-d9dc65249a23\">Pobierz<\/a><\/div>\n","protected":false},"excerpt":{"rendered":"<p>W za\u0142\u0105czniku znajduje si\u0119 karta do \u015bwietlicy z potrzebnymi informacjami. Wydrukowany i wype\u0142niony dokument przynosz\u0105 Pa\u0144stwo 4 wrze\u015bnia 2023 do nauczycieli \u015bwietlicy.<\/p>\n","protected":false},"author":2,"featured_media":0,"comment_status":"closed","ping_status":"open","sticky":false,"template":"","format":"standard","meta":{"footnotes":""},"categories":[45],"tags":[],"class_list":["post-9199","post","type-post","status-publish","format-standard","hentry","category-aktualnosci"],"_links":{"self":[{"href":"https:\/\/przylep.edu.pl\/przedszkole\/wp-json\/wp\/v2\/posts\/9199","targetHints":{"allow":["GET"]}}],"collection":[{"href":"https:\/\/przylep.edu.pl\/przedszkole\/wp-json\/wp\/v2\/posts"}],"about":[{"href":"https:\/\/przylep.edu.pl\/przedszkole\/wp-json\/wp\/v2\/types\/post"}],"author":[{"embeddable":true,"href":"https:\/\/przylep.edu.pl\/przedszkole\/wp-json\/wp\/v2\/users\/2"}],"replies":[{"embeddable":true,"href":"https:\/\/przylep.edu.pl\/przedszkole\/wp-json\/wp\/v2\/comments?post=9199"}],"version-history":[{"count":1,"href":"https:\/\/przylep.edu.pl\/przedszkole\/wp-json\/wp\/v2\/posts\/9199\/revisions"}],"predecessor-version":[{"id":9201,"href":"https:\/\/przylep.edu.pl\/przedszkole\/wp-json\/wp\/v2\/posts\/9199\/revisions\/9201"}],"wp:attachment":[{"href":"https:\/\/przylep.edu.pl\/przedszkole\/wp-json\/wp\/v2\/media?parent=9199"}],"wp:term":[{"taxonomy":"category","embeddable":true,"href":"https:\/\/przylep.edu.pl\/przedszkole\/wp-json\/wp\/v2\/categories?post=9199"},{"taxonomy":"post_tag","embeddable":true,"href":"https:\/\/przylep.edu.pl\/przedszkole\/wp-json\/wp\/v2\/tags?post=9199"}],"curies":[{"name":"wp","href":"https:\/\/api.w.org\/{rel}","templated":true}]}}