{"id":9193,"date":"2023-08-24T16:01:42","date_gmt":"2023-08-24T14:01:42","guid":{"rendered":"https:\/\/przylep.edu.pl\/przedszkole\/?p=9193"},"modified":"2023-08-24T16:01:42","modified_gmt":"2023-08-24T14:01:42","slug":"dokumenty-umowa-do-pp-na-rok-2023-2024","status":"publish","type":"post","link":"https:\/\/przylep.edu.pl\/przedszkole\/2023\/08\/24\/dokumenty-umowa-do-pp-na-rok-2023-2024\/","title":{"rendered":"Dokumenty &#8211; umowa do PP na rok 2023\/2024"},"content":{"rendered":"\n<p>Szanowni Pa\u0144stwo!<\/p>\n\n\n\n<p>W za\u0142\u0105czniku znajduje si\u0119 umowa dla rodzic\u00f3w wszystkich dzieci ucz\u0119szczaj\u0105cych do naszego przedszkola w roku szkolnym 2023\/2024.<\/p>\n\n\n\n<p>Umow\u0119 nale\u017cy wydrukowa\u0107, uzupe\u0142ni\u0107 oraz podpisa\u0107 w dw\u00f3ch egzemplarzach. Termin z\u0142o\u017cenia dokumentu poniedzia\u0142ek 4 wrze\u015bnia 2023 r.<\/p>\n\n\n\n<div data-wp-interactive=\"core\/file\" class=\"wp-block-file\"><object data-wp-bind--hidden=\"!state.hasPdfPreview\" hidden class=\"wp-block-file__embed\" data=\"https:\/\/przylep.edu.pl\/przedszkole\/wp-content\/uploads\/2023\/08\/UMOWA-PP-PRZYLEP-2023-2024.pdf\" type=\"application\/pdf\" style=\"width:100%;height:600px\" aria-label=\"Osadzone z UMOWA-PP-PRZYLEP-2023-2024.\"><\/object><a id=\"wp-block-file--media-fec61d47-7380-4ac5-b081-794c3b4cae89\" href=\"https:\/\/przylep.edu.pl\/przedszkole\/wp-content\/uploads\/2023\/08\/UMOWA-PP-PRZYLEP-2023-2024.pdf\">UMOWA-PP-PRZYLEP-2023-2024<\/a><a href=\"https:\/\/przylep.edu.pl\/przedszkole\/wp-content\/uploads\/2023\/08\/UMOWA-PP-PRZYLEP-2023-2024.pdf\" class=\"wp-block-file__button wp-element-button\" download aria-describedby=\"wp-block-file--media-fec61d47-7380-4ac5-b081-794c3b4cae89\">Pobierz<\/a><\/div>\n","protected":false},"excerpt":{"rendered":"<p>Szanowni Pa\u0144stwo! W za\u0142\u0105czniku znajduje si\u0119 umowa dla rodzic\u00f3w wszystkich dzieci ucz\u0119szczaj\u0105cych do naszego przedszkola w roku szkolnym 2023\/2024. Umow\u0119 nale\u017cy wydrukowa\u0107, uzupe\u0142ni\u0107 oraz podpisa\u0107 w dw\u00f3ch egzemplarzach. Termin z\u0142o\u017cenia dokumentu poniedzia\u0142ek 4 wrze\u015bnia 2023 r.<\/p>\n","protected":false},"author":2,"featured_media":0,"comment_status":"closed","ping_status":"open","sticky":false,"template":"","format":"standard","meta":{"footnotes":""},"categories":[45],"tags":[],"class_list":["post-9193","post","type-post","status-publish","format-standard","hentry","category-aktualnosci"],"_links":{"self":[{"href":"https:\/\/przylep.edu.pl\/przedszkole\/wp-json\/wp\/v2\/posts\/9193","targetHints":{"allow":["GET"]}}],"collection":[{"href":"https:\/\/przylep.edu.pl\/przedszkole\/wp-json\/wp\/v2\/posts"}],"about":[{"href":"https:\/\/przylep.edu.pl\/przedszkole\/wp-json\/wp\/v2\/types\/post"}],"author":[{"embeddable":true,"href":"https:\/\/przylep.edu.pl\/przedszkole\/wp-json\/wp\/v2\/users\/2"}],"replies":[{"embeddable":true,"href":"https:\/\/przylep.edu.pl\/przedszkole\/wp-json\/wp\/v2\/comments?post=9193"}],"version-history":[{"count":1,"href":"https:\/\/przylep.edu.pl\/przedszkole\/wp-json\/wp\/v2\/posts\/9193\/revisions"}],"predecessor-version":[{"id":9195,"href":"https:\/\/przylep.edu.pl\/przedszkole\/wp-json\/wp\/v2\/posts\/9193\/revisions\/9195"}],"wp:attachment":[{"href":"https:\/\/przylep.edu.pl\/przedszkole\/wp-json\/wp\/v2\/media?parent=9193"}],"wp:term":[{"taxonomy":"category","embeddable":true,"href":"https:\/\/przylep.edu.pl\/przedszkole\/wp-json\/wp\/v2\/categories?post=9193"},{"taxonomy":"post_tag","embeddable":true,"href":"https:\/\/przylep.edu.pl\/przedszkole\/wp-json\/wp\/v2\/tags?post=9193"}],"curies":[{"name":"wp","href":"https:\/\/api.w.org\/{rel}","templated":true}]}}