{"id":9125,"date":"2023-06-25T22:39:13","date_gmt":"2023-06-25T20:39:13","guid":{"rendered":"https:\/\/przylep.edu.pl\/przedszkole\/?p=9125"},"modified":"2023-06-25T22:39:15","modified_gmt":"2023-06-25T20:39:15","slug":"zakonczenie-roku-przedszkolnego","status":"publish","type":"post","link":"https:\/\/przylep.edu.pl\/przedszkole\/2023\/06\/25\/zakonczenie-roku-przedszkolnego\/","title":{"rendered":"Zako\u0144czenie roku przedszkolnego"},"content":{"rendered":"\n<p>23 czerwca 2023 r. odby\u0142o si\u0119 oficjalne zako\u0144czenie roku przedszkolnego. Ka\u017cda z grup, podczas tej uroczysto\u015bci, zaprezentowa\u0142a si\u0119 na scenie z kr\u00f3tkim repertuarem tanecznym, muzycznym, czy instrumentalnym. Dzieci podczas apelu pr\u00f3bowa\u0142y odpowiedzie\u0107 na pytanie, gdzie mo\u017cna wyjecha\u0107 i w jaki spos\u00f3b sp\u0119dzi\u0107 letnie dni. Przedszkolakom zosta\u0142y tak\u017ce przypomniane zasady bezpiecze\u0144stwa obowi\u0105zuj\u0105ce podczas wakacyjnych wyjazd\u00f3w. Zanim jednak wszyscy udali si\u0119 na zas\u0142u\u017cone wakacje, to m\u0142odsze grupy po\u017cegna\u0142y grup\u0119 wrzosow\u0105, kt\u00f3ra od wrze\u015bnia b\u0119dzie ju\u017c chodzi\u0142a do szko\u0142y.<br>Wszystkim przedszkolakom \u017cyczymy udanych i bezpiecznych wakacji! <\/p>\n\n\n\n<p>Podr\u00f3\u017cujcie, zwiedzajcie i odkrywajcie! Do zobaczenia!<\/p>\n\n\n\n<figure class=\"wp-block-gallery has-nested-images columns-default is-cropped wp-block-gallery-1 is-layout-flex wp-block-gallery-is-layout-flex\">\n<figure class=\"wp-block-image size-large\"><img loading=\"lazy\" decoding=\"async\" width=\"1024\" height=\"766\" data-id=\"9126\" src=\"https:\/\/przylep.edu.pl\/przedszkole\/wp-content\/uploads\/2023\/06\/352600736_993704994965659_8120022943455926491_n-1024x766.jpg\" alt=\"\" class=\"wp-image-9126\" srcset=\"https:\/\/przylep.edu.pl\/przedszkole\/wp-content\/uploads\/2023\/06\/352600736_993704994965659_8120022943455926491_n-1024x766.jpg 1024w, https:\/\/przylep.edu.pl\/przedszkole\/wp-content\/uploads\/2023\/06\/352600736_993704994965659_8120022943455926491_n-300x224.jpg 300w, https:\/\/przylep.edu.pl\/przedszkole\/wp-content\/uploads\/2023\/06\/352600736_993704994965659_8120022943455926491_n-768x574.jpg 768w, https:\/\/przylep.edu.pl\/przedszkole\/wp-content\/uploads\/2023\/06\/352600736_993704994965659_8120022943455926491_n-1536x1148.jpg 1536w, https:\/\/przylep.edu.pl\/przedszkole\/wp-content\/uploads\/2023\/06\/352600736_993704994965659_8120022943455926491_n-600x450.jpg 600w, https:\/\/przylep.edu.pl\/przedszkole\/wp-content\/uploads\/2023\/06\/352600736_993704994965659_8120022943455926491_n.jpg 2048w\" sizes=\"auto, (max-width: 1024px) 100vw, 1024px\" \/><\/figure>\n<\/figure>\n\n\n\n<figure class=\"wp-block-gallery has-nested-images columns-default is-cropped wp-block-gallery-2 is-layout-flex wp-block-gallery-is-layout-flex\">\n<figure class=\"wp-block-image size-large\"><img loading=\"lazy\" decoding=\"async\" width=\"1024\" height=\"768\" data-id=\"9127\" src=\"https:\/\/przylep.edu.pl\/przedszkole\/wp-content\/uploads\/2023\/06\/353456514_795904125358666_215332369158142531_n-1024x768.jpg\" alt=\"\" class=\"wp-image-9127\" srcset=\"https:\/\/przylep.edu.pl\/przedszkole\/wp-content\/uploads\/2023\/06\/353456514_795904125358666_215332369158142531_n-1024x768.jpg 1024w, https:\/\/przylep.edu.pl\/przedszkole\/wp-content\/uploads\/2023\/06\/353456514_795904125358666_215332369158142531_n-300x225.jpg 300w, https:\/\/przylep.edu.pl\/przedszkole\/wp-content\/uploads\/2023\/06\/353456514_795904125358666_215332369158142531_n-768x576.jpg 768w, https:\/\/przylep.edu.pl\/przedszkole\/wp-content\/uploads\/2023\/06\/353456514_795904125358666_215332369158142531_n-1536x1152.jpg 1536w, https:\/\/przylep.edu.pl\/przedszkole\/wp-content\/uploads\/2023\/06\/353456514_795904125358666_215332369158142531_n-600x450.jpg 600w, https:\/\/przylep.edu.pl\/przedszkole\/wp-content\/uploads\/2023\/06\/353456514_795904125358666_215332369158142531_n.jpg 2048w\" sizes=\"auto, (max-width: 1024px) 100vw, 1024px\" \/><\/figure>\n\n\n\n<figure class=\"wp-block-image size-large\"><img loading=\"lazy\" decoding=\"async\" width=\"1024\" height=\"768\" data-id=\"9128\" src=\"https:\/\/przylep.edu.pl\/przedszkole\/wp-content\/uploads\/2023\/06\/354013974_1464189537717340_6903814379548713363_n-1024x768.jpg\" alt=\"\" class=\"wp-image-9128\" srcset=\"https:\/\/przylep.edu.pl\/przedszkole\/wp-content\/uploads\/2023\/06\/354013974_1464189537717340_6903814379548713363_n-1024x768.jpg 1024w, https:\/\/przylep.edu.pl\/przedszkole\/wp-content\/uploads\/2023\/06\/354013974_1464189537717340_6903814379548713363_n-300x225.jpg 300w, https:\/\/przylep.edu.pl\/przedszkole\/wp-content\/uploads\/2023\/06\/354013974_1464189537717340_6903814379548713363_n-768x576.jpg 768w, https:\/\/przylep.edu.pl\/przedszkole\/wp-content\/uploads\/2023\/06\/354013974_1464189537717340_6903814379548713363_n-1536x1152.jpg 1536w, https:\/\/przylep.edu.pl\/przedszkole\/wp-content\/uploads\/2023\/06\/354013974_1464189537717340_6903814379548713363_n-600x450.jpg 600w, https:\/\/przylep.edu.pl\/przedszkole\/wp-content\/uploads\/2023\/06\/354013974_1464189537717340_6903814379548713363_n.jpg 2048w\" sizes=\"auto, (max-width: 1024px) 100vw, 1024px\" \/><\/figure>\n<\/figure>\n\n\n\n<figure class=\"wp-block-gallery has-nested-images columns-default is-cropped wp-block-gallery-3 is-layout-flex wp-block-gallery-is-layout-flex\">\n<figure class=\"wp-block-image size-large\"><img loading=\"lazy\" decoding=\"async\" width=\"1024\" height=\"766\" data-id=\"9129\" src=\"https:\/\/przylep.edu.pl\/przedszkole\/wp-content\/uploads\/2023\/06\/355557385_989088085480248_4098364190005960550_n-1024x766.jpg\" alt=\"\" class=\"wp-image-9129\" srcset=\"https:\/\/przylep.edu.pl\/przedszkole\/wp-content\/uploads\/2023\/06\/355557385_989088085480248_4098364190005960550_n-1024x766.jpg 1024w, https:\/\/przylep.edu.pl\/przedszkole\/wp-content\/uploads\/2023\/06\/355557385_989088085480248_4098364190005960550_n-300x224.jpg 300w, https:\/\/przylep.edu.pl\/przedszkole\/wp-content\/uploads\/2023\/06\/355557385_989088085480248_4098364190005960550_n-768x574.jpg 768w, https:\/\/przylep.edu.pl\/przedszkole\/wp-content\/uploads\/2023\/06\/355557385_989088085480248_4098364190005960550_n-1536x1148.jpg 1536w, https:\/\/przylep.edu.pl\/przedszkole\/wp-content\/uploads\/2023\/06\/355557385_989088085480248_4098364190005960550_n-600x450.jpg 600w, https:\/\/przylep.edu.pl\/przedszkole\/wp-content\/uploads\/2023\/06\/355557385_989088085480248_4098364190005960550_n.jpg 2048w\" sizes=\"auto, (max-width: 1024px) 100vw, 1024px\" \/><\/figure>\n<\/figure>\n\n\n\n<figure class=\"wp-block-gallery has-nested-images columns-default is-cropped wp-block-gallery-4 is-layout-flex wp-block-gallery-is-layout-flex\">\n<figure class=\"wp-block-image size-large\"><img loading=\"lazy\" decoding=\"async\" width=\"1024\" height=\"768\" data-id=\"9130\" src=\"https:\/\/przylep.edu.pl\/przedszkole\/wp-content\/uploads\/2023\/06\/354050366_258312456803522_2107567910823498890_n-1024x768.jpg\" alt=\"\" class=\"wp-image-9130\" srcset=\"https:\/\/przylep.edu.pl\/przedszkole\/wp-content\/uploads\/2023\/06\/354050366_258312456803522_2107567910823498890_n-1024x768.jpg 1024w, https:\/\/przylep.edu.pl\/przedszkole\/wp-content\/uploads\/2023\/06\/354050366_258312456803522_2107567910823498890_n-300x225.jpg 300w, https:\/\/przylep.edu.pl\/przedszkole\/wp-content\/uploads\/2023\/06\/354050366_258312456803522_2107567910823498890_n-768x576.jpg 768w, https:\/\/przylep.edu.pl\/przedszkole\/wp-content\/uploads\/2023\/06\/354050366_258312456803522_2107567910823498890_n-1536x1152.jpg 1536w, https:\/\/przylep.edu.pl\/przedszkole\/wp-content\/uploads\/2023\/06\/354050366_258312456803522_2107567910823498890_n-600x450.jpg 600w, https:\/\/przylep.edu.pl\/przedszkole\/wp-content\/uploads\/2023\/06\/354050366_258312456803522_2107567910823498890_n.jpg 2048w\" sizes=\"auto, (max-width: 1024px) 100vw, 1024px\" \/><\/figure>\n<\/figure>\n\n\n\n<figure class=\"wp-block-gallery has-nested-images columns-default is-cropped wp-block-gallery-5 is-layout-flex wp-block-gallery-is-layout-flex\">\n<figure class=\"wp-block-image size-large\"><img loading=\"lazy\" decoding=\"async\" width=\"1024\" height=\"768\" data-id=\"9131\" src=\"https:\/\/przylep.edu.pl\/przedszkole\/wp-content\/uploads\/2023\/06\/354262849_1327025324693309_7303277158616754484_n-1024x768.jpg\" alt=\"\" class=\"wp-image-9131\" srcset=\"https:\/\/przylep.edu.pl\/przedszkole\/wp-content\/uploads\/2023\/06\/354262849_1327025324693309_7303277158616754484_n-1024x768.jpg 1024w, https:\/\/przylep.edu.pl\/przedszkole\/wp-content\/uploads\/2023\/06\/354262849_1327025324693309_7303277158616754484_n-300x225.jpg 300w, https:\/\/przylep.edu.pl\/przedszkole\/wp-content\/uploads\/2023\/06\/354262849_1327025324693309_7303277158616754484_n-768x576.jpg 768w, https:\/\/przylep.edu.pl\/przedszkole\/wp-content\/uploads\/2023\/06\/354262849_1327025324693309_7303277158616754484_n-1536x1152.jpg 1536w, https:\/\/przylep.edu.pl\/przedszkole\/wp-content\/uploads\/2023\/06\/354262849_1327025324693309_7303277158616754484_n-600x450.jpg 600w, https:\/\/przylep.edu.pl\/przedszkole\/wp-content\/uploads\/2023\/06\/354262849_1327025324693309_7303277158616754484_n.jpg 2048w\" sizes=\"auto, (max-width: 1024px) 100vw, 1024px\" \/><\/figure>\n<\/figure>\n\n\n\n<figure class=\"wp-block-gallery has-nested-images columns-default is-cropped wp-block-gallery-6 is-layout-flex wp-block-gallery-is-layout-flex\">\n<figure class=\"wp-block-image size-large\"><img loading=\"lazy\" decoding=\"async\" width=\"1024\" height=\"766\" data-id=\"9132\" src=\"https:\/\/przylep.edu.pl\/przedszkole\/wp-content\/uploads\/2023\/06\/352603352_1407800643095691_8881892671348820775_n-1024x766.jpg\" alt=\"\" class=\"wp-image-9132\" srcset=\"https:\/\/przylep.edu.pl\/przedszkole\/wp-content\/uploads\/2023\/06\/352603352_1407800643095691_8881892671348820775_n-1024x766.jpg 1024w, https:\/\/przylep.edu.pl\/przedszkole\/wp-content\/uploads\/2023\/06\/352603352_1407800643095691_8881892671348820775_n-300x224.jpg 300w, https:\/\/przylep.edu.pl\/przedszkole\/wp-content\/uploads\/2023\/06\/352603352_1407800643095691_8881892671348820775_n-768x574.jpg 768w, https:\/\/przylep.edu.pl\/przedszkole\/wp-content\/uploads\/2023\/06\/352603352_1407800643095691_8881892671348820775_n-1536x1148.jpg 1536w, https:\/\/przylep.edu.pl\/przedszkole\/wp-content\/uploads\/2023\/06\/352603352_1407800643095691_8881892671348820775_n-600x450.jpg 600w, https:\/\/przylep.edu.pl\/przedszkole\/wp-content\/uploads\/2023\/06\/352603352_1407800643095691_8881892671348820775_n.jpg 2048w\" sizes=\"auto, (max-width: 1024px) 100vw, 1024px\" \/><\/figure>\n\n\n\n<figure class=\"wp-block-image size-large\"><img loading=\"lazy\" decoding=\"async\" width=\"1024\" height=\"768\" data-id=\"9133\" src=\"https:\/\/przylep.edu.pl\/przedszkole\/wp-content\/uploads\/2023\/06\/356538363_815721976444972_536868187327962182_n-1024x768.jpg\" alt=\"\" class=\"wp-image-9133\" srcset=\"https:\/\/przylep.edu.pl\/przedszkole\/wp-content\/uploads\/2023\/06\/356538363_815721976444972_536868187327962182_n-1024x768.jpg 1024w, https:\/\/przylep.edu.pl\/przedszkole\/wp-content\/uploads\/2023\/06\/356538363_815721976444972_536868187327962182_n-300x225.jpg 300w, https:\/\/przylep.edu.pl\/przedszkole\/wp-content\/uploads\/2023\/06\/356538363_815721976444972_536868187327962182_n-768x576.jpg 768w, https:\/\/przylep.edu.pl\/przedszkole\/wp-content\/uploads\/2023\/06\/356538363_815721976444972_536868187327962182_n-1536x1152.jpg 1536w, https:\/\/przylep.edu.pl\/przedszkole\/wp-content\/uploads\/2023\/06\/356538363_815721976444972_536868187327962182_n-600x450.jpg 600w, https:\/\/przylep.edu.pl\/przedszkole\/wp-content\/uploads\/2023\/06\/356538363_815721976444972_536868187327962182_n.jpg 2048w\" sizes=\"auto, (max-width: 1024px) 100vw, 1024px\" \/><\/figure>\n<\/figure>\n","protected":false},"excerpt":{"rendered":"<p>23 czerwca 2023 r. odby\u0142o si\u0119 oficjalne zako\u0144czenie roku przedszkolnego. Ka\u017cda z grup, podczas tej uroczysto\u015bci, zaprezentowa\u0142a si\u0119 na scenie z kr\u00f3tkim repertuarem tanecznym, muzycznym, czy instrumentalnym. Dzieci podczas apelu pr\u00f3bowa\u0142y odpowiedzie\u0107 na pytanie, gdzie mo\u017cna wyjecha\u0107 i w jaki spos\u00f3b sp\u0119dzi\u0107 letnie dni. Przedszkolakom zosta\u0142y tak\u017ce przypomniane zasady bezpiecze\u0144stwa obowi\u0105zuj\u0105ce podczas wakacyjnych wyjazd\u00f3w. Zanim [&hellip;]<\/p>\n","protected":false},"author":2,"featured_media":9134,"comment_status":"closed","ping_status":"open","sticky":false,"template":"","format":"standard","meta":{"footnotes":""},"categories":[45,41,40],"tags":[],"class_list":["post-9125","post","type-post","status-publish","format-standard","has-post-thumbnail","hentry","category-aktualnosci","category-galerie","category-strona-glowna"],"_links":{"self":[{"href":"https:\/\/przylep.edu.pl\/przedszkole\/wp-json\/wp\/v2\/posts\/9125","targetHints":{"allow":["GET"]}}],"collection":[{"href":"https:\/\/przylep.edu.pl\/przedszkole\/wp-json\/wp\/v2\/posts"}],"about":[{"href":"https:\/\/przylep.edu.pl\/przedszkole\/wp-json\/wp\/v2\/types\/post"}],"author":[{"embeddable":true,"href":"https:\/\/przylep.edu.pl\/przedszkole\/wp-json\/wp\/v2\/users\/2"}],"replies":[{"embeddable":true,"href":"https:\/\/przylep.edu.pl\/przedszkole\/wp-json\/wp\/v2\/comments?post=9125"}],"version-history":[{"count":1,"href":"https:\/\/przylep.edu.pl\/przedszkole\/wp-json\/wp\/v2\/posts\/9125\/revisions"}],"predecessor-version":[{"id":9135,"href":"https:\/\/przylep.edu.pl\/przedszkole\/wp-json\/wp\/v2\/posts\/9125\/revisions\/9135"}],"wp:featuredmedia":[{"embeddable":true,"href":"https:\/\/przylep.edu.pl\/przedszkole\/wp-json\/wp\/v2\/media\/9134"}],"wp:attachment":[{"href":"https:\/\/przylep.edu.pl\/przedszkole\/wp-json\/wp\/v2\/media?parent=9125"}],"wp:term":[{"taxonomy":"category","embeddable":true,"href":"https:\/\/przylep.edu.pl\/przedszkole\/wp-json\/wp\/v2\/categories?post=9125"},{"taxonomy":"post_tag","embeddable":true,"href":"https:\/\/przylep.edu.pl\/przedszkole\/wp-json\/wp\/v2\/tags?post=9125"}],"curies":[{"name":"wp","href":"https:\/\/api.w.org\/{rel}","templated":true}]}}