{"id":8076,"date":"2022-11-15T15:12:00","date_gmt":"2022-11-15T14:12:00","guid":{"rendered":"https:\/\/przylep.edu.pl\/przedszkole\/?p=8076"},"modified":"2022-12-18T15:21:45","modified_gmt":"2022-12-18T14:21:45","slug":"rodzice-czytaja-dzieciom","status":"publish","type":"post","link":"https:\/\/przylep.edu.pl\/przedszkole\/2022\/11\/15\/rodzice-czytaja-dzieciom\/","title":{"rendered":"Rodzice czytaj\u0105 dzieciom&#8230;"},"content":{"rendered":"\n<p>Czytanie bajek i ba\u015bni to czynno\u015b\u0107, kt\u00f3ra od wielu lat \u0142\u0105czy pokolenia. Podobnie by\u0142o w naszym przedszkolu, gdzie nasi podopieczni mogli pos\u0142ucha\u0107 pi\u0119knych, ciekawych i niesamowitych opowie\u015bci. Nie by\u0142oby w tym nic niezwyk\u0142ego, gdyby nie fakt, \u017ce bajki czytali swoim pociechom sami rodzice. To w\u0142a\u015bnie oni tego magicznego dnia mogli podzieli\u0107 si\u0119 historiami z bajkowych \u015bwiat\u00f3w, kt\u00f3re kiedy\u015b sami tak ch\u0119tnie poznawali. Dzieci mog\u0142y wys\u0142ucha\u0107 bajek i sp\u0119dzi\u0107 niesamowite chwile zatapiaj\u0105c si\u0119 w ba\u015bniowych krainach.<\/p>\n\n\n\n<figure class=\"wp-block-gallery has-nested-images columns-default is-cropped wp-block-gallery-1 is-layout-flex wp-block-gallery-is-layout-flex\">\n<figure class=\"wp-block-image size-large\"><img loading=\"lazy\" decoding=\"async\" width=\"1024\" height=\"768\" data-id=\"8080\" src=\"https:\/\/przylep.edu.pl\/przedszkole\/wp-content\/uploads\/2022\/12\/307462515_5485200498194920_4809306721644810395_n-1024x768.jpg\" alt=\"\" class=\"wp-image-8080\" srcset=\"https:\/\/przylep.edu.pl\/przedszkole\/wp-content\/uploads\/2022\/12\/307462515_5485200498194920_4809306721644810395_n-1024x768.jpg 1024w, https:\/\/przylep.edu.pl\/przedszkole\/wp-content\/uploads\/2022\/12\/307462515_5485200498194920_4809306721644810395_n-300x225.jpg 300w, https:\/\/przylep.edu.pl\/przedszkole\/wp-content\/uploads\/2022\/12\/307462515_5485200498194920_4809306721644810395_n-768x576.jpg 768w, https:\/\/przylep.edu.pl\/przedszkole\/wp-content\/uploads\/2022\/12\/307462515_5485200498194920_4809306721644810395_n-1536x1152.jpg 1536w, https:\/\/przylep.edu.pl\/przedszkole\/wp-content\/uploads\/2022\/12\/307462515_5485200498194920_4809306721644810395_n-600x450.jpg 600w, https:\/\/przylep.edu.pl\/przedszkole\/wp-content\/uploads\/2022\/12\/307462515_5485200498194920_4809306721644810395_n.jpg 2048w\" sizes=\"auto, (max-width: 1024px) 100vw, 1024px\" \/><\/figure>\n\n\n\n<figure class=\"wp-block-image size-large\"><img loading=\"lazy\" decoding=\"async\" width=\"768\" height=\"1024\" data-id=\"8079\" src=\"https:\/\/przylep.edu.pl\/przedszkole\/wp-content\/uploads\/2022\/12\/307584330_5485200681528235_5415248871486237639_n-768x1024.jpg\" alt=\"\" class=\"wp-image-8079\" srcset=\"https:\/\/przylep.edu.pl\/przedszkole\/wp-content\/uploads\/2022\/12\/307584330_5485200681528235_5415248871486237639_n-768x1024.jpg 768w, https:\/\/przylep.edu.pl\/przedszkole\/wp-content\/uploads\/2022\/12\/307584330_5485200681528235_5415248871486237639_n-225x300.jpg 225w, https:\/\/przylep.edu.pl\/przedszkole\/wp-content\/uploads\/2022\/12\/307584330_5485200681528235_5415248871486237639_n-1152x1536.jpg 1152w, https:\/\/przylep.edu.pl\/przedszkole\/wp-content\/uploads\/2022\/12\/307584330_5485200681528235_5415248871486237639_n.jpg 1536w\" sizes=\"auto, (max-width: 768px) 100vw, 768px\" \/><\/figure>\n\n\n\n<figure class=\"wp-block-image size-large\"><img loading=\"lazy\" decoding=\"async\" width=\"1024\" height=\"768\" data-id=\"8081\" src=\"https:\/\/przylep.edu.pl\/przedszkole\/wp-content\/uploads\/2022\/12\/307890697_5485199894861647_4820212938354405616_n-1024x768.jpg\" alt=\"\" class=\"wp-image-8081\" srcset=\"https:\/\/przylep.edu.pl\/przedszkole\/wp-content\/uploads\/2022\/12\/307890697_5485199894861647_4820212938354405616_n-1024x768.jpg 1024w, https:\/\/przylep.edu.pl\/przedszkole\/wp-content\/uploads\/2022\/12\/307890697_5485199894861647_4820212938354405616_n-300x225.jpg 300w, https:\/\/przylep.edu.pl\/przedszkole\/wp-content\/uploads\/2022\/12\/307890697_5485199894861647_4820212938354405616_n-768x576.jpg 768w, https:\/\/przylep.edu.pl\/przedszkole\/wp-content\/uploads\/2022\/12\/307890697_5485199894861647_4820212938354405616_n-1536x1152.jpg 1536w, https:\/\/przylep.edu.pl\/przedszkole\/wp-content\/uploads\/2022\/12\/307890697_5485199894861647_4820212938354405616_n-600x450.jpg 600w, https:\/\/przylep.edu.pl\/przedszkole\/wp-content\/uploads\/2022\/12\/307890697_5485199894861647_4820212938354405616_n.jpg 2048w\" sizes=\"auto, (max-width: 1024px) 100vw, 1024px\" \/><\/figure>\n\n\n\n<figure class=\"wp-block-image size-large\"><img loading=\"lazy\" decoding=\"async\" width=\"960\" height=\"720\" data-id=\"8077\" src=\"https:\/\/przylep.edu.pl\/przedszkole\/wp-content\/uploads\/2022\/12\/320571332_605260608266227_421433957491577379_n-1.jpg\" alt=\"\" class=\"wp-image-8077\" srcset=\"https:\/\/przylep.edu.pl\/przedszkole\/wp-content\/uploads\/2022\/12\/320571332_605260608266227_421433957491577379_n-1.jpg 960w, https:\/\/przylep.edu.pl\/przedszkole\/wp-content\/uploads\/2022\/12\/320571332_605260608266227_421433957491577379_n-1-300x225.jpg 300w, https:\/\/przylep.edu.pl\/przedszkole\/wp-content\/uploads\/2022\/12\/320571332_605260608266227_421433957491577379_n-1-768x576.jpg 768w, https:\/\/przylep.edu.pl\/przedszkole\/wp-content\/uploads\/2022\/12\/320571332_605260608266227_421433957491577379_n-1-600x450.jpg 600w\" sizes=\"auto, (max-width: 960px) 100vw, 960px\" \/><\/figure>\n<\/figure>\n","protected":false},"excerpt":{"rendered":"<p>Czytanie bajek i ba\u015bni to czynno\u015b\u0107, kt\u00f3ra od wielu lat \u0142\u0105czy pokolenia. Podobnie by\u0142o w naszym przedszkolu, gdzie nasi podopieczni mogli pos\u0142ucha\u0107 pi\u0119knych, ciekawych i niesamowitych opowie\u015bci. Nie by\u0142oby w tym nic niezwyk\u0142ego, gdyby nie fakt, \u017ce bajki czytali swoim pociechom sami rodzice. To w\u0142a\u015bnie oni tego magicznego dnia mogli podzieli\u0107 si\u0119 historiami z bajkowych [&hellip;]<\/p>\n","protected":false},"author":2,"featured_media":8082,"comment_status":"closed","ping_status":"open","sticky":false,"template":"","format":"standard","meta":{"footnotes":""},"categories":[45,41,40],"tags":[],"class_list":["post-8076","post","type-post","status-publish","format-standard","has-post-thumbnail","hentry","category-aktualnosci","category-galerie","category-strona-glowna"],"_links":{"self":[{"href":"https:\/\/przylep.edu.pl\/przedszkole\/wp-json\/wp\/v2\/posts\/8076","targetHints":{"allow":["GET"]}}],"collection":[{"href":"https:\/\/przylep.edu.pl\/przedszkole\/wp-json\/wp\/v2\/posts"}],"about":[{"href":"https:\/\/przylep.edu.pl\/przedszkole\/wp-json\/wp\/v2\/types\/post"}],"author":[{"embeddable":true,"href":"https:\/\/przylep.edu.pl\/przedszkole\/wp-json\/wp\/v2\/users\/2"}],"replies":[{"embeddable":true,"href":"https:\/\/przylep.edu.pl\/przedszkole\/wp-json\/wp\/v2\/comments?post=8076"}],"version-history":[{"count":2,"href":"https:\/\/przylep.edu.pl\/przedszkole\/wp-json\/wp\/v2\/posts\/8076\/revisions"}],"predecessor-version":[{"id":8085,"href":"https:\/\/przylep.edu.pl\/przedszkole\/wp-json\/wp\/v2\/posts\/8076\/revisions\/8085"}],"wp:featuredmedia":[{"embeddable":true,"href":"https:\/\/przylep.edu.pl\/przedszkole\/wp-json\/wp\/v2\/media\/8082"}],"wp:attachment":[{"href":"https:\/\/przylep.edu.pl\/przedszkole\/wp-json\/wp\/v2\/media?parent=8076"}],"wp:term":[{"taxonomy":"category","embeddable":true,"href":"https:\/\/przylep.edu.pl\/przedszkole\/wp-json\/wp\/v2\/categories?post=8076"},{"taxonomy":"post_tag","embeddable":true,"href":"https:\/\/przylep.edu.pl\/przedszkole\/wp-json\/wp\/v2\/tags?post=8076"}],"curies":[{"name":"wp","href":"https:\/\/api.w.org\/{rel}","templated":true}]}}