{"id":8011,"date":"2022-11-13T20:09:00","date_gmt":"2022-11-13T19:09:00","guid":{"rendered":"https:\/\/przylep.edu.pl\/przedszkole\/?p=8011"},"modified":"2022-12-08T20:16:47","modified_gmt":"2022-12-08T19:16:47","slug":"swietujemy-niepodleglosc","status":"publish","type":"post","link":"https:\/\/przylep.edu.pl\/przedszkole\/2022\/11\/13\/swietujemy-niepodleglosc\/","title":{"rendered":"\u015awi\u0119tujemy Niepodleg\u0142o\u015b\u0107!!"},"content":{"rendered":"\n<p>Uroczyste przedstawienie z okazji \u015awi\u0119ta Niepodleg\u0142o\u015bci przygotowa\u0142a najstarsza grupa w naszym przedszkolu &#8211; &#8222;Wrzosy&#8221;. Przedszkolaki dowiedzia\u0142y si\u0119 jak to sie sta\u0142o , \u017ce Polska kiedy\u015b znikn\u0119\u0142a z map Europy, kto walczy\u0142 o nasz\u0105 wolno\u015b\u0107 i co to jest ta niepodleg\u0142o\u015b\u0107? Wszystkie dzieci przygotowa\u0142y patriotyczny akcent: flagi, opaski, kotyliony i pi\u0119knie prezentowa\u0142y si\u0119 w galowych strojach.<\/p>\n\n\n\n<p> By\u0142 to dzie\u0144 pe\u0142en rado\u015bci i bia\u0142o czerwonych barw.<\/p>\n\n\n\n<figure class=\"wp-block-gallery has-nested-images columns-default is-cropped wp-block-gallery-1 is-layout-flex wp-block-gallery-is-layout-flex\">\n<figure class=\"wp-block-image size-large\"><img loading=\"lazy\" decoding=\"async\" width=\"1024\" height=\"768\" data-id=\"8015\" src=\"https:\/\/przylep.edu.pl\/przedszkole\/wp-content\/uploads\/2022\/12\/318295031_482916477164566_4683280360515069058_n-1024x768.jpg\" alt=\"\" class=\"wp-image-8015\" srcset=\"https:\/\/przylep.edu.pl\/przedszkole\/wp-content\/uploads\/2022\/12\/318295031_482916477164566_4683280360515069058_n-1024x768.jpg 1024w, https:\/\/przylep.edu.pl\/przedszkole\/wp-content\/uploads\/2022\/12\/318295031_482916477164566_4683280360515069058_n-300x225.jpg 300w, https:\/\/przylep.edu.pl\/przedszkole\/wp-content\/uploads\/2022\/12\/318295031_482916477164566_4683280360515069058_n-768x576.jpg 768w, https:\/\/przylep.edu.pl\/przedszkole\/wp-content\/uploads\/2022\/12\/318295031_482916477164566_4683280360515069058_n-1536x1152.jpg 1536w, https:\/\/przylep.edu.pl\/przedszkole\/wp-content\/uploads\/2022\/12\/318295031_482916477164566_4683280360515069058_n-600x450.jpg 600w, https:\/\/przylep.edu.pl\/przedszkole\/wp-content\/uploads\/2022\/12\/318295031_482916477164566_4683280360515069058_n.jpg 2048w\" sizes=\"auto, (max-width: 1024px) 100vw, 1024px\" \/><\/figure>\n\n\n\n<figure class=\"wp-block-image size-large\"><img loading=\"lazy\" decoding=\"async\" width=\"1024\" height=\"768\" data-id=\"8013\" src=\"https:\/\/przylep.edu.pl\/przedszkole\/wp-content\/uploads\/2022\/12\/318305634_1193689031257899_4692430890983670288_n-1024x768.jpg\" alt=\"\" class=\"wp-image-8013\" srcset=\"https:\/\/przylep.edu.pl\/przedszkole\/wp-content\/uploads\/2022\/12\/318305634_1193689031257899_4692430890983670288_n-1024x768.jpg 1024w, https:\/\/przylep.edu.pl\/przedszkole\/wp-content\/uploads\/2022\/12\/318305634_1193689031257899_4692430890983670288_n-300x225.jpg 300w, https:\/\/przylep.edu.pl\/przedszkole\/wp-content\/uploads\/2022\/12\/318305634_1193689031257899_4692430890983670288_n-768x576.jpg 768w, https:\/\/przylep.edu.pl\/przedszkole\/wp-content\/uploads\/2022\/12\/318305634_1193689031257899_4692430890983670288_n-1536x1152.jpg 1536w, https:\/\/przylep.edu.pl\/przedszkole\/wp-content\/uploads\/2022\/12\/318305634_1193689031257899_4692430890983670288_n-600x450.jpg 600w, https:\/\/przylep.edu.pl\/przedszkole\/wp-content\/uploads\/2022\/12\/318305634_1193689031257899_4692430890983670288_n.jpg 2048w\" sizes=\"auto, (max-width: 1024px) 100vw, 1024px\" \/><\/figure>\n\n\n\n<figure class=\"wp-block-image size-large\"><img loading=\"lazy\" decoding=\"async\" width=\"1024\" height=\"768\" data-id=\"8014\" src=\"https:\/\/przylep.edu.pl\/przedszkole\/wp-content\/uploads\/2022\/12\/318373127_823558735533427_3863415353322566764_n-1024x768.jpg\" alt=\"\" class=\"wp-image-8014\" srcset=\"https:\/\/przylep.edu.pl\/przedszkole\/wp-content\/uploads\/2022\/12\/318373127_823558735533427_3863415353322566764_n-1024x768.jpg 1024w, https:\/\/przylep.edu.pl\/przedszkole\/wp-content\/uploads\/2022\/12\/318373127_823558735533427_3863415353322566764_n-300x225.jpg 300w, https:\/\/przylep.edu.pl\/przedszkole\/wp-content\/uploads\/2022\/12\/318373127_823558735533427_3863415353322566764_n-768x576.jpg 768w, https:\/\/przylep.edu.pl\/przedszkole\/wp-content\/uploads\/2022\/12\/318373127_823558735533427_3863415353322566764_n-1536x1152.jpg 1536w, https:\/\/przylep.edu.pl\/przedszkole\/wp-content\/uploads\/2022\/12\/318373127_823558735533427_3863415353322566764_n-600x450.jpg 600w, https:\/\/przylep.edu.pl\/przedszkole\/wp-content\/uploads\/2022\/12\/318373127_823558735533427_3863415353322566764_n.jpg 2048w\" sizes=\"auto, (max-width: 1024px) 100vw, 1024px\" \/><\/figure>\n\n\n\n<figure class=\"wp-block-image size-large\"><img loading=\"lazy\" decoding=\"async\" width=\"1024\" height=\"768\" data-id=\"8012\" src=\"https:\/\/przylep.edu.pl\/przedszkole\/wp-content\/uploads\/2022\/12\/318378363_3278440005751901_1570030851444015513_n-1024x768.jpg\" alt=\"\" class=\"wp-image-8012\" srcset=\"https:\/\/przylep.edu.pl\/przedszkole\/wp-content\/uploads\/2022\/12\/318378363_3278440005751901_1570030851444015513_n-1024x768.jpg 1024w, https:\/\/przylep.edu.pl\/przedszkole\/wp-content\/uploads\/2022\/12\/318378363_3278440005751901_1570030851444015513_n-300x225.jpg 300w, https:\/\/przylep.edu.pl\/przedszkole\/wp-content\/uploads\/2022\/12\/318378363_3278440005751901_1570030851444015513_n-768x576.jpg 768w, https:\/\/przylep.edu.pl\/przedszkole\/wp-content\/uploads\/2022\/12\/318378363_3278440005751901_1570030851444015513_n-1536x1152.jpg 1536w, https:\/\/przylep.edu.pl\/przedszkole\/wp-content\/uploads\/2022\/12\/318378363_3278440005751901_1570030851444015513_n-600x450.jpg 600w, https:\/\/przylep.edu.pl\/przedszkole\/wp-content\/uploads\/2022\/12\/318378363_3278440005751901_1570030851444015513_n.jpg 2048w\" sizes=\"auto, (max-width: 1024px) 100vw, 1024px\" \/><\/figure>\n\n\n\n<figure class=\"wp-block-image size-large\"><img loading=\"lazy\" decoding=\"async\" width=\"1024\" height=\"768\" data-id=\"8016\" src=\"https:\/\/przylep.edu.pl\/przedszkole\/wp-content\/uploads\/2022\/12\/319003453_842038363786172_4603159353228520315_n-1024x768.jpg\" alt=\"\" class=\"wp-image-8016\" srcset=\"https:\/\/przylep.edu.pl\/przedszkole\/wp-content\/uploads\/2022\/12\/319003453_842038363786172_4603159353228520315_n-1024x768.jpg 1024w, https:\/\/przylep.edu.pl\/przedszkole\/wp-content\/uploads\/2022\/12\/319003453_842038363786172_4603159353228520315_n-300x225.jpg 300w, https:\/\/przylep.edu.pl\/przedszkole\/wp-content\/uploads\/2022\/12\/319003453_842038363786172_4603159353228520315_n-768x576.jpg 768w, https:\/\/przylep.edu.pl\/przedszkole\/wp-content\/uploads\/2022\/12\/319003453_842038363786172_4603159353228520315_n-1536x1152.jpg 1536w, https:\/\/przylep.edu.pl\/przedszkole\/wp-content\/uploads\/2022\/12\/319003453_842038363786172_4603159353228520315_n-600x450.jpg 600w, https:\/\/przylep.edu.pl\/przedszkole\/wp-content\/uploads\/2022\/12\/319003453_842038363786172_4603159353228520315_n.jpg 2048w\" sizes=\"auto, (max-width: 1024px) 100vw, 1024px\" \/><\/figure>\n<\/figure>\n","protected":false},"excerpt":{"rendered":"<p>Uroczyste przedstawienie z okazji \u015awi\u0119ta Niepodleg\u0142o\u015bci przygotowa\u0142a najstarsza grupa w naszym przedszkolu &#8211; &#8222;Wrzosy&#8221;. Przedszkolaki dowiedzia\u0142y si\u0119 jak to sie sta\u0142o , \u017ce Polska kiedy\u015b znikn\u0119\u0142a z map Europy, kto walczy\u0142 o nasz\u0105 wolno\u015b\u0107 i co to jest ta niepodleg\u0142o\u015b\u0107? Wszystkie dzieci przygotowa\u0142y patriotyczny akcent: flagi, opaski, kotyliony i pi\u0119knie prezentowa\u0142y si\u0119 w galowych strojach. [&hellip;]<\/p>\n","protected":false},"author":2,"featured_media":8017,"comment_status":"closed","ping_status":"open","sticky":false,"template":"","format":"standard","meta":{"footnotes":""},"categories":[45,41,40],"tags":[],"class_list":["post-8011","post","type-post","status-publish","format-standard","has-post-thumbnail","hentry","category-aktualnosci","category-galerie","category-strona-glowna"],"_links":{"self":[{"href":"https:\/\/przylep.edu.pl\/przedszkole\/wp-json\/wp\/v2\/posts\/8011","targetHints":{"allow":["GET"]}}],"collection":[{"href":"https:\/\/przylep.edu.pl\/przedszkole\/wp-json\/wp\/v2\/posts"}],"about":[{"href":"https:\/\/przylep.edu.pl\/przedszkole\/wp-json\/wp\/v2\/types\/post"}],"author":[{"embeddable":true,"href":"https:\/\/przylep.edu.pl\/przedszkole\/wp-json\/wp\/v2\/users\/2"}],"replies":[{"embeddable":true,"href":"https:\/\/przylep.edu.pl\/przedszkole\/wp-json\/wp\/v2\/comments?post=8011"}],"version-history":[{"count":1,"href":"https:\/\/przylep.edu.pl\/przedszkole\/wp-json\/wp\/v2\/posts\/8011\/revisions"}],"predecessor-version":[{"id":8018,"href":"https:\/\/przylep.edu.pl\/przedszkole\/wp-json\/wp\/v2\/posts\/8011\/revisions\/8018"}],"wp:featuredmedia":[{"embeddable":true,"href":"https:\/\/przylep.edu.pl\/przedszkole\/wp-json\/wp\/v2\/media\/8017"}],"wp:attachment":[{"href":"https:\/\/przylep.edu.pl\/przedszkole\/wp-json\/wp\/v2\/media?parent=8011"}],"wp:term":[{"taxonomy":"category","embeddable":true,"href":"https:\/\/przylep.edu.pl\/przedszkole\/wp-json\/wp\/v2\/categories?post=8011"},{"taxonomy":"post_tag","embeddable":true,"href":"https:\/\/przylep.edu.pl\/przedszkole\/wp-json\/wp\/v2\/tags?post=8011"}],"curies":[{"name":"wp","href":"https:\/\/api.w.org\/{rel}","templated":true}]}}