{"id":7903,"date":"2022-11-07T18:38:00","date_gmt":"2022-11-07T17:38:00","guid":{"rendered":"https:\/\/przylep.edu.pl\/przedszkole\/?p=7903"},"modified":"2022-11-13T18:44:20","modified_gmt":"2022-11-13T17:44:20","slug":"dzien-postaci-z-bajek","status":"publish","type":"post","link":"https:\/\/przylep.edu.pl\/przedszkole\/2022\/11\/07\/dzien-postaci-z-bajek\/","title":{"rendered":"Dzie\u0144 postaci z bajek"},"content":{"rendered":"\n<p>W poniedzia\u0142ek si\u00f3dmego listopada Przylep odwiedzi\u0142a magiczna gromada.<\/p>\n\n\n\n<p> Smoki, wr\u00f3\u017cki, rycerze i pieski Smoki, lwy i nawet kot niebieski.<\/p>\n\n\n\n<p>Przylecia\u0142y prosto z kartki, aby uczci\u0107 Dzie\u0144 Postaci z Bajki. <\/p>\n\n\n\n<p>Dzie\u0144 ten by\u0142 wspania\u0142y! Kino na dywanie, pokazy mody, a tak\u017ce pi\u0119kne opowiadanie. <\/p>\n\n\n\n<p>O bajkach, kt\u00f3re dzieci kochaj\u0105 i w swoich domach czytaj\u0105.<\/p>\n\n\n\n<p> Postacie zadanie swe spe\u0142ni\u0142y i pami\u0119\u0107 o bajkach w g\u0142owach utrwali\u0142y.<\/p>\n\n\n\n<figure class=\"wp-block-gallery has-nested-images columns-default is-cropped wp-block-gallery-1 is-layout-flex wp-block-gallery-is-layout-flex\">\n<figure class=\"wp-block-image size-large\"><img loading=\"lazy\" decoding=\"async\" width=\"1024\" height=\"768\" data-id=\"7908\" src=\"https:\/\/przylep.edu.pl\/przedszkole\/wp-content\/uploads\/2022\/11\/312484249_841995363604904_4328864151313409733_n-1024x768.jpg\" alt=\"\" class=\"wp-image-7908\" srcset=\"https:\/\/przylep.edu.pl\/przedszkole\/wp-content\/uploads\/2022\/11\/312484249_841995363604904_4328864151313409733_n-1024x768.jpg 1024w, https:\/\/przylep.edu.pl\/przedszkole\/wp-content\/uploads\/2022\/11\/312484249_841995363604904_4328864151313409733_n-300x225.jpg 300w, https:\/\/przylep.edu.pl\/przedszkole\/wp-content\/uploads\/2022\/11\/312484249_841995363604904_4328864151313409733_n-768x576.jpg 768w, https:\/\/przylep.edu.pl\/przedszkole\/wp-content\/uploads\/2022\/11\/312484249_841995363604904_4328864151313409733_n-1536x1152.jpg 1536w, https:\/\/przylep.edu.pl\/przedszkole\/wp-content\/uploads\/2022\/11\/312484249_841995363604904_4328864151313409733_n-600x450.jpg 600w, https:\/\/przylep.edu.pl\/przedszkole\/wp-content\/uploads\/2022\/11\/312484249_841995363604904_4328864151313409733_n.jpg 2048w\" sizes=\"auto, (max-width: 1024px) 100vw, 1024px\" \/><\/figure>\n\n\n\n<figure class=\"wp-block-image size-large\"><img loading=\"lazy\" decoding=\"async\" width=\"1024\" height=\"768\" data-id=\"7910\" src=\"https:\/\/przylep.edu.pl\/przedszkole\/wp-content\/uploads\/2022\/11\/313975561_5625502350831400_2448189292433307729_n-1024x768.jpg\" alt=\"\" class=\"wp-image-7910\" srcset=\"https:\/\/przylep.edu.pl\/przedszkole\/wp-content\/uploads\/2022\/11\/313975561_5625502350831400_2448189292433307729_n-1024x768.jpg 1024w, https:\/\/przylep.edu.pl\/przedszkole\/wp-content\/uploads\/2022\/11\/313975561_5625502350831400_2448189292433307729_n-300x225.jpg 300w, https:\/\/przylep.edu.pl\/przedszkole\/wp-content\/uploads\/2022\/11\/313975561_5625502350831400_2448189292433307729_n-768x576.jpg 768w, https:\/\/przylep.edu.pl\/przedszkole\/wp-content\/uploads\/2022\/11\/313975561_5625502350831400_2448189292433307729_n-1536x1152.jpg 1536w, https:\/\/przylep.edu.pl\/przedszkole\/wp-content\/uploads\/2022\/11\/313975561_5625502350831400_2448189292433307729_n-600x450.jpg 600w, https:\/\/przylep.edu.pl\/przedszkole\/wp-content\/uploads\/2022\/11\/313975561_5625502350831400_2448189292433307729_n.jpg 2048w\" sizes=\"auto, (max-width: 1024px) 100vw, 1024px\" \/><\/figure>\n\n\n\n<figure class=\"wp-block-image size-large\"><img loading=\"lazy\" decoding=\"async\" width=\"1024\" height=\"768\" data-id=\"7911\" src=\"https:\/\/przylep.edu.pl\/przedszkole\/wp-content\/uploads\/2022\/11\/314017557_5625420644172904_5389730840041163839_n-1024x768.jpg\" alt=\"\" class=\"wp-image-7911\" srcset=\"https:\/\/przylep.edu.pl\/przedszkole\/wp-content\/uploads\/2022\/11\/314017557_5625420644172904_5389730840041163839_n-1024x768.jpg 1024w, https:\/\/przylep.edu.pl\/przedszkole\/wp-content\/uploads\/2022\/11\/314017557_5625420644172904_5389730840041163839_n-300x225.jpg 300w, https:\/\/przylep.edu.pl\/przedszkole\/wp-content\/uploads\/2022\/11\/314017557_5625420644172904_5389730840041163839_n-768x576.jpg 768w, https:\/\/przylep.edu.pl\/przedszkole\/wp-content\/uploads\/2022\/11\/314017557_5625420644172904_5389730840041163839_n-1536x1152.jpg 1536w, https:\/\/przylep.edu.pl\/przedszkole\/wp-content\/uploads\/2022\/11\/314017557_5625420644172904_5389730840041163839_n-600x450.jpg 600w, https:\/\/przylep.edu.pl\/przedszkole\/wp-content\/uploads\/2022\/11\/314017557_5625420644172904_5389730840041163839_n.jpg 2048w\" sizes=\"auto, (max-width: 1024px) 100vw, 1024px\" \/><\/figure>\n\n\n\n<figure class=\"wp-block-image size-large\"><img loading=\"lazy\" decoding=\"async\" width=\"1024\" height=\"768\" data-id=\"7912\" src=\"https:\/\/przylep.edu.pl\/przedszkole\/wp-content\/uploads\/2022\/11\/314109638_5625502077498094_3739201029037535402_n-1024x768.jpg\" alt=\"\" class=\"wp-image-7912\" srcset=\"https:\/\/przylep.edu.pl\/przedszkole\/wp-content\/uploads\/2022\/11\/314109638_5625502077498094_3739201029037535402_n-1024x768.jpg 1024w, https:\/\/przylep.edu.pl\/przedszkole\/wp-content\/uploads\/2022\/11\/314109638_5625502077498094_3739201029037535402_n-300x225.jpg 300w, https:\/\/przylep.edu.pl\/przedszkole\/wp-content\/uploads\/2022\/11\/314109638_5625502077498094_3739201029037535402_n-768x576.jpg 768w, https:\/\/przylep.edu.pl\/przedszkole\/wp-content\/uploads\/2022\/11\/314109638_5625502077498094_3739201029037535402_n-1536x1152.jpg 1536w, https:\/\/przylep.edu.pl\/przedszkole\/wp-content\/uploads\/2022\/11\/314109638_5625502077498094_3739201029037535402_n-600x450.jpg 600w, https:\/\/przylep.edu.pl\/przedszkole\/wp-content\/uploads\/2022\/11\/314109638_5625502077498094_3739201029037535402_n.jpg 2048w\" sizes=\"auto, (max-width: 1024px) 100vw, 1024px\" \/><\/figure>\n\n\n\n<figure class=\"wp-block-image size-large\"><img loading=\"lazy\" decoding=\"async\" width=\"1024\" height=\"577\" data-id=\"7907\" src=\"https:\/\/przylep.edu.pl\/przedszkole\/wp-content\/uploads\/2022\/11\/314641356_513956577295524_6975625245418912669_n-1024x577.jpg\" alt=\"\" class=\"wp-image-7907\" srcset=\"https:\/\/przylep.edu.pl\/przedszkole\/wp-content\/uploads\/2022\/11\/314641356_513956577295524_6975625245418912669_n-1024x577.jpg 1024w, https:\/\/przylep.edu.pl\/przedszkole\/wp-content\/uploads\/2022\/11\/314641356_513956577295524_6975625245418912669_n-300x169.jpg 300w, https:\/\/przylep.edu.pl\/przedszkole\/wp-content\/uploads\/2022\/11\/314641356_513956577295524_6975625245418912669_n-768x432.jpg 768w, https:\/\/przylep.edu.pl\/przedszkole\/wp-content\/uploads\/2022\/11\/314641356_513956577295524_6975625245418912669_n-1536x865.jpg 1536w, https:\/\/przylep.edu.pl\/przedszkole\/wp-content\/uploads\/2022\/11\/314641356_513956577295524_6975625245418912669_n.jpg 2000w\" sizes=\"auto, (max-width: 1024px) 100vw, 1024px\" \/><\/figure>\n\n\n\n<figure class=\"wp-block-image size-large\"><img loading=\"lazy\" decoding=\"async\" width=\"577\" height=\"1024\" data-id=\"7909\" src=\"https:\/\/przylep.edu.pl\/przedszkole\/wp-content\/uploads\/2022\/11\/314691021_1302338873644032_8967193633163831222_n-577x1024.jpg\" alt=\"\" class=\"wp-image-7909\" srcset=\"https:\/\/przylep.edu.pl\/przedszkole\/wp-content\/uploads\/2022\/11\/314691021_1302338873644032_8967193633163831222_n-577x1024.jpg 577w, https:\/\/przylep.edu.pl\/przedszkole\/wp-content\/uploads\/2022\/11\/314691021_1302338873644032_8967193633163831222_n-169x300.jpg 169w, https:\/\/przylep.edu.pl\/przedszkole\/wp-content\/uploads\/2022\/11\/314691021_1302338873644032_8967193633163831222_n-768x1364.jpg 768w, https:\/\/przylep.edu.pl\/przedszkole\/wp-content\/uploads\/2022\/11\/314691021_1302338873644032_8967193633163831222_n-865x1536.jpg 865w, https:\/\/przylep.edu.pl\/przedszkole\/wp-content\/uploads\/2022\/11\/314691021_1302338873644032_8967193633163831222_n.jpg 1126w\" sizes=\"auto, (max-width: 577px) 100vw, 577px\" \/><\/figure>\n\n\n\n<figure class=\"wp-block-image size-large\"><img loading=\"lazy\" decoding=\"async\" width=\"720\" height=\"960\" data-id=\"7904\" src=\"https:\/\/przylep.edu.pl\/przedszkole\/wp-content\/uploads\/2022\/11\/314770170_668036944875395_5830949779869818363_n.jpg\" alt=\"\" class=\"wp-image-7904\" srcset=\"https:\/\/przylep.edu.pl\/przedszkole\/wp-content\/uploads\/2022\/11\/314770170_668036944875395_5830949779869818363_n.jpg 720w, https:\/\/przylep.edu.pl\/przedszkole\/wp-content\/uploads\/2022\/11\/314770170_668036944875395_5830949779869818363_n-225x300.jpg 225w\" sizes=\"auto, (max-width: 720px) 100vw, 720px\" \/><\/figure>\n\n\n\n<figure class=\"wp-block-image size-large\"><img loading=\"lazy\" decoding=\"async\" width=\"1024\" height=\"577\" data-id=\"7906\" src=\"https:\/\/przylep.edu.pl\/przedszkole\/wp-content\/uploads\/2022\/11\/314868326_656813029515375_6700787664310828078_n-1024x577.jpg\" alt=\"\" class=\"wp-image-7906\" srcset=\"https:\/\/przylep.edu.pl\/przedszkole\/wp-content\/uploads\/2022\/11\/314868326_656813029515375_6700787664310828078_n-1024x577.jpg 1024w, https:\/\/przylep.edu.pl\/przedszkole\/wp-content\/uploads\/2022\/11\/314868326_656813029515375_6700787664310828078_n-300x169.jpg 300w, https:\/\/przylep.edu.pl\/przedszkole\/wp-content\/uploads\/2022\/11\/314868326_656813029515375_6700787664310828078_n-768x433.jpg 768w, https:\/\/przylep.edu.pl\/przedszkole\/wp-content\/uploads\/2022\/11\/314868326_656813029515375_6700787664310828078_n-1536x865.jpg 1536w, https:\/\/przylep.edu.pl\/przedszkole\/wp-content\/uploads\/2022\/11\/314868326_656813029515375_6700787664310828078_n.jpg 1734w\" sizes=\"auto, (max-width: 1024px) 100vw, 1024px\" \/><\/figure>\n\n\n\n<figure class=\"wp-block-image size-large\"><img loading=\"lazy\" decoding=\"async\" width=\"1024\" height=\"768\" data-id=\"7905\" src=\"https:\/\/przylep.edu.pl\/przedszkole\/wp-content\/uploads\/2022\/11\/315062271_610657590749651_3532918467496463454_n-1024x768.jpg\" alt=\"\" class=\"wp-image-7905\" srcset=\"https:\/\/przylep.edu.pl\/przedszkole\/wp-content\/uploads\/2022\/11\/315062271_610657590749651_3532918467496463454_n-1024x768.jpg 1024w, https:\/\/przylep.edu.pl\/przedszkole\/wp-content\/uploads\/2022\/11\/315062271_610657590749651_3532918467496463454_n-300x225.jpg 300w, https:\/\/przylep.edu.pl\/przedszkole\/wp-content\/uploads\/2022\/11\/315062271_610657590749651_3532918467496463454_n-768x576.jpg 768w, https:\/\/przylep.edu.pl\/przedszkole\/wp-content\/uploads\/2022\/11\/315062271_610657590749651_3532918467496463454_n-1536x1152.jpg 1536w, https:\/\/przylep.edu.pl\/przedszkole\/wp-content\/uploads\/2022\/11\/315062271_610657590749651_3532918467496463454_n-600x450.jpg 600w, https:\/\/przylep.edu.pl\/przedszkole\/wp-content\/uploads\/2022\/11\/315062271_610657590749651_3532918467496463454_n.jpg 2048w\" sizes=\"auto, (max-width: 1024px) 100vw, 1024px\" \/><\/figure>\n<\/figure>\n","protected":false},"excerpt":{"rendered":"<p>W poniedzia\u0142ek si\u00f3dmego listopada Przylep odwiedzi\u0142a magiczna gromada. Smoki, wr\u00f3\u017cki, rycerze i pieski Smoki, lwy i nawet kot niebieski. Przylecia\u0142y prosto z kartki, aby uczci\u0107 Dzie\u0144 Postaci z Bajki. Dzie\u0144 ten by\u0142 wspania\u0142y! Kino na dywanie, pokazy mody, a tak\u017ce pi\u0119kne opowiadanie. O bajkach, kt\u00f3re dzieci kochaj\u0105 i w swoich domach czytaj\u0105. Postacie zadanie swe [&hellip;]<\/p>\n","protected":false},"author":2,"featured_media":7913,"comment_status":"closed","ping_status":"open","sticky":false,"template":"","format":"standard","meta":{"footnotes":""},"categories":[45,41,40],"tags":[],"class_list":["post-7903","post","type-post","status-publish","format-standard","has-post-thumbnail","hentry","category-aktualnosci","category-galerie","category-strona-glowna"],"_links":{"self":[{"href":"https:\/\/przylep.edu.pl\/przedszkole\/wp-json\/wp\/v2\/posts\/7903","targetHints":{"allow":["GET"]}}],"collection":[{"href":"https:\/\/przylep.edu.pl\/przedszkole\/wp-json\/wp\/v2\/posts"}],"about":[{"href":"https:\/\/przylep.edu.pl\/przedszkole\/wp-json\/wp\/v2\/types\/post"}],"author":[{"embeddable":true,"href":"https:\/\/przylep.edu.pl\/przedszkole\/wp-json\/wp\/v2\/users\/2"}],"replies":[{"embeddable":true,"href":"https:\/\/przylep.edu.pl\/przedszkole\/wp-json\/wp\/v2\/comments?post=7903"}],"version-history":[{"count":1,"href":"https:\/\/przylep.edu.pl\/przedszkole\/wp-json\/wp\/v2\/posts\/7903\/revisions"}],"predecessor-version":[{"id":7914,"href":"https:\/\/przylep.edu.pl\/przedszkole\/wp-json\/wp\/v2\/posts\/7903\/revisions\/7914"}],"wp:featuredmedia":[{"embeddable":true,"href":"https:\/\/przylep.edu.pl\/przedszkole\/wp-json\/wp\/v2\/media\/7913"}],"wp:attachment":[{"href":"https:\/\/przylep.edu.pl\/przedszkole\/wp-json\/wp\/v2\/media?parent=7903"}],"wp:term":[{"taxonomy":"category","embeddable":true,"href":"https:\/\/przylep.edu.pl\/przedszkole\/wp-json\/wp\/v2\/categories?post=7903"},{"taxonomy":"post_tag","embeddable":true,"href":"https:\/\/przylep.edu.pl\/przedszkole\/wp-json\/wp\/v2\/tags?post=7903"}],"curies":[{"name":"wp","href":"https:\/\/api.w.org\/{rel}","templated":true}]}}