{"id":7890,"date":"2022-11-08T18:26:00","date_gmt":"2022-11-08T17:26:00","guid":{"rendered":"https:\/\/przylep.edu.pl\/przedszkole\/?p=7890"},"modified":"2022-11-13T18:35:26","modified_gmt":"2022-11-13T17:35:26","slug":"dzien-zdrowego-sniadania","status":"publish","type":"post","link":"https:\/\/przylep.edu.pl\/przedszkole\/2022\/11\/08\/dzien-zdrowego-sniadania\/","title":{"rendered":"Dzie\u0144 zdrowego \u015bniadania"},"content":{"rendered":"\n<p>Jak wiadomo \u015bniadanie jest najwa\u017cniejszym posi\u0142kiem dnia \u2013 wiedz\u0105 ju\u017c o tym dzieci w przedszkolu. Bowiem dzi\u0119ki niemu maj\u0105 si\u0142\u0119 i energi\u0119 do zabawy i nauki. Dlatego te\u017c 8 listopada \u015bwi\u0119towali\u015bmy Dzie\u0144 Zdrowego \u015aniadania. Dla przedszkolak\u00f3w by\u0142 to wyj\u0105tkowy dzie\u0144, poniewa\u017c samodzielnie mog\u0142y przygotowa\u0107 pyszne, zdrowe i kolorowe kanapki.\u00a0<br>Na sto\u0142ach znalaz\u0142y si\u0119 r\u00f3\u017cnego rodzaju pieczywo &#8211; jasne i ciemne, mas\u0142o, ser, w\u0119dliny, jajka, warzywa tj. sa\u0142ata, pomidor, og\u00f3rek, papryka, rzodkiewka.\u00a0 Ka\u017cdy m\u00f3g\u0142 wybra\u0107 sobie to co lubi i na co ma tylko ochot\u0119. Nawet najwi\u0119ksze niejadki nie ba\u0142y si\u0119 spr\u00f3bowa\u0107 nowych smak\u00f3w. A na kanapki zawita\u0142y motylki z pomidork\u00f3w, paj\u0105ki z papryki i rzodkiewki, \u015bmieszne postacie, kotki i pieski z szynki i z sera, a tak\u017ce inne zwierz\u0105tka i postacie. Tak bardzo podoba\u0142o si\u0119 nam robienie w\u0142asnych kanapek, \u017ce postanowili\u015bmy, i\u017c takie \u015bniadania b\u0119dziemy organizowa\u0107 raz w miesi\u0105cu.<\/p>\n\n\n\n<figure class=\"wp-block-gallery has-nested-images columns-default is-cropped wp-block-gallery-1 is-layout-flex wp-block-gallery-is-layout-flex\">\n<figure class=\"wp-block-image size-large\"><img loading=\"lazy\" decoding=\"async\" width=\"768\" height=\"1024\" data-id=\"7892\" src=\"https:\/\/przylep.edu.pl\/przedszkole\/wp-content\/uploads\/2022\/11\/314535722_1627096541056501_388658345455105858_n-768x1024.jpg\" alt=\"\" class=\"wp-image-7892\" srcset=\"https:\/\/przylep.edu.pl\/przedszkole\/wp-content\/uploads\/2022\/11\/314535722_1627096541056501_388658345455105858_n-768x1024.jpg 768w, https:\/\/przylep.edu.pl\/przedszkole\/wp-content\/uploads\/2022\/11\/314535722_1627096541056501_388658345455105858_n-225x300.jpg 225w, https:\/\/przylep.edu.pl\/przedszkole\/wp-content\/uploads\/2022\/11\/314535722_1627096541056501_388658345455105858_n-1152x1536.jpg 1152w, https:\/\/przylep.edu.pl\/przedszkole\/wp-content\/uploads\/2022\/11\/314535722_1627096541056501_388658345455105858_n.jpg 1536w\" sizes=\"auto, (max-width: 768px) 100vw, 768px\" \/><\/figure>\n\n\n\n<figure class=\"wp-block-image size-large\"><img loading=\"lazy\" decoding=\"async\" width=\"1024\" height=\"577\" data-id=\"7899\" src=\"https:\/\/przylep.edu.pl\/przedszkole\/wp-content\/uploads\/2022\/11\/315201076_860971478307340_6380342189388931454_n-1024x577.jpg\" alt=\"\" class=\"wp-image-7899\" srcset=\"https:\/\/przylep.edu.pl\/przedszkole\/wp-content\/uploads\/2022\/11\/315201076_860971478307340_6380342189388931454_n-1024x577.jpg 1024w, https:\/\/przylep.edu.pl\/przedszkole\/wp-content\/uploads\/2022\/11\/315201076_860971478307340_6380342189388931454_n-300x169.jpg 300w, https:\/\/przylep.edu.pl\/przedszkole\/wp-content\/uploads\/2022\/11\/315201076_860971478307340_6380342189388931454_n-768x433.jpg 768w, https:\/\/przylep.edu.pl\/przedszkole\/wp-content\/uploads\/2022\/11\/315201076_860971478307340_6380342189388931454_n-1536x865.jpg 1536w, https:\/\/przylep.edu.pl\/przedszkole\/wp-content\/uploads\/2022\/11\/315201076_860971478307340_6380342189388931454_n-2048x1154.jpg 2048w\" sizes=\"auto, (max-width: 1024px) 100vw, 1024px\" \/><\/figure>\n\n\n\n<figure class=\"wp-block-image size-large\"><img loading=\"lazy\" decoding=\"async\" width=\"765\" height=\"1024\" data-id=\"7896\" src=\"https:\/\/przylep.edu.pl\/przedszkole\/wp-content\/uploads\/2022\/11\/315202472_660597798846339_67993873127450918_n-765x1024.jpg\" alt=\"\" class=\"wp-image-7896\" srcset=\"https:\/\/przylep.edu.pl\/przedszkole\/wp-content\/uploads\/2022\/11\/315202472_660597798846339_67993873127450918_n-765x1024.jpg 765w, https:\/\/przylep.edu.pl\/przedszkole\/wp-content\/uploads\/2022\/11\/315202472_660597798846339_67993873127450918_n-224x300.jpg 224w, https:\/\/przylep.edu.pl\/przedszkole\/wp-content\/uploads\/2022\/11\/315202472_660597798846339_67993873127450918_n-768x1028.jpg 768w, https:\/\/przylep.edu.pl\/przedszkole\/wp-content\/uploads\/2022\/11\/315202472_660597798846339_67993873127450918_n-1148x1536.jpg 1148w, https:\/\/przylep.edu.pl\/przedszkole\/wp-content\/uploads\/2022\/11\/315202472_660597798846339_67993873127450918_n-1531x2048.jpg 1531w, https:\/\/przylep.edu.pl\/przedszkole\/wp-content\/uploads\/2022\/11\/315202472_660597798846339_67993873127450918_n-scaled.jpg 1913w\" sizes=\"auto, (max-width: 765px) 100vw, 765px\" \/><\/figure>\n\n\n\n<figure class=\"wp-block-image size-large\"><img loading=\"lazy\" decoding=\"async\" width=\"768\" height=\"1024\" data-id=\"7891\" src=\"https:\/\/przylep.edu.pl\/przedszkole\/wp-content\/uploads\/2022\/11\/315311531_1328136681292900_4174279685771240380_n-768x1024.jpg\" alt=\"\" class=\"wp-image-7891\" srcset=\"https:\/\/przylep.edu.pl\/przedszkole\/wp-content\/uploads\/2022\/11\/315311531_1328136681292900_4174279685771240380_n-768x1024.jpg 768w, https:\/\/przylep.edu.pl\/przedszkole\/wp-content\/uploads\/2022\/11\/315311531_1328136681292900_4174279685771240380_n-225x300.jpg 225w, https:\/\/przylep.edu.pl\/przedszkole\/wp-content\/uploads\/2022\/11\/315311531_1328136681292900_4174279685771240380_n-1152x1536.jpg 1152w, https:\/\/przylep.edu.pl\/przedszkole\/wp-content\/uploads\/2022\/11\/315311531_1328136681292900_4174279685771240380_n.jpg 1536w\" sizes=\"auto, (max-width: 768px) 100vw, 768px\" \/><\/figure>\n\n\n\n<figure class=\"wp-block-image size-large\"><img loading=\"lazy\" decoding=\"async\" width=\"765\" height=\"1024\" data-id=\"7894\" src=\"https:\/\/przylep.edu.pl\/przedszkole\/wp-content\/uploads\/2022\/11\/315331503_3531827790374482_846920927214165780_n-765x1024.jpg\" alt=\"\" class=\"wp-image-7894\" srcset=\"https:\/\/przylep.edu.pl\/przedszkole\/wp-content\/uploads\/2022\/11\/315331503_3531827790374482_846920927214165780_n-765x1024.jpg 765w, https:\/\/przylep.edu.pl\/przedszkole\/wp-content\/uploads\/2022\/11\/315331503_3531827790374482_846920927214165780_n-224x300.jpg 224w, https:\/\/przylep.edu.pl\/przedszkole\/wp-content\/uploads\/2022\/11\/315331503_3531827790374482_846920927214165780_n-768x1028.jpg 768w, https:\/\/przylep.edu.pl\/przedszkole\/wp-content\/uploads\/2022\/11\/315331503_3531827790374482_846920927214165780_n-1148x1536.jpg 1148w, https:\/\/przylep.edu.pl\/przedszkole\/wp-content\/uploads\/2022\/11\/315331503_3531827790374482_846920927214165780_n-1531x2048.jpg 1531w, https:\/\/przylep.edu.pl\/przedszkole\/wp-content\/uploads\/2022\/11\/315331503_3531827790374482_846920927214165780_n-scaled.jpg 1913w\" sizes=\"auto, (max-width: 765px) 100vw, 765px\" \/><\/figure>\n\n\n\n<figure class=\"wp-block-image size-large\"><img loading=\"lazy\" decoding=\"async\" width=\"765\" height=\"1024\" data-id=\"7895\" src=\"https:\/\/przylep.edu.pl\/przedszkole\/wp-content\/uploads\/2022\/11\/315351941_1182395762680775_6236850333793049814_n-765x1024.jpg\" alt=\"\" class=\"wp-image-7895\" srcset=\"https:\/\/przylep.edu.pl\/przedszkole\/wp-content\/uploads\/2022\/11\/315351941_1182395762680775_6236850333793049814_n-765x1024.jpg 765w, https:\/\/przylep.edu.pl\/przedszkole\/wp-content\/uploads\/2022\/11\/315351941_1182395762680775_6236850333793049814_n-224x300.jpg 224w, https:\/\/przylep.edu.pl\/przedszkole\/wp-content\/uploads\/2022\/11\/315351941_1182395762680775_6236850333793049814_n-768x1028.jpg 768w, https:\/\/przylep.edu.pl\/przedszkole\/wp-content\/uploads\/2022\/11\/315351941_1182395762680775_6236850333793049814_n-1148x1536.jpg 1148w, https:\/\/przylep.edu.pl\/przedszkole\/wp-content\/uploads\/2022\/11\/315351941_1182395762680775_6236850333793049814_n-1531x2048.jpg 1531w, https:\/\/przylep.edu.pl\/przedszkole\/wp-content\/uploads\/2022\/11\/315351941_1182395762680775_6236850333793049814_n-scaled.jpg 1913w\" sizes=\"auto, (max-width: 765px) 100vw, 765px\" \/><\/figure>\n\n\n\n<figure class=\"wp-block-image size-large\"><img loading=\"lazy\" decoding=\"async\" width=\"1024\" height=\"577\" data-id=\"7900\" src=\"https:\/\/przylep.edu.pl\/przedszkole\/wp-content\/uploads\/2022\/11\/315354337_642283574039575_8449993124930079462_n-1024x577.jpg\" alt=\"\" class=\"wp-image-7900\" srcset=\"https:\/\/przylep.edu.pl\/przedszkole\/wp-content\/uploads\/2022\/11\/315354337_642283574039575_8449993124930079462_n-1024x577.jpg 1024w, https:\/\/przylep.edu.pl\/przedszkole\/wp-content\/uploads\/2022\/11\/315354337_642283574039575_8449993124930079462_n-300x169.jpg 300w, https:\/\/przylep.edu.pl\/przedszkole\/wp-content\/uploads\/2022\/11\/315354337_642283574039575_8449993124930079462_n-768x433.jpg 768w, https:\/\/przylep.edu.pl\/przedszkole\/wp-content\/uploads\/2022\/11\/315354337_642283574039575_8449993124930079462_n-1536x865.jpg 1536w, https:\/\/przylep.edu.pl\/przedszkole\/wp-content\/uploads\/2022\/11\/315354337_642283574039575_8449993124930079462_n-2048x1154.jpg 2048w\" sizes=\"auto, (max-width: 1024px) 100vw, 1024px\" \/><\/figure>\n\n\n\n<figure class=\"wp-block-image size-large\"><img loading=\"lazy\" decoding=\"async\" width=\"765\" height=\"1024\" data-id=\"7893\" src=\"https:\/\/przylep.edu.pl\/przedszkole\/wp-content\/uploads\/2022\/11\/315441570_1101345210579132_2875387546122195545_n-765x1024.jpg\" alt=\"\" class=\"wp-image-7893\" srcset=\"https:\/\/przylep.edu.pl\/przedszkole\/wp-content\/uploads\/2022\/11\/315441570_1101345210579132_2875387546122195545_n-765x1024.jpg 765w, https:\/\/przylep.edu.pl\/przedszkole\/wp-content\/uploads\/2022\/11\/315441570_1101345210579132_2875387546122195545_n-224x300.jpg 224w, https:\/\/przylep.edu.pl\/przedszkole\/wp-content\/uploads\/2022\/11\/315441570_1101345210579132_2875387546122195545_n-768x1028.jpg 768w, https:\/\/przylep.edu.pl\/przedszkole\/wp-content\/uploads\/2022\/11\/315441570_1101345210579132_2875387546122195545_n-1148x1536.jpg 1148w, https:\/\/przylep.edu.pl\/przedszkole\/wp-content\/uploads\/2022\/11\/315441570_1101345210579132_2875387546122195545_n-1531x2048.jpg 1531w, https:\/\/przylep.edu.pl\/przedszkole\/wp-content\/uploads\/2022\/11\/315441570_1101345210579132_2875387546122195545_n-scaled.jpg 1913w\" sizes=\"auto, (max-width: 765px) 100vw, 765px\" \/><\/figure>\n\n\n\n<figure class=\"wp-block-image size-large\"><img loading=\"lazy\" decoding=\"async\" width=\"765\" height=\"1024\" data-id=\"7897\" src=\"https:\/\/przylep.edu.pl\/przedszkole\/wp-content\/uploads\/2022\/11\/315503744_685515382861349_4925908685114409919_n-765x1024.jpg\" alt=\"\" class=\"wp-image-7897\" srcset=\"https:\/\/przylep.edu.pl\/przedszkole\/wp-content\/uploads\/2022\/11\/315503744_685515382861349_4925908685114409919_n-765x1024.jpg 765w, https:\/\/przylep.edu.pl\/przedszkole\/wp-content\/uploads\/2022\/11\/315503744_685515382861349_4925908685114409919_n-224x300.jpg 224w, https:\/\/przylep.edu.pl\/przedszkole\/wp-content\/uploads\/2022\/11\/315503744_685515382861349_4925908685114409919_n-768x1028.jpg 768w, https:\/\/przylep.edu.pl\/przedszkole\/wp-content\/uploads\/2022\/11\/315503744_685515382861349_4925908685114409919_n-1148x1536.jpg 1148w, https:\/\/przylep.edu.pl\/przedszkole\/wp-content\/uploads\/2022\/11\/315503744_685515382861349_4925908685114409919_n-1531x2048.jpg 1531w, https:\/\/przylep.edu.pl\/przedszkole\/wp-content\/uploads\/2022\/11\/315503744_685515382861349_4925908685114409919_n-scaled.jpg 1913w\" sizes=\"auto, (max-width: 765px) 100vw, 765px\" \/><\/figure>\n<\/figure>\n","protected":false},"excerpt":{"rendered":"<p>Jak wiadomo \u015bniadanie jest najwa\u017cniejszym posi\u0142kiem dnia \u2013 wiedz\u0105 ju\u017c o tym dzieci w przedszkolu. Bowiem dzi\u0119ki niemu maj\u0105 si\u0142\u0119 i energi\u0119 do zabawy i nauki. Dlatego te\u017c 8 listopada \u015bwi\u0119towali\u015bmy Dzie\u0144 Zdrowego \u015aniadania. Dla przedszkolak\u00f3w by\u0142 to wyj\u0105tkowy dzie\u0144, poniewa\u017c samodzielnie mog\u0142y przygotowa\u0107 pyszne, zdrowe i kolorowe kanapki.\u00a0Na sto\u0142ach znalaz\u0142y si\u0119 r\u00f3\u017cnego rodzaju pieczywo [&hellip;]<\/p>\n","protected":false},"author":2,"featured_media":7901,"comment_status":"closed","ping_status":"open","sticky":false,"template":"","format":"standard","meta":{"footnotes":""},"categories":[45,41,40],"tags":[],"class_list":["post-7890","post","type-post","status-publish","format-standard","has-post-thumbnail","hentry","category-aktualnosci","category-galerie","category-strona-glowna"],"_links":{"self":[{"href":"https:\/\/przylep.edu.pl\/przedszkole\/wp-json\/wp\/v2\/posts\/7890","targetHints":{"allow":["GET"]}}],"collection":[{"href":"https:\/\/przylep.edu.pl\/przedszkole\/wp-json\/wp\/v2\/posts"}],"about":[{"href":"https:\/\/przylep.edu.pl\/przedszkole\/wp-json\/wp\/v2\/types\/post"}],"author":[{"embeddable":true,"href":"https:\/\/przylep.edu.pl\/przedszkole\/wp-json\/wp\/v2\/users\/2"}],"replies":[{"embeddable":true,"href":"https:\/\/przylep.edu.pl\/przedszkole\/wp-json\/wp\/v2\/comments?post=7890"}],"version-history":[{"count":1,"href":"https:\/\/przylep.edu.pl\/przedszkole\/wp-json\/wp\/v2\/posts\/7890\/revisions"}],"predecessor-version":[{"id":7902,"href":"https:\/\/przylep.edu.pl\/przedszkole\/wp-json\/wp\/v2\/posts\/7890\/revisions\/7902"}],"wp:featuredmedia":[{"embeddable":true,"href":"https:\/\/przylep.edu.pl\/przedszkole\/wp-json\/wp\/v2\/media\/7901"}],"wp:attachment":[{"href":"https:\/\/przylep.edu.pl\/przedszkole\/wp-json\/wp\/v2\/media?parent=7890"}],"wp:term":[{"taxonomy":"category","embeddable":true,"href":"https:\/\/przylep.edu.pl\/przedszkole\/wp-json\/wp\/v2\/categories?post=7890"},{"taxonomy":"post_tag","embeddable":true,"href":"https:\/\/przylep.edu.pl\/przedszkole\/wp-json\/wp\/v2\/tags?post=7890"}],"curies":[{"name":"wp","href":"https:\/\/api.w.org\/{rel}","templated":true}]}}