{"id":7873,"date":"2022-10-28T22:59:00","date_gmt":"2022-10-28T20:59:00","guid":{"rendered":"https:\/\/przylep.edu.pl\/przedszkole\/?p=7873"},"modified":"2022-11-06T08:18:00","modified_gmt":"2022-11-06T07:18:00","slug":"dyniowe-kompozycje-smakowe-i-kwiatowe","status":"publish","type":"post","link":"https:\/\/przylep.edu.pl\/przedszkole\/2022\/10\/28\/dyniowe-kompozycje-smakowe-i-kwiatowe\/","title":{"rendered":"Dyniowe kompozycje smakowe i kwiatowe"},"content":{"rendered":"\n<p class=\"has-text-align-left\">Podczas obchod\u00f3w \u015bwi\u0119ta dyni w naszej plac\u00f3wce odby\u0142a si\u0119 degustacja potraw przygotowanych przy u\u017cyciu dyni. Pomys\u0142owo\u015b\u0107 rodzic\u00f3w przeros\u0142a nasze i dzieci oczekiwania. By\u0142o w czym wybiera\u0107 i co degustowa\u0107. Ka\u017cdy ma\u0142y i du\u017cy znalaz\u0142 co\u015b smakowitego dla siebie. Rodzicom bardzo dzi\u0119kujemy za niesamowite doznania dla naszego podniebienia. <\/p>\n\n\n\n<p class=\"has-text-align-left\">Podczas dnia dyni odby\u0142 si\u0119 r\u00f3wnie\u017c przegl\u0105d prac dzieci, kt\u00f3re same lub z rodzicami, wykona\u0142y kompozycje kwiatowe w wydr\u0105\u017conych dyniach. Prace prezentowa\u0142y si\u0119 znakomicie. Rado\u015b\u0107 i duma dzieci w trakcie i po wykonaniu dzie\u0142 by\u0142a wielka. Gratulujemy zdolno\u015bci i czekamy na kolejne kreatywne dzia\u0142ania.<\/p>\n\n\n\n<figure class=\"wp-block-gallery has-nested-images columns-default is-cropped wp-block-gallery-1 is-layout-flex wp-block-gallery-is-layout-flex\">\n<figure class=\"wp-block-image size-large\"><img loading=\"lazy\" decoding=\"async\" width=\"771\" height=\"1024\" data-id=\"7878\" src=\"https:\/\/przylep.edu.pl\/przedszkole\/wp-content\/uploads\/2022\/11\/IMG20221028095014-771x1024.jpg\" alt=\"\" class=\"wp-image-7878\" srcset=\"https:\/\/przylep.edu.pl\/przedszkole\/wp-content\/uploads\/2022\/11\/IMG20221028095014-771x1024.jpg 771w, https:\/\/przylep.edu.pl\/przedszkole\/wp-content\/uploads\/2022\/11\/IMG20221028095014-226x300.jpg 226w, https:\/\/przylep.edu.pl\/przedszkole\/wp-content\/uploads\/2022\/11\/IMG20221028095014-768x1020.jpg 768w, https:\/\/przylep.edu.pl\/przedszkole\/wp-content\/uploads\/2022\/11\/IMG20221028095014-1157x1536.jpg 1157w, https:\/\/przylep.edu.pl\/przedszkole\/wp-content\/uploads\/2022\/11\/IMG20221028095014-1542x2048.jpg 1542w, https:\/\/przylep.edu.pl\/przedszkole\/wp-content\/uploads\/2022\/11\/IMG20221028095014-scaled.jpg 1928w\" sizes=\"auto, (max-width: 771px) 100vw, 771px\" \/><figcaption>W oczekiwaniu na przysmak- konsultacje<\/figcaption><\/figure>\n\n\n\n<figure class=\"wp-block-image size-large\"><img loading=\"lazy\" decoding=\"async\" width=\"771\" height=\"1024\" data-id=\"7880\" src=\"https:\/\/przylep.edu.pl\/przedszkole\/wp-content\/uploads\/2022\/11\/IMG20221028095012-771x1024.jpg\" alt=\"\" class=\"wp-image-7880\" srcset=\"https:\/\/przylep.edu.pl\/przedszkole\/wp-content\/uploads\/2022\/11\/IMG20221028095012-771x1024.jpg 771w, https:\/\/przylep.edu.pl\/przedszkole\/wp-content\/uploads\/2022\/11\/IMG20221028095012-226x300.jpg 226w, https:\/\/przylep.edu.pl\/przedszkole\/wp-content\/uploads\/2022\/11\/IMG20221028095012-768x1020.jpg 768w, https:\/\/przylep.edu.pl\/przedszkole\/wp-content\/uploads\/2022\/11\/IMG20221028095012-1157x1536.jpg 1157w, https:\/\/przylep.edu.pl\/przedszkole\/wp-content\/uploads\/2022\/11\/IMG20221028095012-1542x2048.jpg 1542w, https:\/\/przylep.edu.pl\/przedszkole\/wp-content\/uploads\/2022\/11\/IMG20221028095012-scaled.jpg 1928w\" sizes=\"auto, (max-width: 771px) 100vw, 771px\" \/><figcaption>Co tu wybra\u0107?<\/figcaption><\/figure>\n\n\n\n<figure class=\"wp-block-image size-large\"><img loading=\"lazy\" decoding=\"async\" width=\"1024\" height=\"771\" data-id=\"7881\" src=\"https:\/\/przylep.edu.pl\/przedszkole\/wp-content\/uploads\/2022\/11\/IMG20221028094823-1024x771.jpg\" alt=\"\" class=\"wp-image-7881\" srcset=\"https:\/\/przylep.edu.pl\/przedszkole\/wp-content\/uploads\/2022\/11\/IMG20221028094823-1024x771.jpg 1024w, https:\/\/przylep.edu.pl\/przedszkole\/wp-content\/uploads\/2022\/11\/IMG20221028094823-300x226.jpg 300w, https:\/\/przylep.edu.pl\/przedszkole\/wp-content\/uploads\/2022\/11\/IMG20221028094823-768x578.jpg 768w, https:\/\/przylep.edu.pl\/przedszkole\/wp-content\/uploads\/2022\/11\/IMG20221028094823-1536x1157.jpg 1536w, https:\/\/przylep.edu.pl\/przedszkole\/wp-content\/uploads\/2022\/11\/IMG20221028094823-2048x1542.jpg 2048w\" sizes=\"auto, (max-width: 1024px) 100vw, 1024px\" \/><figcaption>Najpierw jemy oczyma:)<\/figcaption><\/figure>\n\n\n\n<figure class=\"wp-block-image size-large\"><img loading=\"lazy\" decoding=\"async\" width=\"771\" height=\"1024\" data-id=\"7879\" src=\"https:\/\/przylep.edu.pl\/przedszkole\/wp-content\/uploads\/2022\/11\/IMG20221028105522-771x1024.jpg\" alt=\"\" class=\"wp-image-7879\" srcset=\"https:\/\/przylep.edu.pl\/przedszkole\/wp-content\/uploads\/2022\/11\/IMG20221028105522-771x1024.jpg 771w, https:\/\/przylep.edu.pl\/przedszkole\/wp-content\/uploads\/2022\/11\/IMG20221028105522-226x300.jpg 226w, https:\/\/przylep.edu.pl\/przedszkole\/wp-content\/uploads\/2022\/11\/IMG20221028105522-768x1020.jpg 768w, https:\/\/przylep.edu.pl\/przedszkole\/wp-content\/uploads\/2022\/11\/IMG20221028105522-1157x1536.jpg 1157w, https:\/\/przylep.edu.pl\/przedszkole\/wp-content\/uploads\/2022\/11\/IMG20221028105522-1542x2048.jpg 1542w, https:\/\/przylep.edu.pl\/przedszkole\/wp-content\/uploads\/2022\/11\/IMG20221028105522-scaled.jpg 1928w\" sizes=\"auto, (max-width: 771px) 100vw, 771px\" \/><figcaption>Wszystkie r\u0119ce na pok\u0142ad<\/figcaption><\/figure>\n\n\n\n<figure class=\"wp-block-image size-large\"><img loading=\"lazy\" decoding=\"async\" width=\"1024\" height=\"771\" data-id=\"7877\" src=\"https:\/\/przylep.edu.pl\/przedszkole\/wp-content\/uploads\/2022\/11\/IMG20221028094811-1024x771.jpg\" alt=\"\" class=\"wp-image-7877\" srcset=\"https:\/\/przylep.edu.pl\/przedszkole\/wp-content\/uploads\/2022\/11\/IMG20221028094811-1024x771.jpg 1024w, https:\/\/przylep.edu.pl\/przedszkole\/wp-content\/uploads\/2022\/11\/IMG20221028094811-300x226.jpg 300w, https:\/\/przylep.edu.pl\/przedszkole\/wp-content\/uploads\/2022\/11\/IMG20221028094811-768x578.jpg 768w, https:\/\/przylep.edu.pl\/przedszkole\/wp-content\/uploads\/2022\/11\/IMG20221028094811-1536x1157.jpg 1536w, https:\/\/przylep.edu.pl\/przedszkole\/wp-content\/uploads\/2022\/11\/IMG20221028094811-2048x1542.jpg 2048w\" sizes=\"auto, (max-width: 1024px) 100vw, 1024px\" \/><figcaption>Niesamowita r\u00f3\u017cnorodno\u015b\u0107 potraw z dyni<\/figcaption><\/figure>\n\n\n\n<figure class=\"wp-block-image size-large\"><img loading=\"lazy\" decoding=\"async\" width=\"1024\" height=\"771\" data-id=\"7886\" src=\"https:\/\/przylep.edu.pl\/przedszkole\/wp-content\/uploads\/2022\/11\/IMG20221028163857-1024x771.jpg\" alt=\"\" class=\"wp-image-7886\" srcset=\"https:\/\/przylep.edu.pl\/przedszkole\/wp-content\/uploads\/2022\/11\/IMG20221028163857-1024x771.jpg 1024w, https:\/\/przylep.edu.pl\/przedszkole\/wp-content\/uploads\/2022\/11\/IMG20221028163857-300x226.jpg 300w, https:\/\/przylep.edu.pl\/przedszkole\/wp-content\/uploads\/2022\/11\/IMG20221028163857-768x578.jpg 768w, https:\/\/przylep.edu.pl\/przedszkole\/wp-content\/uploads\/2022\/11\/IMG20221028163857-1536x1157.jpg 1536w, https:\/\/przylep.edu.pl\/przedszkole\/wp-content\/uploads\/2022\/11\/IMG20221028163857-2048x1542.jpg 2048w\" sizes=\"auto, (max-width: 1024px) 100vw, 1024px\" \/><figcaption>Stworki dyniowe zdobi\u0142y wej\u015bcie do plac\u00f3wki<\/figcaption><\/figure>\n\n\n\n<figure class=\"wp-block-image size-large\"><img loading=\"lazy\" decoding=\"async\" width=\"1024\" height=\"771\" data-id=\"7884\" src=\"https:\/\/przylep.edu.pl\/przedszkole\/wp-content\/uploads\/2022\/11\/IMG20221028163850-1024x771.jpg\" alt=\"\" class=\"wp-image-7884\" srcset=\"https:\/\/przylep.edu.pl\/przedszkole\/wp-content\/uploads\/2022\/11\/IMG20221028163850-1024x771.jpg 1024w, https:\/\/przylep.edu.pl\/przedszkole\/wp-content\/uploads\/2022\/11\/IMG20221028163850-300x226.jpg 300w, https:\/\/przylep.edu.pl\/przedszkole\/wp-content\/uploads\/2022\/11\/IMG20221028163850-768x578.jpg 768w, https:\/\/przylep.edu.pl\/przedszkole\/wp-content\/uploads\/2022\/11\/IMG20221028163850-1536x1157.jpg 1536w, https:\/\/przylep.edu.pl\/przedszkole\/wp-content\/uploads\/2022\/11\/IMG20221028163850-2048x1542.jpg 2048w\" sizes=\"auto, (max-width: 1024px) 100vw, 1024px\" \/><figcaption>Stworki dekoruj\u0105 nasz\u0105 przestrze\u0144.<\/figcaption><\/figure>\n\n\n\n<figure class=\"wp-block-image size-large\"><img loading=\"lazy\" decoding=\"async\" width=\"1024\" height=\"771\" data-id=\"7875\" src=\"https:\/\/przylep.edu.pl\/przedszkole\/wp-content\/uploads\/2022\/11\/IMG20221027100715-1024x771.jpg\" alt=\"\" class=\"wp-image-7875\" srcset=\"https:\/\/przylep.edu.pl\/przedszkole\/wp-content\/uploads\/2022\/11\/IMG20221027100715-1024x771.jpg 1024w, https:\/\/przylep.edu.pl\/przedszkole\/wp-content\/uploads\/2022\/11\/IMG20221027100715-300x226.jpg 300w, https:\/\/przylep.edu.pl\/przedszkole\/wp-content\/uploads\/2022\/11\/IMG20221027100715-768x578.jpg 768w, https:\/\/przylep.edu.pl\/przedszkole\/wp-content\/uploads\/2022\/11\/IMG20221027100715-1536x1157.jpg 1536w, https:\/\/przylep.edu.pl\/przedszkole\/wp-content\/uploads\/2022\/11\/IMG20221027100715-2048x1542.jpg 2048w\" sizes=\"auto, (max-width: 1024px) 100vw, 1024px\" \/><figcaption>MAciej ze swoj\u0105 kompozycj\u0105<\/figcaption><\/figure>\n\n\n\n<figure class=\"wp-block-image size-large\"><img loading=\"lazy\" decoding=\"async\" width=\"1024\" height=\"771\" data-id=\"7883\" src=\"https:\/\/przylep.edu.pl\/przedszkole\/wp-content\/uploads\/2022\/11\/IMG20221027092449-1024x771.jpg\" alt=\"\" class=\"wp-image-7883\" srcset=\"https:\/\/przylep.edu.pl\/przedszkole\/wp-content\/uploads\/2022\/11\/IMG20221027092449-1024x771.jpg 1024w, https:\/\/przylep.edu.pl\/przedszkole\/wp-content\/uploads\/2022\/11\/IMG20221027092449-300x226.jpg 300w, https:\/\/przylep.edu.pl\/przedszkole\/wp-content\/uploads\/2022\/11\/IMG20221027092449-768x578.jpg 768w, https:\/\/przylep.edu.pl\/przedszkole\/wp-content\/uploads\/2022\/11\/IMG20221027092449-1536x1157.jpg 1536w, https:\/\/przylep.edu.pl\/przedszkole\/wp-content\/uploads\/2022\/11\/IMG20221027092449-2048x1542.jpg 2048w\" sizes=\"auto, (max-width: 1024px) 100vw, 1024px\" \/><figcaption>Trzecioklasi\u015bci przy pracy<\/figcaption><\/figure>\n\n\n\n<figure class=\"wp-block-image size-large\"><img loading=\"lazy\" decoding=\"async\" width=\"1024\" height=\"771\" data-id=\"7882\" src=\"https:\/\/przylep.edu.pl\/przedszkole\/wp-content\/uploads\/2022\/11\/IMG20221027092425-1024x771.jpg\" alt=\"\" class=\"wp-image-7882\" srcset=\"https:\/\/przylep.edu.pl\/przedszkole\/wp-content\/uploads\/2022\/11\/IMG20221027092425-1024x771.jpg 1024w, https:\/\/przylep.edu.pl\/przedszkole\/wp-content\/uploads\/2022\/11\/IMG20221027092425-300x226.jpg 300w, https:\/\/przylep.edu.pl\/przedszkole\/wp-content\/uploads\/2022\/11\/IMG20221027092425-768x578.jpg 768w, https:\/\/przylep.edu.pl\/przedszkole\/wp-content\/uploads\/2022\/11\/IMG20221027092425-1536x1157.jpg 1536w, https:\/\/przylep.edu.pl\/przedszkole\/wp-content\/uploads\/2022\/11\/IMG20221027092425-2048x1542.jpg 2048w\" sizes=\"auto, (max-width: 1024px) 100vw, 1024px\" \/><figcaption>Tworzenie, wymiana materia\u0142\u00f3w, pomoc.<\/figcaption><\/figure>\n\n\n\n<figure class=\"wp-block-image size-large\"><img loading=\"lazy\" decoding=\"async\" width=\"1024\" height=\"771\" data-id=\"7885\" src=\"https:\/\/przylep.edu.pl\/przedszkole\/wp-content\/uploads\/2022\/11\/IMG20221027100348-1024x771.jpg\" alt=\"\" class=\"wp-image-7885\" srcset=\"https:\/\/przylep.edu.pl\/przedszkole\/wp-content\/uploads\/2022\/11\/IMG20221027100348-1024x771.jpg 1024w, https:\/\/przylep.edu.pl\/przedszkole\/wp-content\/uploads\/2022\/11\/IMG20221027100348-300x226.jpg 300w, https:\/\/przylep.edu.pl\/przedszkole\/wp-content\/uploads\/2022\/11\/IMG20221027100348-768x578.jpg 768w, https:\/\/przylep.edu.pl\/przedszkole\/wp-content\/uploads\/2022\/11\/IMG20221027100348-1536x1157.jpg 1536w, https:\/\/przylep.edu.pl\/przedszkole\/wp-content\/uploads\/2022\/11\/IMG20221027100348-2048x1542.jpg 2048w\" sizes=\"auto, (max-width: 1024px) 100vw, 1024px\" \/><figcaption>Efekt ko\u0144cowy pracy Ewy<\/figcaption><\/figure>\n\n\n\n<figure class=\"wp-block-image size-large\"><img loading=\"lazy\" decoding=\"async\" width=\"1024\" height=\"771\" data-id=\"7876\" src=\"https:\/\/przylep.edu.pl\/przedszkole\/wp-content\/uploads\/2022\/11\/IMG20221027100311-1024x771.jpg\" alt=\"\" class=\"wp-image-7876\" srcset=\"https:\/\/przylep.edu.pl\/przedszkole\/wp-content\/uploads\/2022\/11\/IMG20221027100311-1024x771.jpg 1024w, https:\/\/przylep.edu.pl\/przedszkole\/wp-content\/uploads\/2022\/11\/IMG20221027100311-300x226.jpg 300w, https:\/\/przylep.edu.pl\/przedszkole\/wp-content\/uploads\/2022\/11\/IMG20221027100311-768x578.jpg 768w, https:\/\/przylep.edu.pl\/przedszkole\/wp-content\/uploads\/2022\/11\/IMG20221027100311-1536x1157.jpg 1536w, https:\/\/przylep.edu.pl\/przedszkole\/wp-content\/uploads\/2022\/11\/IMG20221027100311-2048x1542.jpg 2048w\" sizes=\"auto, (max-width: 1024px) 100vw, 1024px\" \/><figcaption>Wiktoria na tle wszystkich kompozycji.<\/figcaption><\/figure>\n<figcaption class=\"blocks-gallery-caption\">Dyniowe potrawy i kompozycje<\/figcaption><\/figure>\n\n\n\n<p><\/p>\n","protected":false},"excerpt":{"rendered":"<p>Podczas obchod\u00f3w \u015bwi\u0119ta dyni w naszej plac\u00f3wce odby\u0142a si\u0119 degustacja potraw przygotowanych przy u\u017cyciu dyni. Pomys\u0142owo\u015b\u0107 rodzic\u00f3w przeros\u0142a nasze i dzieci oczekiwania. By\u0142o w czym wybiera\u0107 i co degustowa\u0107. Ka\u017cdy ma\u0142y i du\u017cy znalaz\u0142 co\u015b smakowitego dla siebie. Rodzicom bardzo dzi\u0119kujemy za niesamowite doznania dla naszego podniebienia. Podczas dnia dyni odby\u0142 si\u0119 r\u00f3wnie\u017c przegl\u0105d prac [&hellip;]<\/p>\n","protected":false},"author":2,"featured_media":7874,"comment_status":"closed","ping_status":"open","sticky":false,"template":"","format":"standard","meta":{"footnotes":""},"categories":[45,40],"tags":[],"class_list":["post-7873","post","type-post","status-publish","format-standard","has-post-thumbnail","hentry","category-aktualnosci","category-strona-glowna"],"_links":{"self":[{"href":"https:\/\/przylep.edu.pl\/przedszkole\/wp-json\/wp\/v2\/posts\/7873","targetHints":{"allow":["GET"]}}],"collection":[{"href":"https:\/\/przylep.edu.pl\/przedszkole\/wp-json\/wp\/v2\/posts"}],"about":[{"href":"https:\/\/przylep.edu.pl\/przedszkole\/wp-json\/wp\/v2\/types\/post"}],"author":[{"embeddable":true,"href":"https:\/\/przylep.edu.pl\/przedszkole\/wp-json\/wp\/v2\/users\/2"}],"replies":[{"embeddable":true,"href":"https:\/\/przylep.edu.pl\/przedszkole\/wp-json\/wp\/v2\/comments?post=7873"}],"version-history":[{"count":3,"href":"https:\/\/przylep.edu.pl\/przedszkole\/wp-json\/wp\/v2\/posts\/7873\/revisions"}],"predecessor-version":[{"id":7889,"href":"https:\/\/przylep.edu.pl\/przedszkole\/wp-json\/wp\/v2\/posts\/7873\/revisions\/7889"}],"wp:featuredmedia":[{"embeddable":true,"href":"https:\/\/przylep.edu.pl\/przedszkole\/wp-json\/wp\/v2\/media\/7874"}],"wp:attachment":[{"href":"https:\/\/przylep.edu.pl\/przedszkole\/wp-json\/wp\/v2\/media?parent=7873"}],"wp:term":[{"taxonomy":"category","embeddable":true,"href":"https:\/\/przylep.edu.pl\/przedszkole\/wp-json\/wp\/v2\/categories?post=7873"},{"taxonomy":"post_tag","embeddable":true,"href":"https:\/\/przylep.edu.pl\/przedszkole\/wp-json\/wp\/v2\/tags?post=7873"}],"curies":[{"name":"wp","href":"https:\/\/api.w.org\/{rel}","templated":true}]}}